{"id":6196,"date":"2026-01-30T15:25:22","date_gmt":"2026-01-30T14:25:22","guid":{"rendered":"https:\/\/utwstarachowice.pl\/?p=6196"},"modified":"2026-02-08T17:48:08","modified_gmt":"2026-02-08T16:48:08","slug":"kroka-historia-uniwersytetu-trzeciego-wieku-w-starachowicach","status":"publish","type":"post","link":"https:\/\/utwstarachowice.pl\/?p=6196","title":{"rendered":"KR\u00d3TKA HISTORIA UNIWERSYTETU TRZECIEGO WIEKU W STARACHOWICACH"},"content":{"rendered":"\n<figure class=\"wp-block-image size-thumbnail\"><img loading=\"lazy\" decoding=\"async\" width=\"150\" height=\"150\" src=\"https:\/\/utwstarachowice.pl\/wp-content\/uploads\/2026\/01\/cropped-logo_utw-4-150x150.png\" alt=\"\" class=\"wp-image-6264\" srcset=\"https:\/\/utwstarachowice.pl\/wp-content\/uploads\/2026\/01\/cropped-logo_utw-4-150x150.png 150w, https:\/\/utwstarachowice.pl\/wp-content\/uploads\/2026\/01\/cropped-logo_utw-4-300x300.png 300w, https:\/\/utwstarachowice.pl\/wp-content\/uploads\/2026\/01\/cropped-logo_utw-4.png 512w\" sizes=\"(max-width: 150px) 100vw, 150px\" \/><\/figure>\n\n\n\n<p>Pierwsze spotkanie os\u00f3b zainteresowanych dzia\u0142alno\u015bci\u0105 UTW zosta\u0142o zorganizowane w Miejskiej Bibliotece Publicznej w Starachowicach z siedzib\u0105 przy ul. Kochanowskiego 5.<br>Na tym spotkaniu zdecydowano o powo\u0142aniu zespo\u0142u organizacyjnego a w wyniku g\u0142osowania wy\u0142oniono Komitet Za\u0142o\u017cycielski, ustanowiono organa statutowe: Zarz\u0105d i Komisj\u0119 Rewizyjn\u0105.<br>Powo\u0142anie do \u017cycia Uniwersytetu Trzeciego Wieku w Starachowicach sta\u0142o si\u0119 faktem. <strong>Zosta\u0142 oficjalnie zarejestrowany w KRS w dniu 7 listopada 2007 roku.<\/strong><br>Inauguracja pierwszego roku akademickiego odby\u0142a si\u0119 <strong>10 listopada 2007 roku<\/strong> w Sali \u201eOlimpia\u201d Urz\u0119du Miasta Starachowice.<\/p>\n\n\n\n<p><strong>Mgr Janina Cwalina \u2013 Krajewska<\/strong> , nasza nestorka, nale\u017ca\u0142a do grupy za\u0142o\u017cycielskiej UTW w Starachowicach, by\u0142a cz\u0142onkini\u0105 pierwszego zarz\u0105du UTW i cz\u0142onkini\u0105 rady programowej. Prowadzi\u0142a sekcj\u0119 ekologiczn\u0105 i psychotroniczn\u0105. By\u0142a wsp\u00f3\u0142za\u0142o\u017cycielk\u0105, pierwszym re\u017cyserem i autork\u0105 tekst\u00f3w \u201eKabaretu z R\u00f3\u017c\u0105\u201d. Wsp\u00f3\u0142organizowa\u0142a wiele spotka\u0144 z kultur\u0105. Nadal pisze wiersze. W bie\u017c\u0105cym roku sko\u0144czy 106 lat.<\/p>\n\n\n\n<div class=\"wp-block-columns is-layout-flex wp-container-core-columns-is-layout-1 wp-block-columns-is-layout-flex\">\n<div class=\"wp-block-column is-layout-flow wp-block-column-is-layout-flow\" style=\"flex-basis:33.34%\">\n<figure class=\"wp-block-gallery has-nested-images columns-default is-cropped wp-block-gallery-1 is-layout-flex wp-block-gallery-is-layout-flex\">\n<figure class=\"wp-block-image size-large\"><a href=\"https:\/\/utwstarachowice.pl\/wp-content\/uploads\/2026\/01\/Bez-tytulu-2.png\" target=\"_blank\" rel=\"noopener\"><img loading=\"lazy\" decoding=\"async\" width=\"571\" height=\"646\" src=\"https:\/\/utwstarachowice.pl\/wp-content\/uploads\/2026\/01\/Bez-tytulu-2.png\" alt=\"\" class=\"wp-image-6211\" srcset=\"https:\/\/utwstarachowice.pl\/wp-content\/uploads\/2026\/01\/Bez-tytulu-2.png 571w, https:\/\/utwstarachowice.pl\/wp-content\/uploads\/2026\/01\/Bez-tytulu-2-265x300.png 265w\" sizes=\"(max-width: 571px) 100vw, 571px\" \/><\/a><figcaption class=\"wp-element-caption\">Janina Cwalina &#8211; Krajewska<\/figcaption><\/figure>\n<\/figure>\n<\/div>\n\n\n\n<div class=\"wp-block-column is-layout-flow wp-block-column-is-layout-flow\" style=\"flex-basis:33.34%\"><\/div>\n\n\n\n<div class=\"wp-block-column is-layout-flow wp-block-column-is-layout-flow\" style=\"flex-basis:33.33%\"><\/div>\n<\/div>\n\n\n\n<figure class=\"wp-block-gallery has-nested-images columns-default is-cropped wp-block-gallery-2 is-layout-flex wp-block-gallery-is-layout-flex\">\n<figure class=\"wp-block-image size-full\"><a href=\"https:\/\/utwstarachowice.pl\/wp-content\/uploads\/2026\/01\/Bez-tytulu1.png\" target=\"_blank\" rel=\"noopener\"><img loading=\"lazy\" decoding=\"async\" width=\"998\" height=\"589\" data-id=\"6210\" src=\"https:\/\/utwstarachowice.pl\/wp-content\/uploads\/2026\/01\/Bez-tytulu1.png\" alt=\"\" class=\"wp-image-6210\" srcset=\"https:\/\/utwstarachowice.pl\/wp-content\/uploads\/2026\/01\/Bez-tytulu1.png 998w, https:\/\/utwstarachowice.pl\/wp-content\/uploads\/2026\/01\/Bez-tytulu1-300x177.png 300w, https:\/\/utwstarachowice.pl\/wp-content\/uploads\/2026\/01\/Bez-tytulu1-768x453.png 768w\" sizes=\"(max-width: 998px) 100vw, 998px\" \/><\/a><figcaption class=\"wp-element-caption\">Janina Cwalina &#8211;  Krajewska , Jerzy Krawczyk, Wies\u0142awa P\u0119czek<\/figcaption><\/figure>\n<\/figure>\n\n\n\n<p><br>W pi\u0119tnastym roku naszej dzia\u0142alno\u015bci w ramach naszego uniwersytetu dzia\u0142a\u0142y: <strong>Sekcja Edukacji Obywatelskiej w ramach kt\u00f3rej powstawa\u0142 Ogr\u00f3d Spo\u0142eczno\u015bciowy, Sekcja Literacka, Sekcja Historyczna, Sekcja Geograficzno \u2013 Turystyczna, Sekcja Literacka, Sekcja Przyrodnicza, Sekcja Psychologiczna, Sekcja Informatyczna.<\/strong><\/p>\n\n\n\n<div class=\"wp-block-columns is-layout-flex wp-container-core-columns-is-layout-2 wp-block-columns-is-layout-flex\">\n<div class=\"wp-block-column is-layout-flow wp-block-column-is-layout-flow\" style=\"flex-basis:50%\">\n<figure class=\"wp-block-gallery has-nested-images columns-3 is-cropped wp-block-gallery-3 is-layout-flex wp-block-gallery-is-layout-flex\">\n<figure class=\"wp-block-image size-medium\"><a href=\"https:\/\/utwstarachowice.pl\/wp-content\/uploads\/2026\/01\/PSYCHOLOGIA-1.png\" target=\"_blank\" rel=\"noopener\"><img loading=\"lazy\" decoding=\"async\" width=\"300\" height=\"161\" src=\"https:\/\/utwstarachowice.pl\/wp-content\/uploads\/2026\/01\/PSYCHOLOGIA-1-300x161.png\" alt=\"\" class=\"wp-image-6243\" srcset=\"https:\/\/utwstarachowice.pl\/wp-content\/uploads\/2026\/01\/PSYCHOLOGIA-1-300x161.png 300w, https:\/\/utwstarachowice.pl\/wp-content\/uploads\/2026\/01\/PSYCHOLOGIA-1-1024x548.png 1024w, https:\/\/utwstarachowice.pl\/wp-content\/uploads\/2026\/01\/PSYCHOLOGIA-1-768x411.png 768w, https:\/\/utwstarachowice.pl\/wp-content\/uploads\/2026\/01\/PSYCHOLOGIA-1.png 1239w\" sizes=\"(max-width: 300px) 100vw, 300px\" \/><\/a><figcaption class=\"wp-element-caption\"><strong>Sekcja Psychologiczna<\/strong><\/figcaption><\/figure>\n\n\n\n<figure class=\"wp-block-image size-medium\"><a href=\"https:\/\/utwstarachowice.pl\/wp-content\/uploads\/2026\/01\/PRZYRODA-1.png\" target=\"_blank\" rel=\"noopener\"><img loading=\"lazy\" decoding=\"async\" width=\"300\" height=\"136\" src=\"https:\/\/utwstarachowice.pl\/wp-content\/uploads\/2026\/01\/PRZYRODA-1-300x136.png\" alt=\"\" class=\"wp-image-6242\" srcset=\"https:\/\/utwstarachowice.pl\/wp-content\/uploads\/2026\/01\/PRZYRODA-1-300x136.png 300w, https:\/\/utwstarachowice.pl\/wp-content\/uploads\/2026\/01\/PRZYRODA-1-1024x466.png 1024w, https:\/\/utwstarachowice.pl\/wp-content\/uploads\/2026\/01\/PRZYRODA-1-768x349.png 768w, https:\/\/utwstarachowice.pl\/wp-content\/uploads\/2026\/01\/PRZYRODA-1.png 1311w\" sizes=\"(max-width: 300px) 100vw, 300px\" \/><\/a><figcaption class=\"wp-element-caption\"><strong>Sekcja Przyrodnicza<\/strong><\/figcaption><\/figure>\n\n\n\n<figure class=\"wp-block-image size-medium\"><a href=\"https:\/\/utwstarachowice.pl\/wp-content\/uploads\/2026\/01\/OGROD-SPOLECZNOSCIOWY-1.png\" target=\"_blank\" rel=\"noopener\"><img loading=\"lazy\" decoding=\"async\" width=\"300\" height=\"199\" src=\"https:\/\/utwstarachowice.pl\/wp-content\/uploads\/2026\/01\/OGROD-SPOLECZNOSCIOWY-1-300x199.png\" alt=\"\" class=\"wp-image-6241\" srcset=\"https:\/\/utwstarachowice.pl\/wp-content\/uploads\/2026\/01\/OGROD-SPOLECZNOSCIOWY-1-300x199.png 300w, https:\/\/utwstarachowice.pl\/wp-content\/uploads\/2026\/01\/OGROD-SPOLECZNOSCIOWY-1-768x509.png 768w, https:\/\/utwstarachowice.pl\/wp-content\/uploads\/2026\/01\/OGROD-SPOLECZNOSCIOWY-1.png 975w\" sizes=\"(max-width: 300px) 100vw, 300px\" \/><\/a><figcaption class=\"wp-element-caption\"><strong>Ogr\u00f3d Spo\u0142eczno\u015bciowy<\/strong><\/figcaption><\/figure>\n\n\n\n<figure class=\"wp-block-image size-medium\"><a href=\"https:\/\/utwstarachowice.pl\/wp-content\/uploads\/2026\/01\/OBYWATELSKA-Z-BABICKIM-1.png\" target=\"_blank\" rel=\"noopener\"><img loading=\"lazy\" decoding=\"async\" width=\"300\" height=\"160\" src=\"https:\/\/utwstarachowice.pl\/wp-content\/uploads\/2026\/01\/OBYWATELSKA-Z-BABICKIM-1-300x160.png\" alt=\"\" class=\"wp-image-6240\" srcset=\"https:\/\/utwstarachowice.pl\/wp-content\/uploads\/2026\/01\/OBYWATELSKA-Z-BABICKIM-1-300x160.png 300w, https:\/\/utwstarachowice.pl\/wp-content\/uploads\/2026\/01\/OBYWATELSKA-Z-BABICKIM-1-768x410.png 768w, https:\/\/utwstarachowice.pl\/wp-content\/uploads\/2026\/01\/OBYWATELSKA-Z-BABICKIM-1.png 887w\" sizes=\"(max-width: 300px) 100vw, 300px\" \/><\/a><figcaption class=\"wp-element-caption\"><strong>Sekcja Obywatlelska<\/strong><\/figcaption><\/figure>\n\n\n\n<figure class=\"wp-block-image size-medium\"><a href=\"https:\/\/utwstarachowice.pl\/wp-content\/uploads\/2026\/01\/LITERATURA-1.png\" target=\"_blank\" rel=\"noopener\"><img loading=\"lazy\" decoding=\"async\" width=\"300\" height=\"158\" src=\"https:\/\/utwstarachowice.pl\/wp-content\/uploads\/2026\/01\/LITERATURA-1-300x158.png\" alt=\"\" class=\"wp-image-6239\" srcset=\"https:\/\/utwstarachowice.pl\/wp-content\/uploads\/2026\/01\/LITERATURA-1-300x158.png 300w, https:\/\/utwstarachowice.pl\/wp-content\/uploads\/2026\/01\/LITERATURA-1-1024x538.png 1024w, https:\/\/utwstarachowice.pl\/wp-content\/uploads\/2026\/01\/LITERATURA-1-768x404.png 768w, https:\/\/utwstarachowice.pl\/wp-content\/uploads\/2026\/01\/LITERATURA-1.png 1035w\" sizes=\"(max-width: 300px) 100vw, 300px\" \/><\/a><figcaption class=\"wp-element-caption\"><strong>Sekcja Poetycko Literacka<\/strong><\/figcaption><\/figure>\n\n\n\n<figure class=\"wp-block-image size-medium\"><a href=\"https:\/\/utwstarachowice.pl\/wp-content\/uploads\/2026\/01\/INFORMATYKA-1.png\" target=\"_blank\" rel=\"noopener\"><img loading=\"lazy\" decoding=\"async\" width=\"300\" height=\"144\" src=\"https:\/\/utwstarachowice.pl\/wp-content\/uploads\/2026\/01\/INFORMATYKA-1-300x144.png\" alt=\"\" class=\"wp-image-6238\" srcset=\"https:\/\/utwstarachowice.pl\/wp-content\/uploads\/2026\/01\/INFORMATYKA-1-300x144.png 300w, https:\/\/utwstarachowice.pl\/wp-content\/uploads\/2026\/01\/INFORMATYKA-1-768x369.png 768w, https:\/\/utwstarachowice.pl\/wp-content\/uploads\/2026\/01\/INFORMATYKA-1.png 1005w\" sizes=\"(max-width: 300px) 100vw, 300px\" \/><\/a><figcaption class=\"wp-element-caption\"><strong>Sekcja Informatyczna<\/strong><\/figcaption><\/figure>\n\n\n\n<figure class=\"wp-block-image size-medium\"><a href=\"https:\/\/utwstarachowice.pl\/wp-content\/uploads\/2026\/01\/GEOGRAFIA-1.png\" target=\"_blank\" rel=\"noopener\"><img loading=\"lazy\" decoding=\"async\" width=\"300\" height=\"189\" src=\"https:\/\/utwstarachowice.pl\/wp-content\/uploads\/2026\/01\/GEOGRAFIA-1-300x189.png\" alt=\"\" class=\"wp-image-6237\" srcset=\"https:\/\/utwstarachowice.pl\/wp-content\/uploads\/2026\/01\/GEOGRAFIA-1-300x189.png 300w, https:\/\/utwstarachowice.pl\/wp-content\/uploads\/2026\/01\/GEOGRAFIA-1-768x485.png 768w, https:\/\/utwstarachowice.pl\/wp-content\/uploads\/2026\/01\/GEOGRAFIA-1.png 947w\" sizes=\"(max-width: 300px) 100vw, 300px\" \/><\/a><figcaption class=\"wp-element-caption\"><strong>Sekcja Geograficzno &#8211; Turystyczna<\/strong><\/figcaption><\/figure>\n\n\n\n<figure class=\"wp-block-image size-medium\"><a href=\"https:\/\/utwstarachowice.pl\/wp-content\/uploads\/2026\/01\/Bez-tytulu-7.png\" target=\"_blank\" rel=\"noopener\"><img loading=\"lazy\" decoding=\"async\" width=\"300\" height=\"124\" src=\"https:\/\/utwstarachowice.pl\/wp-content\/uploads\/2026\/01\/Bez-tytulu-7-300x124.png\" alt=\"\" class=\"wp-image-6236\" srcset=\"https:\/\/utwstarachowice.pl\/wp-content\/uploads\/2026\/01\/Bez-tytulu-7-300x124.png 300w, https:\/\/utwstarachowice.pl\/wp-content\/uploads\/2026\/01\/Bez-tytulu-7-1024x425.png 1024w, https:\/\/utwstarachowice.pl\/wp-content\/uploads\/2026\/01\/Bez-tytulu-7-768x319.png 768w, https:\/\/utwstarachowice.pl\/wp-content\/uploads\/2026\/01\/Bez-tytulu-7.png 1032w\" sizes=\"(max-width: 300px) 100vw, 300px\" \/><\/a><figcaption class=\"wp-element-caption\"><strong>Sekcja Obywatelska<\/strong><\/figcaption><\/figure>\n<\/figure>\n<\/div>\n\n\n\n<div class=\"wp-block-column is-layout-flow wp-block-column-is-layout-flow\" style=\"flex-basis:50%\"><\/div>\n<\/div>\n\n\n\n<p>Poszerzali\u015bmy nasze kompetencje j\u0119zykowe uczestnicz\u0105c w <strong>lektoratach j\u0119zyka angielskiego, niemieckiego, rosyjskiego i w\u0142oskiego.<\/strong><\/p>\n\n\n\n<p><\/p>\n\n\n\n<figure class=\"wp-block-gallery has-nested-images columns-default is-cropped wp-block-gallery-4 is-layout-flex wp-block-gallery-is-layout-flex\">\n<figure class=\"wp-block-image size-large\"><a href=\"https:\/\/utwstarachowice.pl\/wp-content\/uploads\/2026\/01\/WLOSKI.png\" target=\"_blank\" rel=\"noopener\"><img loading=\"lazy\" decoding=\"async\" width=\"1024\" height=\"592\" data-id=\"6225\" src=\"https:\/\/utwstarachowice.pl\/wp-content\/uploads\/2026\/01\/WLOSKI-1024x592.png\" alt=\"\" class=\"wp-image-6225\" srcset=\"https:\/\/utwstarachowice.pl\/wp-content\/uploads\/2026\/01\/WLOSKI-1024x592.png 1024w, https:\/\/utwstarachowice.pl\/wp-content\/uploads\/2026\/01\/WLOSKI-300x174.png 300w, https:\/\/utwstarachowice.pl\/wp-content\/uploads\/2026\/01\/WLOSKI-768x444.png 768w, https:\/\/utwstarachowice.pl\/wp-content\/uploads\/2026\/01\/WLOSKI.png 1046w\" sizes=\"(max-width: 1024px) 100vw, 1024px\" \/><\/a><figcaption class=\"wp-element-caption\"><strong>J\u0119zyk w\u0142oski<\/strong><\/figcaption><\/figure>\n\n\n\n<figure class=\"wp-block-image size-large\"><a href=\"https:\/\/utwstarachowice.pl\/wp-content\/uploads\/2026\/01\/ROSYJSKI.png\" target=\"_blank\" rel=\"noopener\"><img loading=\"lazy\" decoding=\"async\" width=\"1024\" height=\"534\" data-id=\"6224\" src=\"https:\/\/utwstarachowice.pl\/wp-content\/uploads\/2026\/01\/ROSYJSKI-1024x534.png\" alt=\"\" class=\"wp-image-6224\" srcset=\"https:\/\/utwstarachowice.pl\/wp-content\/uploads\/2026\/01\/ROSYJSKI-1024x534.png 1024w, https:\/\/utwstarachowice.pl\/wp-content\/uploads\/2026\/01\/ROSYJSKI-300x156.png 300w, https:\/\/utwstarachowice.pl\/wp-content\/uploads\/2026\/01\/ROSYJSKI-768x401.png 768w, https:\/\/utwstarachowice.pl\/wp-content\/uploads\/2026\/01\/ROSYJSKI.png 1181w\" sizes=\"(max-width: 1024px) 100vw, 1024px\" \/><\/a><figcaption class=\"wp-element-caption\"><strong>J\u0119zyk rosyjski<\/strong><\/figcaption><\/figure>\n\n\n\n<figure class=\"wp-block-image size-large\"><a href=\"https:\/\/utwstarachowice.pl\/wp-content\/uploads\/2026\/01\/NIEMIECKI.png\" target=\"_blank\" rel=\"noopener\"><img loading=\"lazy\" decoding=\"async\" width=\"1024\" height=\"519\" data-id=\"6223\" src=\"https:\/\/utwstarachowice.pl\/wp-content\/uploads\/2026\/01\/NIEMIECKI-1024x519.png\" alt=\"\" class=\"wp-image-6223\" srcset=\"https:\/\/utwstarachowice.pl\/wp-content\/uploads\/2026\/01\/NIEMIECKI-1024x519.png 1024w, https:\/\/utwstarachowice.pl\/wp-content\/uploads\/2026\/01\/NIEMIECKI-300x152.png 300w, https:\/\/utwstarachowice.pl\/wp-content\/uploads\/2026\/01\/NIEMIECKI-768x389.png 768w, https:\/\/utwstarachowice.pl\/wp-content\/uploads\/2026\/01\/NIEMIECKI.png 1173w\" sizes=\"(max-width: 1024px) 100vw, 1024px\" \/><\/a><figcaption class=\"wp-element-caption\"><strong>J\u0119zyk niemiecki<\/strong><\/figcaption><\/figure>\n\n\n\n<figure class=\"wp-block-image size-large\"><a href=\"https:\/\/utwstarachowice.pl\/wp-content\/uploads\/2026\/01\/ANG.png\" target=\"_blank\" rel=\"noopener\"><img loading=\"lazy\" decoding=\"async\" width=\"969\" height=\"386\" data-id=\"6222\" src=\"https:\/\/utwstarachowice.pl\/wp-content\/uploads\/2026\/01\/ANG.png\" alt=\"\" class=\"wp-image-6222\" srcset=\"https:\/\/utwstarachowice.pl\/wp-content\/uploads\/2026\/01\/ANG.png 969w, https:\/\/utwstarachowice.pl\/wp-content\/uploads\/2026\/01\/ANG-300x120.png 300w, https:\/\/utwstarachowice.pl\/wp-content\/uploads\/2026\/01\/ANG-768x306.png 768w\" sizes=\"(max-width: 969px) 100vw, 969px\" \/><\/a><figcaption class=\"wp-element-caption\"><strong>J\u0119zyk angielski<\/strong><\/figcaption><\/figure>\n<\/figure>\n\n\n\n<p><\/p>\n\n\n\n<p>Potrzeba wyra\u017cania siebie, tworzenia i dzielenia si\u0119 rado\u015bci\u0105 tw\u00f3rcy, wymiana do\u015bwiadcze\u0144 sta\u0142y si\u0119 szans\u0105 realizacji marze\u0144 i pog\u0142\u0119biania warsztatu artystycznego. Dzia\u0142a\u0142y Sekcja Teatralna            <strong>\u201e SCENA UTW\u201d<\/strong>, Zesp\u00f3\u0142 Wokalny<strong> \u201eSREBRNE NUTY\u201d<\/strong>, Sekcja Artystyczno \u2013 Techniczna <strong>\u201eNIESPOKOJNE R\u0118CE\u201d<\/strong>, <strong>Kabaret z R\u00f3\u017c\u0105<\/strong>. W Sekcji Poetyckiej <strong>\u201eFENIKS\u201d<\/strong> powstawa\u0142y pi\u0119kne wiersze a jej uczestnicy doskonalili sw\u00f3j warsztat tw\u00f3rczy.<\/p>\n\n\n\n<figure class=\"wp-block-gallery has-nested-images columns-default is-cropped wp-block-gallery-5 is-layout-flex wp-block-gallery-is-layout-flex\">\n<figure class=\"wp-block-image size-large\"><a href=\"https:\/\/utwstarachowice.pl\/wp-content\/uploads\/2026\/01\/Bez-tytulu-10.png\" target=\"_blank\" rel=\"noopener\"><img loading=\"lazy\" decoding=\"async\" width=\"1024\" height=\"363\" data-id=\"6251\" src=\"https:\/\/utwstarachowice.pl\/wp-content\/uploads\/2026\/01\/Bez-tytulu-10-1024x363.png\" alt=\"\" class=\"wp-image-6251\" srcset=\"https:\/\/utwstarachowice.pl\/wp-content\/uploads\/2026\/01\/Bez-tytulu-10-1024x363.png 1024w, https:\/\/utwstarachowice.pl\/wp-content\/uploads\/2026\/01\/Bez-tytulu-10-300x106.png 300w, https:\/\/utwstarachowice.pl\/wp-content\/uploads\/2026\/01\/Bez-tytulu-10-768x272.png 768w, https:\/\/utwstarachowice.pl\/wp-content\/uploads\/2026\/01\/Bez-tytulu-10-1536x544.png 1536w, https:\/\/utwstarachowice.pl\/wp-content\/uploads\/2026\/01\/Bez-tytulu-10.png 1779w\" sizes=\"(max-width: 1024px) 100vw, 1024px\" \/><\/a><figcaption class=\"wp-element-caption\"><strong>Kabaret z R\u00f3\u017c\u0105<\/strong><\/figcaption><\/figure>\n\n\n\n<figure class=\"wp-block-image size-large\"><a href=\"https:\/\/utwstarachowice.pl\/wp-content\/uploads\/2026\/01\/Bez-tytulu-8.png\" target=\"_blank\" rel=\"noopener\"><img loading=\"lazy\" decoding=\"async\" width=\"1024\" height=\"783\" data-id=\"6248\" src=\"https:\/\/utwstarachowice.pl\/wp-content\/uploads\/2026\/01\/Bez-tytulu-8-1024x783.png\" alt=\"\" class=\"wp-image-6248\" srcset=\"https:\/\/utwstarachowice.pl\/wp-content\/uploads\/2026\/01\/Bez-tytulu-8-1024x783.png 1024w, https:\/\/utwstarachowice.pl\/wp-content\/uploads\/2026\/01\/Bez-tytulu-8-300x229.png 300w, https:\/\/utwstarachowice.pl\/wp-content\/uploads\/2026\/01\/Bez-tytulu-8-768x587.png 768w, https:\/\/utwstarachowice.pl\/wp-content\/uploads\/2026\/01\/Bez-tytulu-8.png 1044w\" sizes=\"(max-width: 1024px) 100vw, 1024px\" \/><\/a><figcaption class=\"wp-element-caption\"><strong>Scena Teatralna  UTW<\/strong><\/figcaption><\/figure>\n\n\n\n<figure class=\"wp-block-image size-large\"><a href=\"https:\/\/utwstarachowice.pl\/wp-content\/uploads\/2026\/01\/Bez-tytulu-4.png\" target=\"_blank\" rel=\"noopener\"><img loading=\"lazy\" decoding=\"async\" width=\"1024\" height=\"323\" data-id=\"6227\" src=\"https:\/\/utwstarachowice.pl\/wp-content\/uploads\/2026\/01\/Bez-tytulu-4-1024x323.png\" alt=\"\" class=\"wp-image-6227\" srcset=\"https:\/\/utwstarachowice.pl\/wp-content\/uploads\/2026\/01\/Bez-tytulu-4-1024x323.png 1024w, https:\/\/utwstarachowice.pl\/wp-content\/uploads\/2026\/01\/Bez-tytulu-4-300x94.png 300w, https:\/\/utwstarachowice.pl\/wp-content\/uploads\/2026\/01\/Bez-tytulu-4-768x242.png 768w, https:\/\/utwstarachowice.pl\/wp-content\/uploads\/2026\/01\/Bez-tytulu-4-1536x484.png 1536w, https:\/\/utwstarachowice.pl\/wp-content\/uploads\/2026\/01\/Bez-tytulu-4.png 1616w\" sizes=\"(max-width: 1024px) 100vw, 1024px\" \/><\/a><figcaption class=\"wp-element-caption\"><strong>Zesp\u00f3\u0142 Wokalny &#8222;Srebrne Nuty&#8221;<\/strong><\/figcaption><\/figure>\n\n\n\n<figure class=\"wp-block-image size-large\"><a href=\"https:\/\/utwstarachowice.pl\/wp-content\/uploads\/2026\/01\/Bez-tytulu-3.png\" target=\"_blank\" rel=\"noopener\"><img loading=\"lazy\" decoding=\"async\" width=\"1024\" height=\"499\" data-id=\"6226\" src=\"https:\/\/utwstarachowice.pl\/wp-content\/uploads\/2026\/01\/Bez-tytulu-3-1024x499.png\" alt=\"\" class=\"wp-image-6226\" srcset=\"https:\/\/utwstarachowice.pl\/wp-content\/uploads\/2026\/01\/Bez-tytulu-3-1024x499.png 1024w, https:\/\/utwstarachowice.pl\/wp-content\/uploads\/2026\/01\/Bez-tytulu-3-300x146.png 300w, https:\/\/utwstarachowice.pl\/wp-content\/uploads\/2026\/01\/Bez-tytulu-3-768x374.png 768w, https:\/\/utwstarachowice.pl\/wp-content\/uploads\/2026\/01\/Bez-tytulu-3.png 1262w\" sizes=\"(max-width: 1024px) 100vw, 1024px\" \/><\/a><figcaption class=\"wp-element-caption\"><strong>Sekcja Plastyczno &#8211; Techniczna &#8222;Niespokojne r\u0119ce&#8221;<\/strong><\/figcaption><\/figure>\n<\/figure>\n\n\n\n<p><\/p>\n\n\n\n<p>W <strong>Sekcji Fotograficznej<\/strong> pasjonaci fotografowania zamykali mijaj\u0105ce chwile w pojedynczych kadrach i zg\u0142\u0119biali arkana fotografowania. Dzia\u0142a\u0142 <strong>Dyskusyjny Klub Filmowy \u201eMA\u0141E KINO\u201d<\/strong> kt\u00f3rego funkcjonowanie przerwa\u0142a pandemia COVID-19.<\/p>\n\n\n\n<p><strong>DYSKUSYJNY KLUB KSI\u0104\u017bKI\u00a0<\/strong> kreowa\u0142 mod\u0119 na czytanie, promowa\u0142 aktywny udzia\u0142 w \u017cyciu literackim. Istot\u0105 DKK by\u0142o za\u0142o\u017cenie, \u017ce czerpa\u0107 przyjemno\u015b\u0107 z dyskutowania o literaturze mo\u017cna zawsze, nie tylko b\u0119d\u0105c jej znawc\u0105 czy krytykiem.<\/p>\n\n\n\n<p>Dbali\u015bmy o kondycj\u0119 fizyczn\u0105 uczestnicz\u0105c w zaj\u0119ciach <strong>zumby, aqua fitness, jogi, gimnastyki.<\/strong><\/p>\n\n\n\n<figure class=\"wp-block-gallery has-nested-images columns-default is-cropped wp-block-gallery-6 is-layout-flex wp-block-gallery-is-layout-flex\">\n<figure class=\"wp-block-image size-large\"><a href=\"https:\/\/utwstarachowice.pl\/wp-content\/uploads\/2026\/01\/ZUMBA-2022.png\" target=\"_blank\" rel=\"noopener\"><img loading=\"lazy\" decoding=\"async\" width=\"1024\" height=\"632\" data-id=\"6247\" src=\"https:\/\/utwstarachowice.pl\/wp-content\/uploads\/2026\/01\/ZUMBA-2022-1024x632.png\" alt=\"\" class=\"wp-image-6247\" srcset=\"https:\/\/utwstarachowice.pl\/wp-content\/uploads\/2026\/01\/ZUMBA-2022-1024x632.png 1024w, https:\/\/utwstarachowice.pl\/wp-content\/uploads\/2026\/01\/ZUMBA-2022-300x185.png 300w, https:\/\/utwstarachowice.pl\/wp-content\/uploads\/2026\/01\/ZUMBA-2022-768x474.png 768w, https:\/\/utwstarachowice.pl\/wp-content\/uploads\/2026\/01\/ZUMBA-2022-1536x949.png 1536w, https:\/\/utwstarachowice.pl\/wp-content\/uploads\/2026\/01\/ZUMBA-2022.png 1893w\" sizes=\"(max-width: 1024px) 100vw, 1024px\" \/><\/a><figcaption class=\"wp-element-caption\"><strong>Zumba w amfiteatrze Parku Kultury<\/strong><\/figcaption><\/figure>\n\n\n\n<figure class=\"wp-block-image size-large\"><a href=\"https:\/\/utwstarachowice.pl\/wp-content\/uploads\/2026\/01\/JOGA.png\" target=\"_blank\" rel=\"noopener\"><img loading=\"lazy\" decoding=\"async\" width=\"1024\" height=\"539\" data-id=\"6246\" src=\"https:\/\/utwstarachowice.pl\/wp-content\/uploads\/2026\/01\/JOGA-1024x539.png\" alt=\"\" class=\"wp-image-6246\" srcset=\"https:\/\/utwstarachowice.pl\/wp-content\/uploads\/2026\/01\/JOGA-1024x539.png 1024w, https:\/\/utwstarachowice.pl\/wp-content\/uploads\/2026\/01\/JOGA-300x158.png 300w, https:\/\/utwstarachowice.pl\/wp-content\/uploads\/2026\/01\/JOGA-768x404.png 768w, https:\/\/utwstarachowice.pl\/wp-content\/uploads\/2026\/01\/JOGA.png 1064w\" sizes=\"(max-width: 1024px) 100vw, 1024px\" \/><\/a><figcaption class=\"wp-element-caption\"><strong>Joga<\/strong><\/figcaption><\/figure>\n\n\n\n<figure class=\"wp-block-image size-large\"><a href=\"https:\/\/utwstarachowice.pl\/wp-content\/uploads\/2026\/01\/GIMNASTYKA.png\" target=\"_blank\" rel=\"noopener\"><img loading=\"lazy\" decoding=\"async\" width=\"1024\" height=\"439\" data-id=\"6245\" src=\"https:\/\/utwstarachowice.pl\/wp-content\/uploads\/2026\/01\/GIMNASTYKA-1024x439.png\" alt=\"\" class=\"wp-image-6245\" srcset=\"https:\/\/utwstarachowice.pl\/wp-content\/uploads\/2026\/01\/GIMNASTYKA-1024x439.png 1024w, https:\/\/utwstarachowice.pl\/wp-content\/uploads\/2026\/01\/GIMNASTYKA-300x129.png 300w, https:\/\/utwstarachowice.pl\/wp-content\/uploads\/2026\/01\/GIMNASTYKA-768x329.png 768w, https:\/\/utwstarachowice.pl\/wp-content\/uploads\/2026\/01\/GIMNASTYKA.png 1138w\" sizes=\"(max-width: 1024px) 100vw, 1024px\" \/><\/a><figcaption class=\"wp-element-caption\"><strong>Gimnastyka<\/strong><\/figcaption><\/figure>\n\n\n\n<figure class=\"wp-block-image size-large\"><a href=\"https:\/\/utwstarachowice.pl\/wp-content\/uploads\/2026\/01\/AQUA.png\" target=\"_blank\" rel=\"noopener\"><img loading=\"lazy\" decoding=\"async\" width=\"844\" height=\"470\" data-id=\"6244\" src=\"https:\/\/utwstarachowice.pl\/wp-content\/uploads\/2026\/01\/AQUA.png\" alt=\"\" class=\"wp-image-6244\" srcset=\"https:\/\/utwstarachowice.pl\/wp-content\/uploads\/2026\/01\/AQUA.png 844w, https:\/\/utwstarachowice.pl\/wp-content\/uploads\/2026\/01\/AQUA-300x167.png 300w, https:\/\/utwstarachowice.pl\/wp-content\/uploads\/2026\/01\/AQUA-768x428.png 768w\" sizes=\"(max-width: 844px) 100vw, 844px\" \/><\/a><figcaption class=\"wp-element-caption\"><strong>Aqua aerobik<\/strong><\/figcaption><\/figure>\n<\/figure>\n\n\n\n<p><\/p>\n\n\n\n<p>Ko\u0142o<strong> PTTK<\/strong> przy Uniwersytecie Trzeciego Wieku w Starachowicach organizowa\u0142o i wsp\u00f3\u0142organizowa\u0142o w\u0119dr\u00f3wki piesze, zloty i z\u0142azy. W\u0119drowali bez wzgl\u0119du na pogod\u0119 i por\u0119 roku. Jego cz\u0142onkowie poznawali pi\u0119kno wielu zak\u0105tk\u00f3w naszego regionu.<\/p>\n\n\n\n<figure class=\"wp-block-gallery has-nested-images columns-default is-cropped wp-block-gallery-7 is-layout-flex wp-block-gallery-is-layout-flex\">\n<figure class=\"wp-block-image size-large\"><a href=\"https:\/\/utwstarachowice.pl\/wp-content\/uploads\/2026\/01\/Skan_20260130-22.png\" target=\"_blank\" rel=\"noopener\"><img loading=\"lazy\" decoding=\"async\" width=\"1024\" height=\"765\" data-id=\"6229\" src=\"https:\/\/utwstarachowice.pl\/wp-content\/uploads\/2026\/01\/Skan_20260130-22-1024x765.png\" alt=\"\" class=\"wp-image-6229\" srcset=\"https:\/\/utwstarachowice.pl\/wp-content\/uploads\/2026\/01\/Skan_20260130-22-1024x765.png 1024w, https:\/\/utwstarachowice.pl\/wp-content\/uploads\/2026\/01\/Skan_20260130-22-300x224.png 300w, https:\/\/utwstarachowice.pl\/wp-content\/uploads\/2026\/01\/Skan_20260130-22-768x574.png 768w, https:\/\/utwstarachowice.pl\/wp-content\/uploads\/2026\/01\/Skan_20260130-22-1536x1148.png 1536w, https:\/\/utwstarachowice.pl\/wp-content\/uploads\/2026\/01\/Skan_20260130-22.png 1912w\" sizes=\"(max-width: 1024px) 100vw, 1024px\" \/><\/a><\/figure>\n\n\n\n<figure class=\"wp-block-image size-large\"><a href=\"https:\/\/utwstarachowice.pl\/wp-content\/uploads\/2026\/01\/1.png\" target=\"_blank\" rel=\"noopener\"><img loading=\"lazy\" decoding=\"async\" width=\"986\" height=\"553\" data-id=\"6218\" src=\"https:\/\/utwstarachowice.pl\/wp-content\/uploads\/2026\/01\/1.png\" alt=\"\" class=\"wp-image-6218\" srcset=\"https:\/\/utwstarachowice.pl\/wp-content\/uploads\/2026\/01\/1.png 986w, https:\/\/utwstarachowice.pl\/wp-content\/uploads\/2026\/01\/1-300x168.png 300w, https:\/\/utwstarachowice.pl\/wp-content\/uploads\/2026\/01\/1-768x431.png 768w\" sizes=\"(max-width: 986px) 100vw, 986px\" \/><\/a><\/figure>\n<\/figure>\n\n\n\n<p><\/p>\n\n\n\n<p>S\u0142uchacze Uniwersytetu Trzeciego Wieku w Starachowicach aktywnie uczestniczyli w r\u00f3\u017cnorodnych wydarzeniach kulturalnych w naszym mie\u015bcie. Organizowali i wsp\u00f3\u0142organizowali spotkania integracyjne \u2013 bardzo cz\u0119sto mi\u0119dzypokoleniowe.\u00a0 Wsp\u00f3\u0142dzia\u0142ali\u015bmy z innymi Uniwersytetami Trzeciego Wieku w regionie. Ch\u0119tnie i aktywnie wspierali\u015bmy dzia\u0142ania o charakterze filantropijnym, pomocowym i prospo\u0142ecznym. <\/p>\n\n\n\n<figure class=\"wp-block-gallery has-nested-images columns-default is-cropped wp-block-gallery-8 is-layout-flex wp-block-gallery-is-layout-flex\">\n<figure class=\"wp-block-image size-large\"><img loading=\"lazy\" decoding=\"async\" width=\"1024\" height=\"456\" data-id=\"6249\" src=\"https:\/\/utwstarachowice.pl\/wp-content\/uploads\/2026\/01\/Bez-tytulu-9-1024x456.png\" alt=\"\" class=\"wp-image-6249\" srcset=\"https:\/\/utwstarachowice.pl\/wp-content\/uploads\/2026\/01\/Bez-tytulu-9-1024x456.png 1024w, https:\/\/utwstarachowice.pl\/wp-content\/uploads\/2026\/01\/Bez-tytulu-9-300x133.png 300w, https:\/\/utwstarachowice.pl\/wp-content\/uploads\/2026\/01\/Bez-tytulu-9-768x342.png 768w, https:\/\/utwstarachowice.pl\/wp-content\/uploads\/2026\/01\/Bez-tytulu-9.png 1479w\" sizes=\"(max-width: 1024px) 100vw, 1024px\" \/><figcaption class=\"wp-element-caption\"><strong>Wielka Orkiestra \u015awi\u0105tecznej Pomocy<\/strong><\/figcaption><\/figure>\n\n\n\n<figure class=\"wp-block-image size-large\"><img loading=\"lazy\" decoding=\"async\" width=\"1024\" height=\"473\" data-id=\"6250\" src=\"https:\/\/utwstarachowice.pl\/wp-content\/uploads\/2026\/01\/SPRZATANIE-SWIATA-1024x473.png\" alt=\"\" class=\"wp-image-6250\" srcset=\"https:\/\/utwstarachowice.pl\/wp-content\/uploads\/2026\/01\/SPRZATANIE-SWIATA-1024x473.png 1024w, https:\/\/utwstarachowice.pl\/wp-content\/uploads\/2026\/01\/SPRZATANIE-SWIATA-300x139.png 300w, https:\/\/utwstarachowice.pl\/wp-content\/uploads\/2026\/01\/SPRZATANIE-SWIATA-768x355.png 768w, https:\/\/utwstarachowice.pl\/wp-content\/uploads\/2026\/01\/SPRZATANIE-SWIATA.png 1310w\" sizes=\"(max-width: 1024px) 100vw, 1024px\" \/><figcaption class=\"wp-element-caption\"><strong>Sprz\u0105tanie \u015awiata<\/strong><\/figcaption><\/figure>\n\n\n\n<figure class=\"wp-block-image size-large\"><img loading=\"lazy\" decoding=\"async\" width=\"1024\" height=\"537\" data-id=\"6219\" src=\"https:\/\/utwstarachowice.pl\/wp-content\/uploads\/2026\/01\/LAGOW-1024x537.png\" alt=\"\" class=\"wp-image-6219\" srcset=\"https:\/\/utwstarachowice.pl\/wp-content\/uploads\/2026\/01\/LAGOW-1024x537.png 1024w, https:\/\/utwstarachowice.pl\/wp-content\/uploads\/2026\/01\/LAGOW-300x157.png 300w, https:\/\/utwstarachowice.pl\/wp-content\/uploads\/2026\/01\/LAGOW-768x402.png 768w, https:\/\/utwstarachowice.pl\/wp-content\/uploads\/2026\/01\/LAGOW.png 1334w\" sizes=\"(max-width: 1024px) 100vw, 1024px\" \/><figcaption class=\"wp-element-caption\"><strong>UTW \u0141ag\u00f3w<\/strong><\/figcaption><\/figure>\n\n\n\n<figure class=\"wp-block-image size-large\"><img loading=\"lazy\" decoding=\"async\" width=\"1024\" height=\"555\" data-id=\"6220\" src=\"https:\/\/utwstarachowice.pl\/wp-content\/uploads\/2026\/01\/1-1-1024x555.png\" alt=\"\" class=\"wp-image-6220\" srcset=\"https:\/\/utwstarachowice.pl\/wp-content\/uploads\/2026\/01\/1-1-1024x555.png 1024w, https:\/\/utwstarachowice.pl\/wp-content\/uploads\/2026\/01\/1-1-300x162.png 300w, https:\/\/utwstarachowice.pl\/wp-content\/uploads\/2026\/01\/1-1-768x416.png 768w, https:\/\/utwstarachowice.pl\/wp-content\/uploads\/2026\/01\/1-1.png 1226w\" sizes=\"(max-width: 1024px) 100vw, 1024px\" \/><figcaption class=\"wp-element-caption\"><strong>Senioriada<\/strong><\/figcaption><\/figure>\n\n\n\n<figure class=\"wp-block-image size-large\"><img loading=\"lazy\" decoding=\"async\" width=\"1024\" height=\"582\" data-id=\"6221\" src=\"https:\/\/utwstarachowice.pl\/wp-content\/uploads\/2026\/01\/Z-SP-10-1024x582.png\" alt=\"\" class=\"wp-image-6221\" srcset=\"https:\/\/utwstarachowice.pl\/wp-content\/uploads\/2026\/01\/Z-SP-10-1024x582.png 1024w, https:\/\/utwstarachowice.pl\/wp-content\/uploads\/2026\/01\/Z-SP-10-300x170.png 300w, https:\/\/utwstarachowice.pl\/wp-content\/uploads\/2026\/01\/Z-SP-10-768x436.png 768w, https:\/\/utwstarachowice.pl\/wp-content\/uploads\/2026\/01\/Z-SP-10.png 1146w\" sizes=\"(max-width: 1024px) 100vw, 1024px\" \/><figcaption class=\"wp-element-caption\"><strong>Dla Niepodleg\u0142ej &#8211; monta\u017c s\u0142owno &#8211; muzyczny  przygotowany wraz z uczniami SP nr 10<\/strong><\/figcaption><\/figure>\n<\/figure>\n\n\n\n<p><\/p>\n\n\n\n<p>\u00a0W naszych strukturach aktywnie dzia\u0142a\u0142 <strong>Samorz\u0105d Studencki<\/strong>. Dokonali\u015bmy kilku publikacji poetyckich. Cz\u0119sto \u201ego\u015bcili\u015bmy\u201d na \u0142amach lokalnej i regionalnej prasy, w radio ESKA.<\/p>\n\n\n\n<figure class=\"wp-block-gallery has-nested-images columns-default is-cropped wp-block-gallery-9 is-layout-flex wp-block-gallery-is-layout-flex\">\n<figure class=\"wp-block-image size-large\"><a href=\"https:\/\/utwstarachowice.pl\/wp-content\/uploads\/2026\/01\/WESOLO-U-SENIOROW.png\" target=\"_blank\" rel=\"noopener\"><img loading=\"lazy\" decoding=\"async\" width=\"866\" height=\"979\" data-id=\"6234\" src=\"https:\/\/utwstarachowice.pl\/wp-content\/uploads\/2026\/01\/WESOLO-U-SENIOROW.png\" alt=\"\" class=\"wp-image-6234\" srcset=\"https:\/\/utwstarachowice.pl\/wp-content\/uploads\/2026\/01\/WESOLO-U-SENIOROW.png 866w, https:\/\/utwstarachowice.pl\/wp-content\/uploads\/2026\/01\/WESOLO-U-SENIOROW-265x300.png 265w, https:\/\/utwstarachowice.pl\/wp-content\/uploads\/2026\/01\/WESOLO-U-SENIOROW-768x868.png 768w\" sizes=\"(max-width: 866px) 100vw, 866px\" \/><\/a><figcaption class=\"wp-element-caption\"><strong>Artyku\u0142 prasowy<\/strong><\/figcaption><\/figure>\n\n\n\n<figure class=\"wp-block-image size-large\"><a href=\"https:\/\/utwstarachowice.pl\/wp-content\/uploads\/2026\/01\/PROMOCJA-TOMIKU.png\" target=\"_blank\" rel=\"noopener\"><img loading=\"lazy\" decoding=\"async\" width=\"934\" height=\"383\" data-id=\"6232\" src=\"https:\/\/utwstarachowice.pl\/wp-content\/uploads\/2026\/01\/PROMOCJA-TOMIKU.png\" alt=\"\" class=\"wp-image-6232\" srcset=\"https:\/\/utwstarachowice.pl\/wp-content\/uploads\/2026\/01\/PROMOCJA-TOMIKU.png 934w, https:\/\/utwstarachowice.pl\/wp-content\/uploads\/2026\/01\/PROMOCJA-TOMIKU-300x123.png 300w, https:\/\/utwstarachowice.pl\/wp-content\/uploads\/2026\/01\/PROMOCJA-TOMIKU-768x315.png 768w\" sizes=\"(max-width: 934px) 100vw, 934px\" \/><\/a><figcaption class=\"wp-element-caption\"><strong>Promocja tomiku poetyckiego<\/strong><\/figcaption><\/figure>\n\n\n\n<figure class=\"wp-block-image size-large\"><a href=\"https:\/\/utwstarachowice.pl\/wp-content\/uploads\/2026\/01\/MARZENIA-NIE-IDA.png\" target=\"_blank\" rel=\"noopener\"><img loading=\"lazy\" decoding=\"async\" width=\"749\" height=\"1024\" data-id=\"6231\" src=\"https:\/\/utwstarachowice.pl\/wp-content\/uploads\/2026\/01\/MARZENIA-NIE-IDA-749x1024.png\" alt=\"\" class=\"wp-image-6231\" srcset=\"https:\/\/utwstarachowice.pl\/wp-content\/uploads\/2026\/01\/MARZENIA-NIE-IDA-749x1024.png 749w, https:\/\/utwstarachowice.pl\/wp-content\/uploads\/2026\/01\/MARZENIA-NIE-IDA-219x300.png 219w, https:\/\/utwstarachowice.pl\/wp-content\/uploads\/2026\/01\/MARZENIA-NIE-IDA-768x1050.png 768w, https:\/\/utwstarachowice.pl\/wp-content\/uploads\/2026\/01\/MARZENIA-NIE-IDA.png 885w\" sizes=\"(max-width: 749px) 100vw, 749px\" \/><\/a><figcaption class=\"wp-element-caption\"><strong>Artyku\u0142 prasowy<\/strong><\/figcaption><\/figure>\n<\/figure>\n\n\n\n<p><\/p>\n\n\n\n<p><\/p>\n\n\n\n<p><strong><em>Aktualny Zarz\u0105d UTW Starachowice tworz\u0105: Jerzy Krawczyk \u2013 prezes, Dorota Jantos \u2013 wiceprezes\u00a0, Helena Wies\u0142awa P\u0119czek \u2013 wiceprezes, Urszula Fia\u0142ek \u2013 skarbnik, Ma\u0142gorzata Jantos \u2013 skarbnik, Bo\u017cena Gaik \u2013 sekretarz, Teresa Prokop \u2013 sekretarz, Izabela Jab\u0142onka \u2013 cz\u0142onek zarz\u0105du, Gra\u017cyna Urba\u0144ska \u2013 cz\u0142onek zarz\u0105du, W\u0142odzimierz Gierada \u2013 cz\u0142onek zarz\u0105du.<\/em><\/strong><\/p>\n\n\n\n<p><\/p>\n\n\n\n<p>Wiele aktywno\u015bci kontynuujemy, rozszerzamy. Uaktualniamy nasz\u0105 ofert\u0119.<\/p>\n\n\n\n<p><\/p>\n\n\n\n<div class=\"wp-block-group is-vertical is-layout-flex wp-container-core-group-is-layout-1 wp-block-group-is-layout-flex\">\n<p class=\"has-text-align-left\">\u201e My w drugiej po\u0142owie \u017cycia,<\/p>\n\n\n\n<p class=\"has-text-align-left\">m\u0142odzi inaczej;<\/p>\n\n\n\n<p class=\"has-text-align-left\">U\u015bmiechem wyg\u0142adzamy zmarszczki<\/p>\n\n\n\n<p class=\"has-text-align-left\">naszych dusz,<\/p>\n\n\n\n<p class=\"has-text-align-left\">Przyjaznym dotykiem d\u0142oni<\/p>\n\n\n\n<p class=\"has-text-align-left\">odp\u0119dzamy samotno\u015b\u0107,<\/p>\n\n\n\n<p class=\"has-text-align-left\">Wirujemy w radosnym korowodzie<\/p>\n\n\n\n<p class=\"has-text-align-left\">oswajaj\u0105c czas.\u201d<\/p>\n<\/div>\n\n\n\n<p><strong>Artyku\u0142 powsta\u0142 na podstawie wydawnictwa jubileuszowego w XV \u2013lecie dzia\u0142alno\u015bci UTW Starachowicach<\/strong>.<\/p>\n\n\n\n<p><\/p>\n\n\n\n<p><\/p>\n\n\n\n<div class=\"wp-block-group is-vertical is-layout-flex wp-container-core-group-is-layout-2 wp-block-group-is-layout-flex\">\n<p><\/p>\n<\/div>\n\n\n\n<p><\/p>\n","protected":false},"excerpt":{"rendered":"<p>Pierwsze spotkanie os\u00f3b zainteresowanych dzia\u0142alno\u015bci\u0105 UTW zosta\u0142o zorganizowane w Miejskiej Bibliotece Publicznej w Starachowicach z siedzib\u0105 przy ul. Kochanowskiego 5.Na &hellip;<\/p>\n","protected":false},"author":3,"featured_media":0,"comment_status":"closed","ping_status":"closed","sticky":false,"template":"","format":"standard","meta":{"footnotes":""},"categories":[44],"tags":[],"_links":{"self":[{"href":"https:\/\/utwstarachowice.pl\/index.php?rest_route=\/wp\/v2\/posts\/6196"}],"collection":[{"href":"https:\/\/utwstarachowice.pl\/index.php?rest_route=\/wp\/v2\/posts"}],"about":[{"href":"https:\/\/utwstarachowice.pl\/index.php?rest_route=\/wp\/v2\/types\/post"}],"author":[{"embeddable":true,"href":"https:\/\/utwstarachowice.pl\/index.php?rest_route=\/wp\/v2\/users\/3"}],"replies":[{"embeddable":true,"href":"https:\/\/utwstarachowice.pl\/index.php?rest_route=%2Fwp%2Fv2%2Fcomments&post=6196"}],"version-history":[{"count":19,"href":"https:\/\/utwstarachowice.pl\/index.php?rest_route=\/wp\/v2\/posts\/6196\/revisions"}],"predecessor-version":[{"id":6274,"href":"https:\/\/utwstarachowice.pl\/index.php?rest_route=\/wp\/v2\/posts\/6196\/revisions\/6274"}],"wp:attachment":[{"href":"https:\/\/utwstarachowice.pl\/index.php?rest_route=%2Fwp%2Fv2%2Fmedia&parent=6196"}],"wp:term":[{"taxonomy":"category","embeddable":true,"href":"https:\/\/utwstarachowice.pl\/index.php?rest_route=%2Fwp%2Fv2%2Fcategories&post=6196"},{"taxonomy":"post_tag","embeddable":true,"href":"https:\/\/utwstarachowice.pl\/index.php?rest_route=%2Fwp%2Fv2%2Ftags&post=6196"}],"curies":[{"name":"wp","href":"https:\/\/api.w.org\/{rel}","templated":true}]}}