{"id":61,"date":"2016-01-12T12:35:51","date_gmt":"2016-01-12T11:35:51","guid":{"rendered":"https:\/\/utwstarachowice.pl\/2016\/01\/12\/gralismy-z-wielka-orkiestra-swiatecznej-pomocy\/"},"modified":"2016-01-12T12:35:51","modified_gmt":"2016-01-12T11:35:51","slug":"gralismy-z-wielka-orkiestra-swiatecznej-pomocy","status":"publish","type":"post","link":"https:\/\/utwstarachowice.pl\/?p=61","title":{"rendered":"DZI\u0118KUJEMY :)"},"content":{"rendered":"<p><span style=\"color: #000000;\">\u00a0\u00a0\u00a0\u00a0\u00a0\u00a0\u00a0\u00a0\u00a0\u00a0\u00a0\u00a0\u00a0 <\/span><span style=\"font-family: times new roman,times; font-size: medium;\">10.01.2016 r. s\u0142uchacze UTW wzi\u0119li udzia\u0142 w 24 Finale Wielkiej Orkiestry \u015awi\u0105tecznej Pomocy.<\/span><\/p>\n<p><span style=\"font-family: times new roman,times; font-size: medium;\">\u00a0\u00a0\u00a0\u00a0\u00a0\u00a0\u00a0\u00a0\u00a0\u00a0\u00a0\u00a0\u00a0\u00a0 Ka\u017cdego roku zwi\u0119ksza si\u0119 ilo\u015b\u0107 zebranych przez nas pieni\u0119dzy. W bie\u017c\u0105cym 2016 r. uda\u0142o si\u0119 pobi\u0107 rekord z lat ubieg\u0142ych . Zdo\u0142ali\u015bmy zebra\u0107 do puszki <strong><span style=\"text-decoration: underline;\">1002,46 z\u0142. <\/span><\/strong><\/span><\/p>\n<p><span style=\"font-size: medium;\"><span style=\"font-family: times new roman,times;\">\u00a0\u00a0\u00a0\u00a0\u00a0\u00a0\u00a0\u00a0\u00a0\u00a0\u00a0\u00a0\u00a0\u00a0 Serdecznie dzi\u0119kujemy wszystkim s\u0142uchaczom UTW, kt\u00f3rzy w czasie spotkania op\u0142atkowego <\/span>08.01.2016 r. pokazali swoje gor\u0105ce serca i hojno\u015b\u0107, wrzucaj\u0105c do puszki datki przyczyniaj\u0105c si\u0119 tym samym do osi\u0105gniecia naszego wsp\u00f3lnego, ma\u0142ego sukcesu.<\/span><\/p>\n<p><span style=\"font-size: medium;\">Jeste\u015bmy bardzo wdzi\u0119czni osobom, kt\u00f3re bezpo\u015brednio wspiera\u0142y nasze stoisko na kiermaszu 10.01.2016 r., przygotowuj\u0105c pyszne wypieki i czynnie \u201egraj\u0105c\u201d z Wielk\u0105 Orkiestr\u0105 \u015awi\u0105tecznej Pomocy. Szczeg\u00f3lnie aktywnymi wolontariuszami okazali si\u0119 :<\/span><\/p>\n<ul>\n<li>\n<p><span style=\"font-size: small;\"><strong>Irena Cygan,<\/strong><\/span><\/p>\n<\/li>\n<li>\n<p><span style=\"font-size: small;\"><strong>Gra\u017cyna Erbel,<\/strong><\/span><\/p>\n<\/li>\n<li>\n<p><span style=\"font-size: small;\"><strong>Barbara G\u0142uchowska,<\/strong><\/span><\/p>\n<\/li>\n<li>\n<p><span style=\"font-size: small;\"><strong>Wanda Ko\u0142odziejczyk, <\/strong><\/span><\/p>\n<\/li>\n<li>\n<p><span style=\"font-size: small;\"><strong>Halina Krzos,<\/strong><\/span><\/p>\n<\/li>\n<li>\n<p><span style=\"font-size: small;\"><strong>Jolanta \u0141odej,<\/strong><\/span><\/p>\n<\/li>\n<li>\n<p><span style=\"font-size: small;\"><strong>Magdalena \u0141odej,<\/strong><\/span><\/p>\n<\/li>\n<li>\n<p><span style=\"font-size: small;\"><strong>Krystyna Majchrzyk,<\/strong><\/span><\/p>\n<\/li>\n<li>\n<p><span style=\"font-size: small;\"><strong>Eugeniusz Majchrzyk,<\/strong><\/span><\/p>\n<\/li>\n<li>\n<p><span style=\"font-size: small;\"><strong>Anna Majer.<\/strong><\/span><\/p>\n<\/li>\n<li>\n<p><span style=\"font-size: small;\"><strong>Alicja Mikos,<\/strong><\/span><\/p>\n<\/li>\n<li>\n<p><span style=\"font-size: small;\"><strong>Wies\u0142aw Mikos,<\/strong><\/span><\/p>\n<\/li>\n<li>\n<p><span style=\"font-size: small;\"><strong>Renata Nejthardt, <\/strong><\/span><\/p>\n<\/li>\n<li>\n<p><span style=\"font-size: small;\"><strong>Danuta Ry\u015b, <\/strong><\/span><\/p>\n<\/li>\n<li>\n<p><span style=\"font-size: small;\"><strong>Matylda Swat,<\/strong><\/span><\/p>\n<\/li>\n<li>\n<p><span style=\"font-size: small;\"><strong>Halina Sidor,<\/strong><\/span><\/p>\n<\/li>\n<li>\n<p><span style=\"font-size: small;\"><strong>Jolanta Wi\u015bniewska, <\/strong><\/span><\/p>\n<\/li>\n<li>\n<p><span style=\"font-size: small;\"><strong>Zofia Zuba,<\/strong><\/span><\/p>\n<\/li>\n<\/ul>\n<p><span style=\"font-size: small;\"><strong><span style=\"text-decoration: underline;\">za co serdecznie im dzi\u0119kujemy \ud83d\ude42<\/span><\/strong><\/span><\/p>\n","protected":false},"excerpt":{"rendered":"<p>\u00a0\u00a0\u00a0\u00a0\u00a0\u00a0\u00a0\u00a0\u00a0\u00a0\u00a0\u00a0\u00a0 10.01.2016 r. s\u0142uchacze UTW wzi\u0119li udzia\u0142 w 24 Finale Wielkiej Orkiestry \u015awi\u0105tecznej Pomocy. \u00a0\u00a0\u00a0\u00a0\u00a0\u00a0\u00a0\u00a0\u00a0\u00a0\u00a0\u00a0\u00a0\u00a0 Ka\u017cdego roku zwi\u0119ksza si\u0119 ilo\u015b\u0107 &hellip;<\/p>\n","protected":false},"author":3,"featured_media":0,"comment_status":"open","ping_status":"open","sticky":true,"template":"","format":"standard","meta":{"footnotes":""},"categories":[1],"tags":[],"_links":{"self":[{"href":"https:\/\/utwstarachowice.pl\/index.php?rest_route=\/wp\/v2\/posts\/61"}],"collection":[{"href":"https:\/\/utwstarachowice.pl\/index.php?rest_route=\/wp\/v2\/posts"}],"about":[{"href":"https:\/\/utwstarachowice.pl\/index.php?rest_route=\/wp\/v2\/types\/post"}],"author":[{"embeddable":true,"href":"https:\/\/utwstarachowice.pl\/index.php?rest_route=\/wp\/v2\/users\/3"}],"replies":[{"embeddable":true,"href":"https:\/\/utwstarachowice.pl\/index.php?rest_route=%2Fwp%2Fv2%2Fcomments&post=61"}],"version-history":[{"count":0,"href":"https:\/\/utwstarachowice.pl\/index.php?rest_route=\/wp\/v2\/posts\/61\/revisions"}],"wp:attachment":[{"href":"https:\/\/utwstarachowice.pl\/index.php?rest_route=%2Fwp%2Fv2%2Fmedia&parent=61"}],"wp:term":[{"taxonomy":"category","embeddable":true,"href":"https:\/\/utwstarachowice.pl\/index.php?rest_route=%2Fwp%2Fv2%2Fcategories&post=61"},{"taxonomy":"post_tag","embeddable":true,"href":"https:\/\/utwstarachowice.pl\/index.php?rest_route=%2Fwp%2Fv2%2Ftags&post=61"}],"curies":[{"name":"wp","href":"https:\/\/api.w.org\/{rel}","templated":true}]}}