{"id":6041,"date":"2026-01-09T21:18:51","date_gmt":"2026-01-09T20:18:51","guid":{"rendered":"https:\/\/utwstarachowice.pl\/?p=6041"},"modified":"2026-01-09T21:18:51","modified_gmt":"2026-01-09T20:18:51","slug":"regulamin-zarzadu-stowarzyszenia-uniwersytet-trzeciego-wieku-w-starachowicach","status":"publish","type":"post","link":"https:\/\/utwstarachowice.pl\/?p=6041","title":{"rendered":"Regulamin Zarz\u0105du Stowarzyszenia Uniwersytet Trzeciego Wieku w Starachowicach"},"content":{"rendered":"\n<p>\u00a7 1.<\/p>\n\n\n\n<ol>\n<li>Zarz\u0105d Stowarzyszenia Uniwersytet Trzeciego Wieku w Starachowicach jest organem wykonawczym Stowarzyszenia, organizuje jego prac\u0119 i kieruje ni\u0105 oraz reprezentuje Stowarzyszenie na zewn\u0105trz oraz wykonuje inne zadania przewidziane Statutem.<\/li>\n\n\n\n<li>Zarz\u0105d dzia\u0142a na podstawie ustawy Prawo o stowarzyszeniach, statutu Stowarzyszenia, uchwa\u0142 walnego zebrania cz\u0142onk\u00f3w i niniejszego Regulaminu.<\/li>\n<\/ol>\n\n\n\n<p>\u00a7 2.<br>Zarz\u0105d odpowiada przed walnym zebraniem cz\u0142onk\u00f3w za ca\u0142okszta\u0142t dzia\u0142alno\u015bci Stowarzyszenia, zgodnie z zakresem okre\u015blonym w Statucie.<\/p>\n\n\n\n<p>\u00a7 3.<br>Do kompetencji zarz\u0105du nale\u017c\u0105 sprawy okre\u015blone w statucie (w szczeg\u00f3lno\u015bci \u00a726 Statutu) oraz inne sprawy wynikaj\u0105ce z uchwa\u0142 walnego zebrania cz\u0142onk\u00f3w.<\/p>\n\n\n\n<p>\u00a7 4.<\/p>\n\n\n\n<ol>\n<li>Posiedzenia zarz\u0105du zwo\u0142uje prezes lub wiceprezes z w\u0142asnej inicjatywy, na wniosek 1\/3 sk\u0142adu zarz\u0105du lub wniosek komisji rewizyjnej. W razie z\u0142o\u017cenia wniosku o zwo\u0142anie posiedzenia zarz\u0105du prezes zobowi\u0105zany jest zwo\u0142a\u0107 posiedzenie w terminie nie d\u0142u\u017cszym ni\u017c 21 dni od dnia zg\u0142oszenia stosownego wniosku &#8211; w przypadku nie wywi\u0105zania si\u0119 z tego obowi\u0105zku przez prezesa, posiedzenie zarz\u0105du zwo\u0142uje wiceprezes.<\/li>\n\n\n\n<li>Posiedzenia zarz\u0105du odbywaj\u0105 si\u0119 w miar\u0119 potrzeb nie rzadziej ni\u017c raz na kwarta\u0142.<\/li>\n\n\n\n<li>W posiedzeniach zarz\u0105du mog\u0105 bra\u0107 udzia\u0142 z g\u0142osem doradczym:<br>a) cz\u0142onkowie komisji rewizyjnej,<br>b) przedstawiciele cz\u0142onk\u00f3w wspieraj\u0105cych,<br>c) liderzy sekcji,<br>d) inne osoby zaproszone przez zarz\u0105d.<\/li>\n\n\n\n<li>Porz\u0105dek obrad ustala osoba zwo\u0142uj\u0105ca posiedzenie zarz\u0105du. W przypadku wniosku o zwo\u0142anie posiedzenia zarz\u0105du zwo\u0142uj\u0105cy obowi\u0105zany jest umie\u015bci\u0107 w porz\u0105dku obrad punkty zawarte w ww. wniosku.<\/li>\n<\/ol>\n\n\n\n<p>\u00a7 5.<\/p>\n\n\n\n<ol>\n<li>O dacie, godzinie, miejscu i porz\u0105dku posiedzenia zawiadamia si\u0119 wszystkich cz\u0142onk\u00f3w zarz\u0105du co najmniej na 7 dni przed posiedzeniem.<\/li>\n\n\n\n<li>Z wa\u017cnych powod\u00f3w (np. pilna konieczno\u015b\u0107 podj\u0119cia uchwa\u0142y) posiedzenie mo\u017ce by\u0107 zwo\u0142ane bez zachowania 7-dniowego terminu zawiadomienia. Decyzj\u0119 w tym zakresie mo\u017ce podj\u0105\u0107 prezes. Prezes powinien uzasadni\u0107 do protoko\u0142u przyczyny nie zachowania terminu, o kt\u00f3rym mowa w ust. 1.<\/li>\n\n\n\n<li>Zawiadomienie, o kt\u00f3rym mowa w ust. 1 nast\u0119puje za pomoc\u0105 poczty elektronicznej, wiadomo\u015bci SMS, telefonicznie albo osobi\u015bcie.<\/li>\n\n\n\n<li>Obecno\u015b\u0107 na posiedzeniach zarz\u0105du jest obowi\u0105zkiem statutowym cz\u0142onka zarz\u0105du. O niemo\u017cno\u015bci wzi\u0119cia udzia\u0142u w posiedzeniu zarz\u0105du nale\u017cy powiadomi\u0107 niezw\u0142ocznie zwo\u0142uj\u0105cego posiedzenie.<\/li>\n<\/ol>\n\n\n\n<p>\u00a7 6.<\/p>\n\n\n\n<ol>\n<li>Prace zarz\u0105du organizuje i pracom tym przewodniczy prezes zarz\u0105du. W przypadku niemo\u017cno\u015bci dzia\u0142ania prezesa zast\u0119puje go wiceprezes &#8211; a w przypadku nieobecno\u015bci wiceprezesa &#8211; inny cz\u0142onek zarz\u0105du (najstarszy wiekiem).<\/li>\n\n\n\n<li>Po otwarciu posiedzenia stwierdza si\u0119 prawid\u0142owo\u015b\u0107 jego zwo\u0142ania.<\/li>\n\n\n\n<li>Posiedzenia zarz\u0105du protoko\u0142uje sekretarz lub inny cz\u0142onek zarz\u0105du wskazany przez prezesa zarz\u0105du. Protokolantem mo\u017ce by\u0107 r\u00f3wnie\u017c osoba spoza zarz\u0105du, wyznaczona przez przewodnicz\u0105cego obrad.<\/li>\n\n\n\n<li>W uzasadnionych przypadkach cz\u0142onek zarz\u0105du mo\u017ce zg\u0142osi\u0107 wniosek o rozpatrzenie sprawy nieprzewidzianej w porz\u0105dku obrad lub o nierozpatrywanie danej sprawy obj\u0119tej porz\u0105dkiem obrad. Wnioski w tych sprawach podlegaj\u0105 g\u0142osowaniu.<\/li>\n<\/ol>\n\n\n\n<p>\u00a7 7.<\/p>\n\n\n\n<ol>\n<li>Zarz\u0105d podejmuje rozstrzygni\u0119cia w formie uchwa\u0142.<\/li>\n\n\n\n<li>Uchwa\u0142y zarz\u0105du podejmowane s\u0105 w g\u0142osowaniu jawnym, zwyk\u0142\u0105 wi\u0119kszo\u015bci\u0105 g\u0142os\u00f3w w obecno\u015bci co najmniej po\u0142owy og\u00f3lnej liczby cz\u0142onk\u00f3w zarz\u0105du. Zgromadzeni mog\u0105 uchwali\u0107 g\u0142osowanie tajne.<\/li>\n\n\n\n<li>W sytuacji r\u00f3wnego roz\u0142o\u017cenia g\u0142os\u00f3w decyduje g\u0142os przewodnicz\u0105cego obrad.<\/li>\n\n\n\n<li>Ka\u017cdy cz\u0142onek zarz\u0105du, kt\u00f3ry w g\u0142osowaniu jawnym g\u0142osowa\u0142 przeciwko uchwale, mo\u017ce przy podpisywaniu protoko\u0142u zg\u0142osi\u0107 zdanie odr\u0119bne. Zdanie odr\u0119bne mo\u017ce by\u0107 zg\u0142oszone ustnie &#8211; w\u00f3wczas zostaje odnotowane w protokole &#8211; albo z\u0142o\u017cone na pi\u015bmie i do\u0142\u0105czone do protoko\u0142u jako za\u0142\u0105cznik.<\/li>\n<\/ol>\n\n\n\n<p>\u00a78.<\/p>\n\n\n\n<ol>\n<li>W uzasadnionych, niecierpi\u0105cych zw\u0142oki przypadkach, zarz\u0105d mo\u017ce podejmowa\u0107 ustalenia za po\u015brednictwem poczty elektronicznej. Tryb ten jest dopuszczalny, gdy wszyscy cz\u0142onkowie zarz\u0105du z\u0142o\u017c\u0105 o\u015bwiadczenie o wyra\u017ceniu zgody w tym zakresie wraz ze wskazaniem adresu poczty elektronicznej.<\/li>\n\n\n\n<li>Prezes zarz\u0105du prowadzi baz\u0119 adres\u00f3w elektronicznych cz\u0142onk\u00f3w zarz\u0105du.<\/li>\n\n\n\n<li>W przypadku podj\u0119cia uchwa\u0142y w drodze ustalenia elektronicznego prezes zarz\u0105du przygotowuje tre\u015b\u0107 uchwa\u0142y a nast\u0119pnie przesy\u0142a j\u0105 do wszystkich cz\u0142onk\u00f3w zarz\u0105du.<\/li>\n\n\n\n<li>Uchwa\u0142y powzi\u0119te w drodze ustalenia elektronicznego podpisywane s\u0105 przez cz\u0142onk\u00f3w Zarz\u0105du na najbli\u017cszym posiedzeniu zarz\u0105du lub w trybie obiegowym &#8211; zgodnie z decyzj\u0105 prezesa.<\/li>\n\n\n\n<li>W przypadku okre\u015blonym w ust. 3, prezes zarz\u0105du zobowi\u0105zany jest do sporz\u0105dzenia protoko\u0142u\/notatki, szczeg\u00f3\u0142owo opisuj\u0105cego podj\u0119te rozstrzygni\u0119cia oraz przyczyny podj\u0119cia uchwa\u0142 w trybie ustalenia na odleg\u0142o\u015b\u0107. Przepisy \u00a7 9 stosuje si\u0119 odpowiednio.<\/li>\n<\/ol>\n\n\n\n<p>\u00a7 9.<\/p>\n\n\n\n<ol>\n<li>Projekt uchwa\u0142y zarz\u0105du powinien zawiera\u0107 w szczeg\u00f3lno\u015bci :<br>a) tytu\u0142 uchwa\u0142y,<br>b) tre\u015b\u0107 merytoryczn\u0105 uchwa\u0142y,<br>c) wskazanie os\u00f3b odpowiedzialnych za wykonanie uchwa\u0142y,<br>d) podpisy.<\/li>\n\n\n\n<li>Uchwa\u0142y zarz\u0105du oznacza si\u0119 wed\u0142ug nast\u0119puj\u0105cego schematu: numer uchwa\u0142y na danym posiedzeniu zarz\u0105du\/oznaczenie organu\/rok\/ i data posiedzenia. Numeracj\u0119 uchwa\u0142 z ka\u017cdego posiedzenia zarz\u0105du zaczyna si\u0119 od uchwa\u0142y \u201enr 1\u201d.<\/li>\n\n\n\n<li>Uchwa\u0142y podpisuj\u0105 wszyscy obecni na posiedzeniu cz\u0142onkowie zarz\u0105du<\/li>\n<\/ol>\n\n\n\n<p>\u00a7 10.<\/p>\n\n\n\n<ol>\n<li>Z posiedzenia zarz\u0105du sporz\u0105dza si\u0119 protok\u00f3\u0142. Protok\u00f3\u0142 podpisuj\u0105 przewodnicz\u0105cy obrad i protokolant.<\/li>\n\n\n\n<li>Protok\u00f3\u0142 zawiera w szczeg\u00f3lno\u015bci :<br>1) dat\u0119 posiedzenia,<br>2) porz\u0105dek posiedzenia,<br>3) kr\u00f3tki opis przebiegu dyskusji,<br>4) wyniki g\u0142osowa\u0144,<br>5) numery i tytu\u0142y podj\u0119tych uchwa\u0142,<br>6) zdania odr\u0119bne do podj\u0119tych uchwa\u0142,<br>7) z\u0142o\u017cone do protoko\u0142u o\u015bwiadczenia i wnioski.<\/li>\n\n\n\n<li>Do protoko\u0142u za\u0142\u0105cza si\u0119 orygina\u0142y podj\u0119tych uchwa\u0142 i list\u0119 obecno\u015bci na posiedzeniu zarz\u0105du.<\/li>\n\n\n\n<li>Cz\u0142onkowie zarz\u0105du nieobecni na posiedzeniu przyjmuj\u0105 do wiadomo\u015bci tre\u015b\u0107 podj\u0119tych uchwa\u0142 i ustale\u0144 protoko\u0142u na najbli\u017cszym posiedzeniu zarz\u0105du.<\/li>\n\n\n\n<li>Dokumentacja zarz\u0105du przechowywana jest w siedzibie Stowarzyszenia w spos\u00f3b zapewniaj\u0105cy jej bezpiecze\u0144stwo i poufno\u015b\u0107.<\/li>\n<\/ol>\n\n\n\n<p>\u00a7 11.<br>Obowi\u0105zkiem wszystkich cz\u0142onk\u00f3w zarz\u0105du jest:<br>1) uczestniczenie w posiedzeniach zarz\u0105du,<br>2) aktywne tworzenie plan\u00f3w dzia\u0142alno\u015bci Stowarzyszenia,<br>3) realizacja zada\u0144 wynikaj\u0105cych z zakresu obowi\u0105zk\u00f3w,<br>4) uczestniczenie &#8211; na zaproszenie komisji rewizyjnej &#8211; w posiedzeniach komisji rewizyjnej.<\/p>\n\n\n\n<p>\u00a7 12.<\/p>\n\n\n\n<ol>\n<li>Sprawy dotycz\u0105ce sposobu obradowania nie obj\u0119te niniejszym Regulaminem rozstrzyga przewodnicz\u0105cy obrad, zgodnie z postanowieniami Statutu i przyj\u0119tymi powszechnie zasadami obradowania.<\/li>\n\n\n\n<li>Regulamin i jego zmiany wchodz\u0105 w \u017cycie z dniem podj\u0119cia stosownej uchwa\u0142y.<\/li>\n\n\n\n<li>Regulamin uchwalony jest a czas nieoznaczony.<\/li>\n<\/ol>\n","protected":false},"excerpt":{"rendered":"<p>\u00a7 1. \u00a7 2.Zarz\u0105d odpowiada przed walnym zebraniem cz\u0142onk\u00f3w za ca\u0142okszta\u0142t dzia\u0142alno\u015bci Stowarzyszenia, zgodnie z zakresem okre\u015blonym w Statucie. \u00a7 &hellip;<\/p>\n","protected":false},"author":3,"featured_media":0,"comment_status":"open","ping_status":"open","sticky":true,"template":"","format":"standard","meta":{"footnotes":""},"categories":[25],"tags":[],"_links":{"self":[{"href":"https:\/\/utwstarachowice.pl\/index.php?rest_route=\/wp\/v2\/posts\/6041"}],"collection":[{"href":"https:\/\/utwstarachowice.pl\/index.php?rest_route=\/wp\/v2\/posts"}],"about":[{"href":"https:\/\/utwstarachowice.pl\/index.php?rest_route=\/wp\/v2\/types\/post"}],"author":[{"embeddable":true,"href":"https:\/\/utwstarachowice.pl\/index.php?rest_route=\/wp\/v2\/users\/3"}],"replies":[{"embeddable":true,"href":"https:\/\/utwstarachowice.pl\/index.php?rest_route=%2Fwp%2Fv2%2Fcomments&post=6041"}],"version-history":[{"count":1,"href":"https:\/\/utwstarachowice.pl\/index.php?rest_route=\/wp\/v2\/posts\/6041\/revisions"}],"predecessor-version":[{"id":6042,"href":"https:\/\/utwstarachowice.pl\/index.php?rest_route=\/wp\/v2\/posts\/6041\/revisions\/6042"}],"wp:attachment":[{"href":"https:\/\/utwstarachowice.pl\/index.php?rest_route=%2Fwp%2Fv2%2Fmedia&parent=6041"}],"wp:term":[{"taxonomy":"category","embeddable":true,"href":"https:\/\/utwstarachowice.pl\/index.php?rest_route=%2Fwp%2Fv2%2Fcategories&post=6041"},{"taxonomy":"post_tag","embeddable":true,"href":"https:\/\/utwstarachowice.pl\/index.php?rest_route=%2Fwp%2Fv2%2Ftags&post=6041"}],"curies":[{"name":"wp","href":"https:\/\/api.w.org\/{rel}","templated":true}]}}