{"id":604,"date":"2020-06-08T18:47:35","date_gmt":"2020-06-08T16:47:35","guid":{"rendered":"https:\/\/utwstarachowice.pl\/2020\/06\/08\/utw-walne-zebranie\/"},"modified":"2020-06-08T18:47:35","modified_gmt":"2020-06-08T16:47:35","slug":"utw-walne-zebranie","status":"publish","type":"post","link":"https:\/\/utwstarachowice.pl\/?p=604","title":{"rendered":"UTW-WALNE ZEBRANIE"},"content":{"rendered":"<p><span style=\"font-size: medium;\">Na podstawie par.22 ust.1 Statutu Uniwersytetu Trzeciego Wieku w Starachowicach Zarz\u0105d postanawia:<\/span><\/p>\n<p><span style=\"font-size: medium;\">1.Zwo\u0142a\u0107 Walne Zebranie sprawozdawcze S\u0142uchaczy UTW na dzie\u0144 26 czerwca 2020 roku o godzinie 10<sup>00<\/sup>.<\/span><\/p>\n<p><span style=\"font-size: medium;\">2.Miejsce Walnego Zebrania -Sala Gimnastyczna ul. Gliniana 10A.<\/span><\/p>\n<p><span style=\"font-size: medium;\">3.Porz\u0105dek Walnego Zebrania S\u0142uchaczy Uniwersytetu Trzeciego Wieku w Starachowicach:<\/span><\/p>\n<p><span style=\"font-size: medium;\">\u00a0 \u00a01\/Otwarcie Walnego Zebrania-Prezes Zarz\u0105du;<\/span><\/p>\n<p><span style=\"font-size: medium;\">\u00a0 \u00a0 2\/Wyb\u00f3r Przewodnicz\u0105cego Walnego Zebrania;<\/span><\/p>\n<p><span style=\"font-size: medium;\">\u00a0 \u00a0 3\/G\u0142osowanie nad przyj\u0119ciem Regulaminu Walnego Zebrania;<\/span><\/p>\n<p><span style=\"font-size: medium;\">\u00a0 \u00a0 4\/Wyb\u00f3r zast\u0119pcy Przewodnicz\u0105cego Walnego Zebrania;<\/span><\/p>\n<p><span style=\"font-size: medium;\">\u00a0 \u00a0 5\/Wyb\u00f3r Sekretarza Walnego Zebrania;<\/span><\/p>\n<p><span style=\"font-size: medium;\">\u00a0 \u00a0 6\/Wyb\u00f3r Komisji Uchwa\u0142 i Wniosk\u00f3w;<\/span><\/p>\n<p><span style=\"font-size: medium;\">\u00a0 \u00a0 7\/Wyb\u00f3r Komisji Skrutacyjnej;<\/span><\/p>\n<p><span style=\"font-size: medium;\">\u00a0 \u00a0 8\/Podj\u0119cie uchwa\u0142y o nadanie tytu\u0142u Honorowego Cz\u0142onka UTW;<\/span><\/p>\n<p><span style=\"font-size: medium;\">\u00a0 \u00a0 9\/Podj\u0119cie uchwa\u0142y o uzupe\u0142nieniu sk\u0142adu Komisji Rewizyjnej;<\/span><\/p>\n<p><span style=\"font-size: medium;\">\u00a0 \u00a010\/Sprawozdanie z dzia\u0142alno\u015bci merytorycznej Zarz\u0105du-Anna Tokarska;<\/span><\/p>\n<p><span style=\"font-size: medium;\">\u00a0 \u00a011\/Sprawozdanie Kierownik\u00f3w Sekcji z dzia\u0142alno\u015bci ;<\/span><\/p>\n<p><span style=\"font-size: medium;\">\u00a0 \u00a012\/Sprawozdanie z dzia\u0142alno\u015bci Samorz\u0105du Studenckiego;<\/span><\/p>\n<p><span style=\"font-size: medium;\">\u00a0 \u00a013\/Dyskusja nad dzia\u0142alno\u015bci\u0105 merytoryczn\u0105;<\/span><\/p>\n<p><span style=\"font-size: medium;\">\u00a0 \u00a014\/Wyb\u00f3r nowego Samorz\u0105du Studenckiego;<\/span><\/p>\n<p><span style=\"font-size: medium;\">\u00a0 \u00a015\/Sprawozdanie finansowe za rok 2019\/ od\u00a0 01.01.2019 -31.12.2019-Renata Kasprzyk;<\/span><\/p>\n<p><span style=\"font-size: medium;\">\u00a0 \u00a016\/Sprawozdanie Komisji Rewizyjnej dotycz\u0105cej dzia\u0142alno\u015bci finansowej UTW w roku 2019;<\/span><\/p>\n<p><span style=\"font-size: medium;\">\u00a0 \u00a017\/Dyskusja nad za\u0142o\u017ceniami planu finansowego na rok 2020;<\/span><\/p>\n<p><span style=\"font-size: medium;\">\u00a0 \u00a018\/Podj\u0119cie uchwa\u0142y o ustaleniu wysoko\u015bci wpisowego oraz czesnego od nowego roku\u00a0<\/span><\/p>\n<p><span style=\"font-size: medium;\">\u00a0 \u00a0 \u00a0 \u00a0 akademickiego 2020\/2021;<\/span><\/p>\n<p><span style=\"font-size: medium;\">\u00a0 \u00a0 19\/Sprawozdanie Komisji Uchwa\u0142 i Wniosk\u00f3w;<\/span><\/p>\n<p><span style=\"font-size: medium;\">\u00a0 \u00a0 20\/Zako\u0144czenie Walnego Zebrania.<\/span><\/p>\n<p><span style=\"font-size: medium;\">\u00a0 \u00a0 \u00a0 \u00a0 \u00a0 \u00a0 \u00a0 \u00a0 \u00a0 \u00a0 \u00a0 \u00a0 \u00a0 \u00a0 \u00a0 \u00a0 \u00a0 \u00a0 \u00a0 \u00a0 \u00a0 \u00a0 \u00a0 \u00a0 \u00a0 \u00a0 \u00a0 \u00a0 \u00a0 \u00a0 \u00a0 \u00a0 \u00a0 \u00a0 \u00a0 Zarz\u0105d UTW<\/span><\/p>\n<p>\u00a0<\/p>\n<p>\u00a0<\/p>\n<p>\u00a0<\/p>\n","protected":false},"excerpt":{"rendered":"<p>Na podstawie par.22 ust.1 Statutu Uniwersytetu Trzeciego Wieku w Starachowicach Zarz\u0105d postanawia: 1.Zwo\u0142a\u0107 Walne Zebranie sprawozdawcze S\u0142uchaczy UTW na dzie\u0144 &hellip;<\/p>\n","protected":false},"author":3,"featured_media":0,"comment_status":"open","ping_status":"open","sticky":true,"template":"","format":"standard","meta":{"footnotes":""},"categories":[1],"tags":[],"_links":{"self":[{"href":"https:\/\/utwstarachowice.pl\/index.php?rest_route=\/wp\/v2\/posts\/604"}],"collection":[{"href":"https:\/\/utwstarachowice.pl\/index.php?rest_route=\/wp\/v2\/posts"}],"about":[{"href":"https:\/\/utwstarachowice.pl\/index.php?rest_route=\/wp\/v2\/types\/post"}],"author":[{"embeddable":true,"href":"https:\/\/utwstarachowice.pl\/index.php?rest_route=\/wp\/v2\/users\/3"}],"replies":[{"embeddable":true,"href":"https:\/\/utwstarachowice.pl\/index.php?rest_route=%2Fwp%2Fv2%2Fcomments&post=604"}],"version-history":[{"count":0,"href":"https:\/\/utwstarachowice.pl\/index.php?rest_route=\/wp\/v2\/posts\/604\/revisions"}],"wp:attachment":[{"href":"https:\/\/utwstarachowice.pl\/index.php?rest_route=%2Fwp%2Fv2%2Fmedia&parent=604"}],"wp:term":[{"taxonomy":"category","embeddable":true,"href":"https:\/\/utwstarachowice.pl\/index.php?rest_route=%2Fwp%2Fv2%2Fcategories&post=604"},{"taxonomy":"post_tag","embeddable":true,"href":"https:\/\/utwstarachowice.pl\/index.php?rest_route=%2Fwp%2Fv2%2Ftags&post=604"}],"curies":[{"name":"wp","href":"https:\/\/api.w.org\/{rel}","templated":true}]}}