{"id":6010,"date":"2026-01-08T19:03:28","date_gmt":"2026-01-08T18:03:28","guid":{"rendered":"https:\/\/utwstarachowice.pl\/?p=6010"},"modified":"2026-01-08T20:23:06","modified_gmt":"2026-01-08T19:23:06","slug":"w-2024-roku-realizowalismy-projekty-wspolfinansowane-ze-srodkow-budzetowych-miasta-powiatu-ze-srodkow-europejskich","status":"publish","type":"post","link":"https:\/\/utwstarachowice.pl\/?p=6010","title":{"rendered":"W 2024 roku realizowali\u015bmy projekty wsp\u00f3\u0142finansowane ze \u015brodk\u00f3w bud\u017cetowych miasta, powiatu, ze \u015brodk\u00f3w europejskich:"},"content":{"rendered":"\n<p class=\"has-medium-font-size\"><strong>A) Wsp\u00f3\u0142finansowane ze \u015brodk\u00f3w Gminy Starachowice<br>1) \u201eStarachowicka Biesiada Senioralna, mi\u0142e wspomnienia\u201d<\/strong><br>um. nr 59\/W\/2024 z dnia 15.03.2024 ( 15.03 &#8211; 30.06.2024)<br>Z zakresu : Dzia\u0142alno\u015b\u0107 na rzecz os\u00f3b w wieku emerytalnym<br>Koszt zadania: 12.858,86<br>Dotacja: 9.500,-<br>Wk\u0142ad finansowy: 588,86<br>Wk\u0142ad osobowy: 2.770,-<br>26.04 2024 r. w Sali Olimpia UM s\u0142uchacze UTW zorganizowali dla 140 senior\u00f3w s\u0142uchaczy UTW i zaproszonych go\u015bci z klub\u00f3w seniora w Starachowicach 4,5 godzinn\u0105 zabaw\u0119 pod przewodnictwem wodzireja i z pocz\u0119stunkiem. Stworzono i wydano &#8222;\u015apiewnik biesiadny&#8221;.<\/p>\n\n\n\n<p class=\"has-medium-font-size\"><br><strong>2) \u201ePok\u0142o\u0144 si\u0119 Ziemi \u015awi\u0119tokrzyskiej\u201d<\/strong><br>um. nr 60\/W\/2024 z dnia 01.03.2024 (01.03-30.11.2023)<br>Z zakresu: Kultura, sztuka, ochrona d\u00f3br kultury i dziedzictwa narodowego<br>Koszt zadania: 11.414,38<br>Dotacja: 7.000,-<br>Wk\u0142ad finansowy: 6,08<br>Wk\u0142ad osobowy: 4.408,30<br>Sekcja taneczno \u2013 wokalna, sekcja teatralna i zesp\u00f3\u0142 wokalny s\u0142uchaczy UTW zrealizowali spektakl s\u0142owno \u2013 muzyczny oryginaln\u0105 lekcj\u0119 historii i tradycji promuj\u0105c\u0105 gwar\u0119 i taniec ludowy z naszego regionu, kt\u00f3ry obejrza\u0142o w 2024 r. ponad 270 os\u00f3b \u2013 trzy edycje: 05.10. w Sali Olimpia UM, 30.10. Centrum Kreatywno\u015bci Pa\u0142acyk, 05.12. ZSZ nr 3. Odbiorcami Byli S\u0142uchacze UTW i zaproszeni go\u015bcie na inauguracj\u0119 nowego roku akademickiego 2024\/2025, uczniowie i nauczyciele I LO, II LO, ZSZ nr 2, ZSZ nr 3.<\/p>\n\n\n\n<p class=\"has-medium-font-size\"><br><strong>3) \u201ePok\u0142o\u0144 si\u0119 Ziemi \u015awi\u0119tokrzyskiej \u2013 ci\u0105g dalszy\u201d<\/strong><br>Um. Nr 94\/W\/2024 z dn. 13.06.2024 (01.08-29.10.2024)<br>Z zakresu: Dzia\u0142alno\u015b\u0107 na rzecz os\u00f3b w wieku emerytalnym<br>Koszt zadania: 5.812,58<br>Dotacja: 5.000,-<br>Wk\u0142ad finansowy: 306,78<br>Wk\u0142ad osobowy: 505,80<\/p>\n\n\n\n<p>Przedsi\u0119wzi\u0119cie skierowane by\u0142o do 64 os\u00f3b w wieku emerytalnym.<br>I cz.: 01.09.2024 r. zrealizowali\u015bmy wyjazd rekreacyjno-edukacyjno-integracyjny po Ziemi \u015awi\u0119tokrzyskiej: Zagna\u0144sk, G\u00f3ra Ku\u017anicka, G\u00f3ra Perzowa w Pa\u015bmie Obl\u0119gorskim, \u015awi\u0119ta Katarzyna \u2013 Muzeum Minera\u0142\u00f3w i Skamienia\u0142o\u015bci, Ciekoty, gdzie mogli\u015bmy \u015bwi\u0119towa\u0107 imieniny Stefana \u017beromskiego w Centrum Edukacji i Kultury \u201eSzklany Dom\u201d.<br>II cz.: 24.10.2024 r. Odwiedzili\u015bmy Wie\u015b \u015awi\u0119ta Katarzyna: ko\u015bci\u00f3\u0142ek przy klasztorze bernardynek, \u017ar\u00f3de\u0142ko \u015bw. Franciszka i kapliczk\u0119, Ciekoty: Dworek i Muzeum Stefana \u017beromskiego, w przestrzeni Szklanego Domu \u2013 zbiory po\u015bwi\u0119cone pisarce Barbarze Wachowicz, we wsi Tarczek \u2013 XIII wieczny ko\u015bci\u00f3\u0142 pw. \u015aw. Idziego<\/p>\n\n\n\n<p class=\"has-medium-font-size\"><br><strong>4) \u201eWiecz\u00f3r z kultur\u0105\u201d<\/strong><br>Um. Nr 129\/W\/2024 z dn. 14.11.2024 (15.11-31.12.2024)<br>Z zakresu: Kultura, sztuka, ochrona d\u00f3br kultury i dziedzictwa narodowego<br>Koszt zadania: 7.710,81<br>Dotacja: 5.000,-<br>Wk\u0142ad finansowy: 2.500,06<br>Wk\u0142ad osobowy: 210,75<br>Bior\u0105c pod uwag\u0119 ograniczony dost\u0119p senior\u00f3w do bezpo\u015brednich dozna\u0144 artystycznych w dniu 07.12.2024 r. zorganizowali\u015bmy dla 50 os\u00f3b 60+ wyj\u015bcie do Parku Kultury na sztuk\u0119 teatraln\u0105 pt. \u2018Prezent urodzinowy\u201d w wykonaniu aktor\u00f3w Teatru Capitol z Warszawy.<\/p>\n\n\n\n<p class=\"has-medium-font-size\"><br><strong>B) Wsp\u00f3\u0142finansowane ze \u015brodk\u00f3w Powiatu Starachowickiego:<br>1) \u201eAktywizacja os\u00f3b starszych, maj\u0105ca na celu inspirowanie senior\u00f3w do wi\u0119kszego zaanga\u017cowania w \u017cycie spo\u0142eczne poprzez m.in. organizacj\u0119: prelekcji, spotka\u0144 z kultur\u0105, wyjazdy studyjnych, integracj\u0119 \u015brodowiska\u201d<\/strong><br>Um. Nr 69\/PS\/2024.17 z dn. 14.02.2024 (04.03- 28.06.2024)<br>Sfera: Dzia\u0142alno\u015b\u0107 na rzecz os\u00f3b w wieku emerytalnym<br>Koszt zadania: 4.285,11<br>Dotacja: 3.000,-<br>Wk\u0142ad finansowy: 925,01<br>Wk\u0142ad osobowy: 360,10<br>Zrealizowali\u015bmy wyjazd objazdowy \u2013 edukacyjn\u0105 wycieczk\u0119 po gminie Mirzec, w kt\u00f3rej udzia\u0142 wzi\u0119\u0142o 50 s\u0142uchaczy: spotkanie z w\u00f3jtem gminy, zwiedzanie zagrody edukacyjnej \u201eOjczysty Zak\u0105tek w Jagodnem, zwiedzanie Centrum Tw\u00f3rczo\u015bci Ludowej w Osinach Majorat, spotkanie z Ko\u0142em Gospody\u0144 Wiejskich i regionalistk\u0105 Pani\u0105 Iren\u0105 Zakrzewsk\u0105 przyczyni\u0142o si\u0119 do do poznania przez s\u0142uchaczy miejscowych d\u00f3br kultury i tradycji gminy Mirzec.<\/p>\n\n\n\n<p><br><strong>PODSUMOWANIE:<\/strong><br>Lp. Wsp\u00f3\u0142finansowanie z bud\u017cetu\/ Nr umowy zadania publicznego\/ Koszt zadania \/Dotacja\/ Wk\u0142ad finansowy\/ Wk\u0142ad osobowy<\/p>\n\n\n\n<ol>\n<li>Gmina<br>59\/W\/2024\/\/ 12.858,86\/\/ 9.500,-\/\/ 588,86 \/\/2.770,-<\/li>\n\n\n\n<li>Gmina<br>60\/W\/2024\/\/ 11.414,38 \/\/7.000,-\/\/ 6,08 \/\/4.408,30<\/li>\n\n\n\n<li>Gmina<br>94\/W\/2024 \/\/5.812,58\/\/5.000,- \/\/306,78\/\/ 505,80<\/li>\n\n\n\n<li>Gmina<br>129\/W\/2024 \/\/7.710,81 \/\/5.000,-\/\/ 2.500,06\/\/ 210,75<br><strong>Razem gmina<\/strong>: 37.796,63\/\/ 26.500,-\/\/ 3.401,78 \/\/7.894,85<\/li>\n<\/ol>\n\n\n\n<p><\/p>\n\n\n\n<ol>\n<li>Powiat 69\/PS\/2024.17\/\/ 4.285,11 \/\/3.000,- \/\/925,01\/\/360,10<br>Razem powiat: 4.285,11 3.000,- 925,01 360,10                                                                                        <br><strong>OG\u00d3\u0141EM : 42.081,74 -koszt zadania \/\/29.500 &#8211; dotacja \/\/4.326,79 &#8211; wk\u0142ad finansowy\/\/ 8.254,95 &#8211; wk\u0142ad osobowy<\/strong><\/li>\n<\/ol>\n\n\n\n<p>C) Wsp\u00f3lnie dzia\u0142ali\u015bmy na rzecz Europy zielonej, konkurencyjnej i sprzyjaj\u0105cej integracji spo\u0142ecznej. Realizowali\u015bmy umow\u0119 partnerstwa krajowego z dnia 30 listopada 2021 r. (jako partner Gminy Starachowice) dotycz\u0105c\u0105 realizacji projektu pn. Kierunek Przysz\u0142o\u015b\u0107 \u2013 Starachowicki Program Rozwoju Lokalnego, finansowanego ze \u015brodk\u00f3w Norweskiego Mechanizmu Finansowego 2014 \u2013 2021(85%) oraz Bud\u017cetu Pa\u0144stwa (15%)<br>w zakresie partycypacyjnego opracowania oferty EKO &#8211; szko\u0142y oraz realizacji pilota\u017cowego programu edukacji ekologicznej:<\/p>\n\n\n\n<ul>\n<li>budowa zio\u0142owego ogrodu spo\u0142eczno\u015bciowego w tym zakup altany ogrodowej- koordynacja dzia\u0142a\u0144:<br><strong>Koszt zadania w okresie 01.01 \u2013 30.04.2024 r. z\u0142: 22.002,56<\/strong> w tym:<br>14.407,59 (85%)<br>2.542,34 (15%)<br>wk\u0142ad w\u0142asny 5.052,63<\/li>\n<\/ul>\n\n\n\n<p>9 kwietnia 2024 r. na zako\u0144czenie projektu go\u015bcili\u015bmy w naszym Eko &#8211; ogrodzie Wiceprezydenta Starachowic Marcina Go\u0142\u0119biowskiego, M\u0142odzie\u017cow\u0105 Rad\u0119 Miasta i partner\u00f3w z Bergen w Norwegii.<\/p>\n\n\n\n<pre class=\"wp-block-code\"><code>                Przygotowa\u0142a: Dorota Jantos<\/code><\/pre>\n","protected":false},"excerpt":{"rendered":"<p>A) Wsp\u00f3\u0142finansowane ze \u015brodk\u00f3w Gminy Starachowice1) \u201eStarachowicka Biesiada Senioralna, mi\u0142e wspomnienia\u201dum. nr 59\/W\/2024 z dnia 15.03.2024 ( 15.03 &#8211; 30.06.2024)Z &hellip;<\/p>\n","protected":false},"author":3,"featured_media":0,"comment_status":"open","ping_status":"open","sticky":true,"template":"","format":"standard","meta":{"footnotes":""},"categories":[41],"tags":[],"_links":{"self":[{"href":"https:\/\/utwstarachowice.pl\/index.php?rest_route=\/wp\/v2\/posts\/6010"}],"collection":[{"href":"https:\/\/utwstarachowice.pl\/index.php?rest_route=\/wp\/v2\/posts"}],"about":[{"href":"https:\/\/utwstarachowice.pl\/index.php?rest_route=\/wp\/v2\/types\/post"}],"author":[{"embeddable":true,"href":"https:\/\/utwstarachowice.pl\/index.php?rest_route=\/wp\/v2\/users\/3"}],"replies":[{"embeddable":true,"href":"https:\/\/utwstarachowice.pl\/index.php?rest_route=%2Fwp%2Fv2%2Fcomments&post=6010"}],"version-history":[{"count":4,"href":"https:\/\/utwstarachowice.pl\/index.php?rest_route=\/wp\/v2\/posts\/6010\/revisions"}],"predecessor-version":[{"id":6018,"href":"https:\/\/utwstarachowice.pl\/index.php?rest_route=\/wp\/v2\/posts\/6010\/revisions\/6018"}],"wp:attachment":[{"href":"https:\/\/utwstarachowice.pl\/index.php?rest_route=%2Fwp%2Fv2%2Fmedia&parent=6010"}],"wp:term":[{"taxonomy":"category","embeddable":true,"href":"https:\/\/utwstarachowice.pl\/index.php?rest_route=%2Fwp%2Fv2%2Fcategories&post=6010"},{"taxonomy":"post_tag","embeddable":true,"href":"https:\/\/utwstarachowice.pl\/index.php?rest_route=%2Fwp%2Fv2%2Ftags&post=6010"}],"curies":[{"name":"wp","href":"https:\/\/api.w.org\/{rel}","templated":true}]}}