{"id":60,"date":"2015-12-28T13:53:21","date_gmt":"2015-12-28T12:53:21","guid":{"rendered":"https:\/\/utwstarachowice.pl\/2015\/12\/28\/komunikaty-styczen-2016\/"},"modified":"2015-12-28T13:53:21","modified_gmt":"2015-12-28T12:53:21","slug":"komunikaty-styczen-2016","status":"publish","type":"post","link":"https:\/\/utwstarachowice.pl\/?p=60","title":{"rendered":"KOMUNIKATY-STYCZE\u0143 2016"},"content":{"rendered":"<p align=\"center\"><span style=\"font-family: arial,helvetica,sans-serif; font-size: large;\"><strong><span style=\"text-decoration: underline;\"><span style=\"color: #000000;\">Komunikaty dla s\u0142uchaczy UTW<\/span><\/span><\/strong><\/span><\/p>\n<p align=\"center\"><span style=\"font-family: arial,helvetica,sans-serif; font-size: large;\"><strong><span style=\"text-decoration: underline;\"><span style=\"color: #000000;\">na stycze\u0144 2016r.<\/span><\/span><\/strong><\/span><\/p>\n<p><span style=\"text-decoration: underline;\"><span style=\"color: #000000;\">\u00a0<\/span><\/span><span style=\"color: #000000;\"><strong><span style=\"text-decoration: underline;\">08-01-2016 r. <\/span><\/strong><span style=\"text-decoration: underline;\">(pi\u0105tek)<\/span><\/span><\/p>\n<p><span style=\"color: #000000;\">Zapraszamy na \u201eSpotkanie Op\u0142atkowe\u201d o godz. 15.30 do 19.00 w ZSZ nr 1 (ul. Radomska 72).<\/span><\/p>\n<p><span style=\"color: #000000;\"><strong><span style=\"text-decoration: underline;\">09-01-2016 r. <\/span><\/strong><span style=\"text-decoration: underline;\">(sobota) i <strong>13-01-2016 (\u015broda)<\/strong><\/span><\/span><\/p>\n<p><span style=\"color: #000000;\">Oko\u0142o 3 kilometrowy spacer po pi\u0119knej okolicy Starachowic. Planowane jest ognisko przy parowozowni SKW. <\/span><\/p>\n<p><span style=\"color: #000000;\">Zbi\u00f3rka ch\u0119tnych o godz. 10.30 na przystanku MZK (ul. Armii Krajowej-\u201eBistro\u201d). Przejazd autobusem nr 21 na ul. Warszawka.<\/span><\/p>\n<p><span style=\"color: #000000;\"><strong><span style=\"text-decoration: underline;\">10-01-2016 r. <\/span><\/strong><span style=\"text-decoration: underline;\">(niedziela)<\/span><\/span><\/p>\n<p><span style=\"color: #000000;\">W ramach \u201eWielkiej Orkiestry \u015awi\u0105tecznej Pomocy\u201d w holu Starachowickiego Centrum Kultury b\u0119dzie zorganizowane stoisko obs\u0142ugiwane przez s\u0142uchaczy UTW. Ch\u0119tnych prosimy do pomocy.<\/span><\/p>\n<p><span style=\"color: #000000;\"><span style=\"text-decoration: underline;\">Serdecznie zach\u0119camy wszystkich s\u0142uchaczy UTW do czynnego udzia\u0142u w kolejnej edycji WO\u015aP<\/span><strong>.<\/strong><\/span><\/p>\n<p><span style=\"color: #000000;\"><strong><span style=\"text-decoration: underline;\">13-01-2016 r.(\u015broda<\/span><\/strong><span style=\"text-decoration: underline;\">)<\/span><\/span><\/p>\n<p><span style=\"color: #000000;\">Wyjazd do Solca na baseny siarczkowe &#8211; zbi\u00f3rka godz. 8.00 na parkingu przy galerii \u201eSka\u0142ka\u201d.<\/span><\/p>\n<p><span style=\"color: #000000;\"><span style=\"text-decoration: underline;\">Zapisy przyjmuje Halina Sidor <\/span>( tel. 791\u00a0431\u00a0857) do 10 stycznia 2016r.(op\u0142ata po 55 z\u0142.).<\/span><\/p>\n<p><span style=\"color: #000000;\"><strong><span style=\"text-decoration: underline;\">30-01-2016 r. <\/span><\/strong><span style=\"text-decoration: underline;\">(sobota)<\/span><\/span><\/p>\n<p><span style=\"color: #000000;\">Zabawa karnawa\u0142owa w Sali bankietowej ZDZ (ul. Wojska Polskiego) o godz. 16.00. <\/span><span style=\"text-decoration: underline;\"><span style=\"color: #000000;\">Op\u0142ata 35 z\u0142. W cenie jest zagwarantowana sala, zesp\u00f3\u0142 muzyczny Macieja Bidzi\u0144skiego oraz catering wraz z obs\u0142ug\u0105.Wp\u0142aty przyjmujemy 04.01-28.01.2016r.\u00a0 <\/span><span style=\"color: #000000;\">w siedzibie biura UTW (ul.Szkolna). <\/span><\/span><\/p>\n<p><span style=\"text-decoration: underline;\"><span style=\"color: #000000;\">\u00a0<\/span><\/span><\/p>\n<p align=\"center\"><strong><span style=\"text-decoration: underline;\"><span style=\"color: #000000;\">UWAGA!!!!!!!!!!!<\/span><\/span><\/strong><\/p>\n<ul>\n<li>\n<p><strong>Zaj\u0119cia w styczniu b\u0119d\u0105 od 04.01.-18.01.2016r. ze wzgl\u0119du na\u00a0okres\u00a0ferii. Wyj\u0105tek stanowi\u0105 sekcje, kt\u00f3re zaplanuj\u0105 spotkania w czasie przerwy zimowej.<\/strong><\/p>\n<\/li>\n<li>\n<p><strong>Zaj\u0119cia z jogi od stycznia b\u0119d\u0105 rozpoczyna\u0142y si\u0119: o godz. 8.00 grupa I , a grupa II o godz. 9.00 (w okresie ferii zimowych r\u00f3wnie\u017c).<\/strong><\/p>\n<\/li>\n<li>\n<p><strong>W styczniu b\u0119dzie mo\u017cliwo\u015b\u0107 zakupienia efektownego \u201eKalendarza UTW na 2016 r.\u201d (po12-,z\u0142.), opatrzonego artystycznymi zdj\u0119ciami wspania\u0142ych modelek starachowickiego UTW \ud83d\ude42<\/strong><strong>. Wydawnictwo b\u0119dzie dost\u0119pne w biurze UTW (ul. Szkolna).<\/strong><\/p>\n<\/li>\n<\/ul>\n<p><strong><span style=\"text-decoration: underline;\"><span style=\"color: #000000;\">Przypominamy o konieczno\u015bci wniesienia op\u0142at czesnego. <\/span><\/span><\/strong><\/p>\n<p><strong><span style=\"text-decoration: underline;\"><span style=\"color: #000000;\">Bardzo prosimy o uregulowanie ewentualnych zaleg\u0142o\u015bci za pierwszy sem. oraz terminowe wp\u0142aty za drugi sem. (do 30 stycznia 2016r.). <\/span><\/span><\/strong><\/p>\n<p><strong><span style=\"text-decoration: underline;\"><span style=\"color: #000000;\">Wszystkie zapisy i op\u0142aty przyjmujemy na dy\u017curach w biurze UTW !!!!!!!!!!<\/span><\/span><\/strong><\/p>\n<p align=\"center\"><span style=\"color: #000000;\"><strong>ZAPRASZAMY \ud83d\ude42<\/strong><\/span><\/p>\n","protected":false},"excerpt":{"rendered":"<p>Komunikaty dla s\u0142uchaczy UTW na stycze\u0144 2016r. \u00a008-01-2016 r. (pi\u0105tek) Zapraszamy na \u201eSpotkanie Op\u0142atkowe\u201d o godz. 15.30 do 19.00 w &hellip;<\/p>\n","protected":false},"author":3,"featured_media":0,"comment_status":"open","ping_status":"open","sticky":true,"template":"","format":"standard","meta":{"footnotes":""},"categories":[1],"tags":[],"_links":{"self":[{"href":"https:\/\/utwstarachowice.pl\/index.php?rest_route=\/wp\/v2\/posts\/60"}],"collection":[{"href":"https:\/\/utwstarachowice.pl\/index.php?rest_route=\/wp\/v2\/posts"}],"about":[{"href":"https:\/\/utwstarachowice.pl\/index.php?rest_route=\/wp\/v2\/types\/post"}],"author":[{"embeddable":true,"href":"https:\/\/utwstarachowice.pl\/index.php?rest_route=\/wp\/v2\/users\/3"}],"replies":[{"embeddable":true,"href":"https:\/\/utwstarachowice.pl\/index.php?rest_route=%2Fwp%2Fv2%2Fcomments&post=60"}],"version-history":[{"count":0,"href":"https:\/\/utwstarachowice.pl\/index.php?rest_route=\/wp\/v2\/posts\/60\/revisions"}],"wp:attachment":[{"href":"https:\/\/utwstarachowice.pl\/index.php?rest_route=%2Fwp%2Fv2%2Fmedia&parent=60"}],"wp:term":[{"taxonomy":"category","embeddable":true,"href":"https:\/\/utwstarachowice.pl\/index.php?rest_route=%2Fwp%2Fv2%2Fcategories&post=60"},{"taxonomy":"post_tag","embeddable":true,"href":"https:\/\/utwstarachowice.pl\/index.php?rest_route=%2Fwp%2Fv2%2Ftags&post=60"}],"curies":[{"name":"wp","href":"https:\/\/api.w.org\/{rel}","templated":true}]}}