{"id":5987,"date":"2026-01-08T15:16:22","date_gmt":"2026-01-08T14:16:22","guid":{"rendered":"https:\/\/utwstarachowice.pl\/?p=5987"},"modified":"2026-01-16T10:42:59","modified_gmt":"2026-01-16T09:42:59","slug":"styczen-2026r-komunikaty","status":"publish","type":"post","link":"https:\/\/utwstarachowice.pl\/?p=5987","title":{"rendered":"Stycze\u0144 2026r. &#8211; Komunikaty"},"content":{"rendered":"\n<p><\/p>\n\n\n\n<p class=\"has-medium-font-size\"><strong>07.01. 2026; godz. 11:00<\/strong> \u2013 Cykl zaj\u0119\u0107 \u201eJak grzyby kszta\u0142tuj\u0105 nasz \u015bwiat\u201d<br>\u2013 <em>Cz.1- Podziemne labirynty lasu.<\/em><br>Sekcja przyrodnicza &#8211; Prowadz\u0105ca: dr Krystyna Dutkiewicz<br><\/p>\n\n\n\n<p class=\"has-medium-font-size\"><strong>08.01.2026- godz. 10:00<\/strong> \u2013 <em>Pocz\u0105tek cywilizacji nad Eufratem i Tygrysem<\/em><br>Sekcja geograficzna- Prowadz\u0105ca: El\u017cbieta Durlej<\/p>\n\n\n\n<p class=\"has-medium-font-size\"><strong>12.01.2026- godz. 11:00 <\/strong>\u2013 <em>Wyk\u0142ad: \u201e100 lat obronno\u015bci\u201d<\/em> Pawe\u0142 Ko\u0142odziejski \u2013 Dyrektor Muzeum Przyrody i Techniki \u201eEkomuzeum\u201d  im. J. Pazdura w Starachowicach<\/p>\n\n\n\n<p class=\"has-medium-font-size\"><strong>16.01.2026- godz. 17:00<\/strong> \u2013 <em>\u201eTajemnica Bo\u017cego Narodzenia\u201d \u2013 monta\u017c s\u0142owno \u2013 muzyczny<\/em> w wykonaniu s\u0142uchaczy UTW: sekcja poetycko \u2013 literacka \u201eFeniks\u201d i sekcja wokalna \u201eSrebrne Nuty\u201d w Miejskiej Bibliotece Publicznej w Starachowicach; ul. J.Kochanowskiego 5<\/p>\n\n\n\n<p class=\"has-medium-font-size\">Uwaga!<br><strong><em>Zaj\u0119cia z projektu EDUSENIOR <\/em><\/strong>\u2013 warsztaty z kompetencji cyfrowych ustalone s\u0105 dla:<br><strong>Grupy I: w godz. 10:45 \u2013 13:45 w dniach 09.01 i 16.01.2026 r.<br>Grupy II: w godz. 13:45 \u2013 16:45 w dniach 09.01 i 16.01.2026 r.<\/strong><\/p>\n\n\n\n<p class=\"has-medium-font-size\">O nast\u0119pnych terminach dla w\/w grup i o terminach zaj\u0119\u0107 dla Grup III i IV b\u0119dziemy informowa\u0107 w kolejnych komunikatach na stronie internetowej UTW i na FB.<\/p>\n\n\n\n<p class=\"has-medium-font-size\"><strong><em>19.01.2026 r. \u2013 01.02.2026 r. : Ferie zimowe<\/em><\/strong><\/p>\n\n\n\n<pre class=\"wp-block-code has-medium-font-size\"><code>Wspaniali Studenci UTW!\nFerie to nie tylko przerwa od wyk\u0142ad\u00f3w i zaj\u0119\u0107, ale czas na w\u0142asne odkrycia.<\/code><\/pre>\n\n\n\n<p class=\"has-medium-font-size\">\u017byczymy Wam pi\u0119knych zimowych spacer\u00f3w, inspiruj\u0105cych lektur i chwil wytchnienia od codziennych obowi\u0105zk\u00f3w.<br>Niech ferie b\u0119d\u0105 regeneracj\u0105 dla cia\u0142a i ducha. Niech na\u0142aduj\u0105 Was pozytywn\u0105 energi\u0105, a po powrocie z entuzjazmem podejmijcie nowe wyzwania na naszym Uniwersytecie.<br>Do zobaczenia wkr\u00f3tce! <\/p>\n\n\n\n<p class=\"has-medium-font-size\"><strong>Zarz\u0105d Uniwersytetu Trzeciego Wieku w Starachowicach<\/strong><\/p>\n","protected":false},"excerpt":{"rendered":"<p>07.01. 2026; godz. 11:00 \u2013 Cykl zaj\u0119\u0107 \u201eJak grzyby kszta\u0142tuj\u0105 nasz \u015bwiat\u201d\u2013 Cz.1- Podziemne labirynty lasu.Sekcja przyrodnicza &#8211; Prowadz\u0105ca: dr &hellip;<\/p>\n","protected":false},"author":3,"featured_media":0,"comment_status":"open","ping_status":"open","sticky":false,"template":"","format":"standard","meta":{"footnotes":""},"categories":[45],"tags":[],"_links":{"self":[{"href":"https:\/\/utwstarachowice.pl\/index.php?rest_route=\/wp\/v2\/posts\/5987"}],"collection":[{"href":"https:\/\/utwstarachowice.pl\/index.php?rest_route=\/wp\/v2\/posts"}],"about":[{"href":"https:\/\/utwstarachowice.pl\/index.php?rest_route=\/wp\/v2\/types\/post"}],"author":[{"embeddable":true,"href":"https:\/\/utwstarachowice.pl\/index.php?rest_route=\/wp\/v2\/users\/3"}],"replies":[{"embeddable":true,"href":"https:\/\/utwstarachowice.pl\/index.php?rest_route=%2Fwp%2Fv2%2Fcomments&post=5987"}],"version-history":[{"count":1,"href":"https:\/\/utwstarachowice.pl\/index.php?rest_route=\/wp\/v2\/posts\/5987\/revisions"}],"predecessor-version":[{"id":5988,"href":"https:\/\/utwstarachowice.pl\/index.php?rest_route=\/wp\/v2\/posts\/5987\/revisions\/5988"}],"wp:attachment":[{"href":"https:\/\/utwstarachowice.pl\/index.php?rest_route=%2Fwp%2Fv2%2Fmedia&parent=5987"}],"wp:term":[{"taxonomy":"category","embeddable":true,"href":"https:\/\/utwstarachowice.pl\/index.php?rest_route=%2Fwp%2Fv2%2Fcategories&post=5987"},{"taxonomy":"post_tag","embeddable":true,"href":"https:\/\/utwstarachowice.pl\/index.php?rest_route=%2Fwp%2Fv2%2Ftags&post=5987"}],"curies":[{"name":"wp","href":"https:\/\/api.w.org\/{rel}","templated":true}]}}