{"id":5981,"date":"2026-01-05T18:15:58","date_gmt":"2026-01-05T17:15:58","guid":{"rendered":"https:\/\/utwstarachowice.pl\/?p=5981"},"modified":"2026-01-16T11:12:12","modified_gmt":"2026-01-16T10:12:12","slug":"rada-naukowa-utw-starachowice-rok-akademicki-2025-2026","status":"publish","type":"post","link":"https:\/\/utwstarachowice.pl\/?p=5981","title":{"rendered":"RADA NAUKOWA UTW Starachowice &#8211; Rok Akademicki 2025\/2026"},"content":{"rendered":"\n<figure class=\"wp-block-image size-thumbnail\"><img loading=\"lazy\" decoding=\"async\" width=\"150\" height=\"150\" src=\"https:\/\/utwstarachowice.pl\/wp-content\/uploads\/2026\/01\/cropped-logo_utw-1-150x150.png\" alt=\"\" class=\"wp-image-5976\" srcset=\"https:\/\/utwstarachowice.pl\/wp-content\/uploads\/2026\/01\/cropped-logo_utw-1-150x150.png 150w, https:\/\/utwstarachowice.pl\/wp-content\/uploads\/2026\/01\/cropped-logo_utw-1-300x300.png 300w, https:\/\/utwstarachowice.pl\/wp-content\/uploads\/2026\/01\/cropped-logo_utw-1.png 512w\" sizes=\"(max-width: 150px) 100vw, 150px\" \/><\/figure>\n\n\n\n<p class=\"has-medium-font-size\"><strong>dr Marcin Go\u0142\u0119biowski<\/strong> &#8211; Zast\u0119pca Prezydenta Starachowic ds. Spo\u0142ecznych<\/p>\n\n\n\n<p class=\"has-medium-font-size\"><strong>Piotr Babicki<\/strong> &#8211; Starosta Starachowicki<\/p>\n\n\n\n<p class=\"has-medium-font-size\"><strong>dr Anna Przygoda<\/strong> &#8211; Zak\u0142ad Edukacji Doros\u0142ych Wydzia\u0142 Pedagogiki i Psychologii Uniwersytet Jana Kochanowskiego w Kielcach<\/p>\n\n\n\n<p class=\"has-medium-font-size\"><strong>dr Krystyna Dutkiewicz<\/strong> &#8211; biolog<\/p>\n\n\n\n<p class=\"has-medium-font-size\"><strong>Agnieszka Lasek &#8211; Piwarska<\/strong> &#8211; Dyrektor Parku Kultury w Starachowicach<\/p>\n\n\n\n<p class=\"has-medium-font-size\"><strong>Pawe\u0142 Ko\u0142odziejski<\/strong> &#8211; Dyrektor Muzeum Przyrody i Techniki &#8222;EKOMUZEUM&#8221; im. Jana Pazdura w Starachowicach<\/p>\n\n\n\n<p class=\"has-medium-font-size\"><strong>Krzysztof Chaja<\/strong> &#8211; W\u0142a\u015bciciel PPUH PERFOPOL Sp. z o.o. w Starachowicach<\/p>\n\n\n\n<p class=\"has-medium-font-size\"><strong>Edward P\u0142usa<\/strong> -W\u0142a\u015bciciel STARPOL II Sp. z o.o. w Starachowicach<\/p>\n\n\n\n<p class=\"has-medium-font-size\"><strong>Leszek Walczyk<\/strong> &#8211; Prezes Zarz\u0105du Odlewnie Polskie S.A.<\/p>\n\n\n\n<p class=\"has-medium-font-size\"><strong>dr Magdalena Grochulska<\/strong> &#8211; Rektor Powszechnej Wy\u017cszej Szko\u0142y Humanistycznej &#8222;Pomerania&#8221; w Chojnicach Wydzia\u0142 Zamiejscowy w Starachowicach<\/p>\n\n\n\n<p class=\"has-medium-font-size\"><strong>Eligiusz Mich<\/strong> &#8211; Cz\u0142onek Zarz\u0105du Specjalnej Strefy Ekonomicznej &#8222;Starachowice&#8221; S.A.<\/p>\n\n\n\n<p class=\"has-medium-font-size\"><strong>dr Marek Enerlich<\/strong> &#8211; Dziekan Wydzia\u0142u Nauk Humanistycznych i Administracji Powszechnej Wy\u017cszej Szko\u0142y Humanistycznej &#8222;Pomerania&#8221; w Chojnicach Wydzia\u0142 Zamiejscowy w Starachowicach<\/p>\n\n\n\n<p class=\"has-medium-font-size\"><strong>Jerzy Krawczyk<\/strong> &#8211; Prezes Zarz\u0105du Uniwersytetu Trzeciego Wieku w Starachowicach<\/p>\n\n\n\n<p class=\"has-medium-font-size\"><strong>Dorota Jantos<\/strong> &#8211; Wiceprezes Zarz\u0105du Uniwersytetu Trzeciego Wieku w Starachowicach<\/p>\n\n\n\n<p class=\"has-medium-font-size\"><\/p>\n\n\n\n<p><\/p>\n","protected":false},"excerpt":{"rendered":"<p>dr Marcin Go\u0142\u0119biowski &#8211; Zast\u0119pca Prezydenta Starachowic ds. Spo\u0142ecznych Piotr Babicki &#8211; Starosta Starachowicki dr Anna Przygoda &#8211; Zak\u0142ad Edukacji &hellip;<\/p>\n","protected":false},"author":3,"featured_media":0,"comment_status":"open","ping_status":"open","sticky":true,"template":"","format":"standard","meta":{"footnotes":""},"categories":[30,34],"tags":[],"_links":{"self":[{"href":"https:\/\/utwstarachowice.pl\/index.php?rest_route=\/wp\/v2\/posts\/5981"}],"collection":[{"href":"https:\/\/utwstarachowice.pl\/index.php?rest_route=\/wp\/v2\/posts"}],"about":[{"href":"https:\/\/utwstarachowice.pl\/index.php?rest_route=\/wp\/v2\/types\/post"}],"author":[{"embeddable":true,"href":"https:\/\/utwstarachowice.pl\/index.php?rest_route=\/wp\/v2\/users\/3"}],"replies":[{"embeddable":true,"href":"https:\/\/utwstarachowice.pl\/index.php?rest_route=%2Fwp%2Fv2%2Fcomments&post=5981"}],"version-history":[{"count":4,"href":"https:\/\/utwstarachowice.pl\/index.php?rest_route=\/wp\/v2\/posts\/5981\/revisions"}],"predecessor-version":[{"id":6053,"href":"https:\/\/utwstarachowice.pl\/index.php?rest_route=\/wp\/v2\/posts\/5981\/revisions\/6053"}],"wp:attachment":[{"href":"https:\/\/utwstarachowice.pl\/index.php?rest_route=%2Fwp%2Fv2%2Fmedia&parent=5981"}],"wp:term":[{"taxonomy":"category","embeddable":true,"href":"https:\/\/utwstarachowice.pl\/index.php?rest_route=%2Fwp%2Fv2%2Fcategories&post=5981"},{"taxonomy":"post_tag","embeddable":true,"href":"https:\/\/utwstarachowice.pl\/index.php?rest_route=%2Fwp%2Fv2%2Ftags&post=5981"}],"curies":[{"name":"wp","href":"https:\/\/api.w.org\/{rel}","templated":true}]}}