{"id":5974,"date":"2026-01-05T17:28:34","date_gmt":"2026-01-05T16:28:34","guid":{"rendered":"https:\/\/utwstarachowice.pl\/?p=5974"},"modified":"2026-01-16T15:15:52","modified_gmt":"2026-01-16T14:15:52","slug":"komunikaty-styczen-2026","status":"publish","type":"post","link":"https:\/\/utwstarachowice.pl\/?p=5974","title":{"rendered":"Komunikaty &#8211; STYCZE\u0143 2026"},"content":{"rendered":"\n<figure class=\"wp-block-image size-full is-resized\"><img loading=\"lazy\" decoding=\"async\" width=\"512\" height=\"512\" src=\"https:\/\/utwstarachowice.pl\/wp-content\/uploads\/2026\/01\/cropped-logo_utw-1.png\" alt=\"\" class=\"wp-image-5976\" style=\"width:182px;height:auto\" srcset=\"https:\/\/utwstarachowice.pl\/wp-content\/uploads\/2026\/01\/cropped-logo_utw-1.png 512w, https:\/\/utwstarachowice.pl\/wp-content\/uploads\/2026\/01\/cropped-logo_utw-1-300x300.png 300w, https:\/\/utwstarachowice.pl\/wp-content\/uploads\/2026\/01\/cropped-logo_utw-1-150x150.png 150w\" sizes=\"(max-width: 512px) 100vw, 512px\" \/><\/figure>\n\n\n\n<p><img decoding=\"async\" src=\"\" style=\"\"><br><strong><u>KOMUNIKATY NA&nbsp; STYCZE\u0143 2026 r.<br><br><br><\/u><\/strong><\/p>\n\n\n\n<p><strong>07.01. godz. 11:00<\/strong> <strong>\u2013 Cykl zaj\u0119\u0107 \u201eJak grzyby kszta\u0142tuj\u0105 nasz \u015bwiat\u201d<br>&nbsp;&nbsp;&nbsp;&nbsp;&nbsp;&nbsp;&nbsp;&nbsp;&nbsp;&nbsp;&nbsp;&nbsp;&nbsp;&nbsp;&nbsp;&nbsp;&nbsp;&nbsp;&nbsp;&nbsp;&nbsp;&nbsp;&nbsp;&nbsp;&nbsp;&nbsp;&nbsp;&nbsp;&nbsp;&nbsp;&nbsp;&nbsp;&nbsp;&nbsp; \u2013 Cz. 1 Podziemne labirynty lasu.  <em>Sekcja przyrodnicza &#8211; &nbsp;Prowadz\u0105ca: dr Krystyna Dutkiewicz &#8211; &nbsp;Zaj\u0119cia wyj\u0105tkowo w \u015brod\u0119! <\/em><\/strong><\/p>\n\n\n\n<p><strong>08.01. godz. 10:00 \u2013 Pocz\u0105tek cywilizacji nad Eufratem i Tygrysem &#8211; <em>Sekcja geograficzna- \u00a0Prowadz\u0105ca: El\u017cbieta Durlej<br><\/em><br>12.01 godz. 11:00 \u2013 Wyk\u0142ad: \u201e100 lat obronno\u015bci\u201d<\/strong> &#8211; <strong>Pa<em>we\u0142 Ko\u0142odziejski \u2013 Dyrektor MP i T \u201eEkomuzeum\u201d im. J.Pazdura <br><br><\/em>16.01. godz. 17:00 <em>\u2013 <\/em>\u201eTajemnica Bo\u017cego Narodzenia\u201d <em>\u2013 monta\u017c s\u0142owno \u2013 muzyczny w\u00a0\u00a0\u00a0\u00a0\u00a0\u00a0\u00a0\u00a0\u00a0\u00a0\u00a0\u00a0\u00a0\u00a0 \u00a0\u00a0\u00a0\u00a0\u00a0\u00a0\u00a0\u00a0\u00a0\u00a0\u00a0\u00a0\u00a0\u00a0\u00a0\u00a0\u00a0\u00a0\u00a0\u00a0\u00a0\u00a0\u00a0\u00a0\u00a0\u00a0\u00a0\u00a0\u00a0 wykonaniu\u00a0 s\u0142uchaczy UTW: sekcja poetycko \u2013 literacka \u201eFeniks\u201d<br>\u00a0\u00a0\u00a0\u00a0\u00a0\u00a0\u00a0\u00a0\u00a0\u00a0\u00a0\u00a0\u00a0\u00a0\u00a0\u00a0\u00a0\u00a0\u00a0\u00a0\u00a0\u00a0\u00a0\u00a0\u00a0\u00a0\u00a0\u00a0\u00a0\u00a0\u00a0\u00a0\u00a0\u00a0 i sekcja wokalna \u201eSrebrne Nuty\u201d<\/em><\/strong> &#8211; <strong>MBP w Starachowicach\u00a0\u00a0\u00a0\u00a0\u00a0<\/strong><\/p>\n\n\n\n<p><\/p>\n\n\n\n<p><strong><em><br>Uwaga!<br>Zaj\u0119cia z projektu EDUSENIOR \u2013 warsztaty z kompetencji cyfrowych ustalone s\u0105 dla:<br>Grupy I: w godz. 10:45 \u2013 13:45 w dniach 09.01 i 16.01.2026 r.<br>Grupy II: w godz. 13:45 \u2013 16:45 w dniach 09.01 i 16.01.2026 r.<br><br>O nast\u0119pnych terminach dla w\/w grup i o terminach zaj\u0119\u0107 dla Grup III i IV b\u0119dziemy informowa\u0107 w kolejnych komunikatach na stronie internetowej UTW i na FB.<br><br><br><\/em><u>19.01.2026 r. \u2013 01.02.2026 r. : Ferie zimowe<br><br><\/u>&nbsp;&nbsp;&nbsp;&nbsp;&nbsp;&nbsp;&nbsp;&nbsp;&nbsp; <em>Wspaniali Studenci UTW!<\/em><br>&nbsp;&nbsp;&nbsp;&nbsp;&nbsp;&nbsp;&nbsp;&nbsp;&nbsp; Ferie to nie tylko przerwa od wyk\u0142ad\u00f3w i zaj\u0119\u0107, ale czas na w\u0142asne odkrycia.<br>\u017byczymy Wam pi\u0119knych zimowych spacer\u00f3w, inspiruj\u0105cych lektur i chwil wytchnienia od codziennych obowi\u0105zk\u00f3w.<br>         Niech ferie b\u0119d\u0105 regeneracj\u0105 dla cia\u0142a i ducha. Niech na\u0142aduj\u0105 Was pozytywn\u0105 energi\u0105, a po powrocie z entuzjazmem podejmijcie nowe wyzwania na naszym Uniwersytecie.<br>Do zobaczenia wkr\u00f3tce!<br>Zarz\u0105d Uniwersytetu Trzeciego Wieku w Starachowicach<u><br><\/u><\/strong><\/p>\n","protected":false},"excerpt":{"rendered":"<p>KOMUNIKATY NA&nbsp; STYCZE\u0143 2026 r. 07.01. godz. 11:00 \u2013 Cykl zaj\u0119\u0107 \u201eJak grzyby kszta\u0142tuj\u0105 nasz \u015bwiat\u201d&nbsp;&nbsp;&nbsp;&nbsp;&nbsp;&nbsp;&nbsp;&nbsp;&nbsp;&nbsp;&nbsp;&nbsp;&nbsp;&nbsp;&nbsp;&nbsp;&nbsp;&nbsp;&nbsp;&nbsp;&nbsp;&nbsp;&nbsp;&nbsp;&nbsp;&nbsp;&nbsp;&nbsp;&nbsp;&nbsp;&nbsp;&nbsp;&nbsp;&nbsp; \u2013 Cz. 1 Podziemne &hellip;<\/p>\n","protected":false},"author":3,"featured_media":0,"comment_status":"closed","ping_status":"closed","sticky":true,"template":"","format":"standard","meta":{"footnotes":""},"categories":[49],"tags":[],"_links":{"self":[{"href":"https:\/\/utwstarachowice.pl\/index.php?rest_route=\/wp\/v2\/posts\/5974"}],"collection":[{"href":"https:\/\/utwstarachowice.pl\/index.php?rest_route=\/wp\/v2\/posts"}],"about":[{"href":"https:\/\/utwstarachowice.pl\/index.php?rest_route=\/wp\/v2\/types\/post"}],"author":[{"embeddable":true,"href":"https:\/\/utwstarachowice.pl\/index.php?rest_route=\/wp\/v2\/users\/3"}],"replies":[{"embeddable":true,"href":"https:\/\/utwstarachowice.pl\/index.php?rest_route=%2Fwp%2Fv2%2Fcomments&post=5974"}],"version-history":[{"count":4,"href":"https:\/\/utwstarachowice.pl\/index.php?rest_route=\/wp\/v2\/posts\/5974\/revisions"}],"predecessor-version":[{"id":5980,"href":"https:\/\/utwstarachowice.pl\/index.php?rest_route=\/wp\/v2\/posts\/5974\/revisions\/5980"}],"wp:attachment":[{"href":"https:\/\/utwstarachowice.pl\/index.php?rest_route=%2Fwp%2Fv2%2Fmedia&parent=5974"}],"wp:term":[{"taxonomy":"category","embeddable":true,"href":"https:\/\/utwstarachowice.pl\/index.php?rest_route=%2Fwp%2Fv2%2Fcategories&post=5974"},{"taxonomy":"post_tag","embeddable":true,"href":"https:\/\/utwstarachowice.pl\/index.php?rest_route=%2Fwp%2Fv2%2Ftags&post=5974"}],"curies":[{"name":"wp","href":"https:\/\/api.w.org\/{rel}","templated":true}]}}