{"id":5901,"date":"2025-11-22T17:55:41","date_gmt":"2025-11-22T16:55:41","guid":{"rendered":"https:\/\/utwstarachowice.pl\/?p=5901"},"modified":"2025-11-22T17:55:41","modified_gmt":"2025-11-22T16:55:41","slug":"marcinkow","status":"publish","type":"post","link":"https:\/\/utwstarachowice.pl\/?p=5901","title":{"rendered":"MARCINK\u00d3W"},"content":{"rendered":"\n<p>Pod honorowym patronatem Burmistrza Miasta i Gminy W\u0105chock Roberta Janusa, 8 listopada w Wiejskim Domu Kultury w Marcinkowie odby\u0142 si\u0119 wyj\u0105tkowy Dzie\u0144 Seniora.<\/p>\n\n\n\n<p><img loading=\"lazy\" decoding=\"async\" height=\"16\" width=\"16\" alt=\"\u263a\ufe0f\" src=\"https:\/\/static.xx.fbcdn.net\/images\/emoji.php\/v9\/tfb\/1\/16\/263a.png\"> Uroczysto\u015b\u0107 zgromadzi\u0142a liczne grono mieszka\u0144c\u00f3w, senior\u00f3w oraz zaproszonych go\u015bci, w\u015br\u00f3d kt\u00f3rych znale\u017ali si\u0119 przedstawiciele \u015awi\u0119tokrzyskiej Grupy Wojew\u00f3dzkiego Mi\u0119dzynarodowego Stowarzyszenia IPA.<\/p>\n\n\n\n<p><img loading=\"lazy\" decoding=\"async\" height=\"16\" width=\"16\" alt=\"\ud83d\udc83\" src=\"https:\/\/static.xx.fbcdn.net\/images\/emoji.php\/v9\/tc7\/1\/16\/1f483.png\"> Cz\u0119\u015b\u0107 artystyczna przynios\u0142a wiele emocji i u\u015bmiechu. Na scenie w<a><\/a>yst\u0105pi\u0142a SCENA UTW ze Starachowic w znakomitej komedii \u201eBiuro matrymonialne\u201d. Nie zabrak\u0142o r\u00f3wnie\u017c wyst\u0119pu grupy tanecznej \u201eThe Fifty Five\u201d z UTW Skar\u017cysko-Kamienna, kt\u00f3ra zachwyci\u0142a energicznym i pe\u0142nym wdzi\u0119ku pokazem ta\u0144ca. Swoje talenty zaprezentowa\u0142o tak\u017ce Ko\u0142o Gospody\u0144 Wiejskich z Marcinkowa.<\/p>\n\n\n\n<p><img loading=\"lazy\" decoding=\"async\" height=\"16\" width=\"16\" alt=\"\ud83c\udfa4\" src=\"https:\/\/static.xx.fbcdn.net\/images\/emoji.php\/v9\/t7e\/1\/16\/1f3a4.png\"> O muzyczn\u0105 opraw\u0119 wieczoru zadba\u0142 Adam Bernaciak.<\/p>\n\n\n\n<p><img loading=\"lazy\" decoding=\"async\" height=\"16\" width=\"16\" alt=\"\ud83c\udf82\" src=\"https:\/\/static.xx.fbcdn.net\/images\/emoji.php\/v9\/t5\/1\/16\/1f382.png\"> Po cz\u0119\u015bci artystycznej na uczestnik\u00f3w czeka\u0142 pocz\u0119stunek &#8211; gor\u0105ce dania, domowe ciasta, kawa i herbata. Wisienk\u0105 na torcie by\u0142 przepyszny tort!<\/p>\n\n\n\n<p><img loading=\"lazy\" decoding=\"async\" height=\"16\" width=\"16\" alt=\"\ud83d\udcf8\" src=\"https:\/\/static.xx.fbcdn.net\/images\/emoji.php\/v9\/tde\/1\/16\/1f4f8.png\"> Marta Salamon<\/p>\n\n\n\n<p><\/p>\n\n\n\n<figure class=\"wp-block-gallery has-nested-images columns-default is-cropped wp-block-gallery-1 is-layout-flex wp-block-gallery-is-layout-flex\">\n<figure class=\"wp-block-image size-large\"><img loading=\"lazy\" decoding=\"async\" width=\"1024\" height=\"771\" data-id=\"5902\" src=\"https:\/\/utwstarachowice.pl\/wp-content\/uploads\/2025\/11\/IMG_20251108_162942-3-1024x771.jpg\" alt=\"\" class=\"wp-image-5902\" srcset=\"https:\/\/utwstarachowice.pl\/wp-content\/uploads\/2025\/11\/IMG_20251108_162942-3-1024x771.jpg 1024w, https:\/\/utwstarachowice.pl\/wp-content\/uploads\/2025\/11\/IMG_20251108_162942-3-300x226.jpg 300w, https:\/\/utwstarachowice.pl\/wp-content\/uploads\/2025\/11\/IMG_20251108_162942-3-768x578.jpg 768w, https:\/\/utwstarachowice.pl\/wp-content\/uploads\/2025\/11\/IMG_20251108_162942-3-1536x1157.jpg 1536w, https:\/\/utwstarachowice.pl\/wp-content\/uploads\/2025\/11\/IMG_20251108_162942-3-2048x1542.jpg 2048w\" sizes=\"(max-width: 1024px) 100vw, 1024px\" \/><\/figure>\n<\/figure>\n\n\n\n<figure class=\"wp-block-gallery has-nested-images columns-default is-cropped wp-block-gallery-2 is-layout-flex wp-block-gallery-is-layout-flex\">\n<figure class=\"wp-block-image size-large\"><img loading=\"lazy\" decoding=\"async\" width=\"1024\" height=\"771\" data-id=\"5903\" src=\"https:\/\/utwstarachowice.pl\/wp-content\/uploads\/2025\/11\/IMG_20251108_163019-2-1024x771.jpg\" alt=\"\" class=\"wp-image-5903\" srcset=\"https:\/\/utwstarachowice.pl\/wp-content\/uploads\/2025\/11\/IMG_20251108_163019-2-1024x771.jpg 1024w, https:\/\/utwstarachowice.pl\/wp-content\/uploads\/2025\/11\/IMG_20251108_163019-2-300x226.jpg 300w, https:\/\/utwstarachowice.pl\/wp-content\/uploads\/2025\/11\/IMG_20251108_163019-2-768x578.jpg 768w, https:\/\/utwstarachowice.pl\/wp-content\/uploads\/2025\/11\/IMG_20251108_163019-2-1536x1157.jpg 1536w, https:\/\/utwstarachowice.pl\/wp-content\/uploads\/2025\/11\/IMG_20251108_163019-2-2048x1542.jpg 2048w\" sizes=\"(max-width: 1024px) 100vw, 1024px\" \/><\/figure>\n<\/figure>\n\n\n\n<figure class=\"wp-block-gallery has-nested-images columns-default is-cropped wp-block-gallery-3 is-layout-flex wp-block-gallery-is-layout-flex\">\n<figure class=\"wp-block-image size-large\"><img loading=\"lazy\" decoding=\"async\" width=\"1022\" height=\"1024\" data-id=\"5904\" src=\"https:\/\/utwstarachowice.pl\/wp-content\/uploads\/2025\/11\/IMG_20251108_162927-1022x1024.jpg\" alt=\"\" class=\"wp-image-5904\" srcset=\"https:\/\/utwstarachowice.pl\/wp-content\/uploads\/2025\/11\/IMG_20251108_162927-1022x1024.jpg 1022w, https:\/\/utwstarachowice.pl\/wp-content\/uploads\/2025\/11\/IMG_20251108_162927-300x300.jpg 300w, https:\/\/utwstarachowice.pl\/wp-content\/uploads\/2025\/11\/IMG_20251108_162927-150x150.jpg 150w, https:\/\/utwstarachowice.pl\/wp-content\/uploads\/2025\/11\/IMG_20251108_162927-768x769.jpg 768w, https:\/\/utwstarachowice.pl\/wp-content\/uploads\/2025\/11\/IMG_20251108_162927-1533x1536.jpg 1533w, https:\/\/utwstarachowice.pl\/wp-content\/uploads\/2025\/11\/IMG_20251108_162927-2045x2048.jpg 2045w\" sizes=\"(max-width: 1022px) 100vw, 1022px\" \/><\/figure>\n<\/figure>\n","protected":false},"excerpt":{"rendered":"<p>Pod honorowym patronatem Burmistrza Miasta i Gminy W\u0105chock Roberta Janusa, 8 listopada w Wiejskim Domu Kultury w Marcinkowie odby\u0142 si\u0119 &hellip;<\/p>\n","protected":false},"author":3,"featured_media":0,"comment_status":"open","ping_status":"open","sticky":true,"template":"","format":"standard","meta":{"footnotes":""},"categories":[42],"tags":[],"_links":{"self":[{"href":"https:\/\/utwstarachowice.pl\/index.php?rest_route=\/wp\/v2\/posts\/5901"}],"collection":[{"href":"https:\/\/utwstarachowice.pl\/index.php?rest_route=\/wp\/v2\/posts"}],"about":[{"href":"https:\/\/utwstarachowice.pl\/index.php?rest_route=\/wp\/v2\/types\/post"}],"author":[{"embeddable":true,"href":"https:\/\/utwstarachowice.pl\/index.php?rest_route=\/wp\/v2\/users\/3"}],"replies":[{"embeddable":true,"href":"https:\/\/utwstarachowice.pl\/index.php?rest_route=%2Fwp%2Fv2%2Fcomments&post=5901"}],"version-history":[{"count":1,"href":"https:\/\/utwstarachowice.pl\/index.php?rest_route=\/wp\/v2\/posts\/5901\/revisions"}],"predecessor-version":[{"id":5905,"href":"https:\/\/utwstarachowice.pl\/index.php?rest_route=\/wp\/v2\/posts\/5901\/revisions\/5905"}],"wp:attachment":[{"href":"https:\/\/utwstarachowice.pl\/index.php?rest_route=%2Fwp%2Fv2%2Fmedia&parent=5901"}],"wp:term":[{"taxonomy":"category","embeddable":true,"href":"https:\/\/utwstarachowice.pl\/index.php?rest_route=%2Fwp%2Fv2%2Fcategories&post=5901"},{"taxonomy":"post_tag","embeddable":true,"href":"https:\/\/utwstarachowice.pl\/index.php?rest_route=%2Fwp%2Fv2%2Ftags&post=5901"}],"curies":[{"name":"wp","href":"https:\/\/api.w.org\/{rel}","templated":true}]}}