{"id":5891,"date":"2025-11-22T17:50:33","date_gmt":"2025-11-22T16:50:33","guid":{"rendered":"https:\/\/utwstarachowice.pl\/?p=5891"},"modified":"2026-01-16T15:18:56","modified_gmt":"2026-01-16T14:18:56","slug":"zloty-jubileusz-utw-krakow","status":"publish","type":"post","link":"https:\/\/utwstarachowice.pl\/?p=5891","title":{"rendered":"Z\u0141OTY Jubileusz UTW -Krak\u00f3w"},"content":{"rendered":"\n<p>5 listopada w Krakowie odby\u0142a si\u0119 og\u00f3lnopolska konferencja \u201eZ\u0142oty Jubileusz UTW w Polsce \u2013 osi\u0105gni\u0119cia i inspiracje\u201d, po\u015bwi\u0119cona 50-leciu ruchu Uniwersytet\u00f3w T<a><\/a>rzeciego Wieku.<\/p>\n\n\n\n<p>Wydarzenie zgromadzi\u0142o ponad 110 uczestnik\u00f3w, w\u015br\u00f3d kt\u00f3rych znale\u017ali si\u0119 liderzy i przedstawiciele Uniwersytet\u00f3w Trzeciego Wieku, organizacji pozarz\u0105dowych dzia\u0142aj\u0105cych na rzecz senior\u00f3w, reprezentanci administracji publicznej oraz \u015brodowiska akademickiego.<\/p>\n\n\n\n<p>Uroczystego otwarcia dokona\u0142a Wies\u0142awa Borczyk, Prezes Og\u00f3lnopolska Federacja Stowarzysze\u0144 Uniwersytet\u00f3w Trzeciego Wieku, witaj\u0105c uczestnik\u00f3w i licznych go\u015bci honorowych. Spotkanie poprowadzi\u0142a Ewa Pi\u0142at, Dyrektor Jagiello\u0144skiego UTW.<\/p>\n\n\n\n<p>Szczeg\u00f3lnym momentem by\u0142o wr\u0119czenie podzi\u0119kowa\u0144 dla El\u017cbieta Achinger, I Wicewojewody Ma\u0142opolskiej, za jej wieloletnie zaanga\u017cowanie w rozw\u00f3j ruchu UTW, wspieranie edukacji senior\u00f3w i promocj\u0119 idei uczenia si\u0119 przez ca\u0142e \u017cycie. <img loading=\"lazy\" decoding=\"async\" height=\"16\" width=\"16\" alt=\"\ud83d\udc90\" src=\"https:\/\/static.xx.fbcdn.net\/images\/emoji.php\/v9\/te3\/1\/16\/1f490.png\"><\/p>\n\n\n\n<p>W cz\u0119\u015bci merytorycznej wyst\u0105pili:<\/p>\n\n\n\n<p><img loading=\"lazy\" decoding=\"async\" height=\"16\" width=\"16\" alt=\"\ud83c\udf93\" src=\"https:\/\/static.xx.fbcdn.net\/images\/emoji.php\/v9\/t25\/1\/16\/1f393.png\"> prof. dr hab. Edyta Gruszczyk-Kolczy\u0144ska (Warszawa) \u2013 o znaczeniu edukacji mi\u0119dzypokoleniowej,<\/p>\n\n\n\n<p><img loading=\"lazy\" decoding=\"async\" height=\"16\" width=\"16\" alt=\"\ud83c\udf93\" src=\"https:\/\/static.xx.fbcdn.net\/images\/emoji.php\/v9\/t25\/1\/16\/1f393.png\"> Wojciech Nalepa, Pe\u0142nomocnik Zarz\u0105du OFSUTW \u2013 o profesjonalizacji dzia\u0142a\u0144 UTW i budowaniu standard\u00f3w,<\/p>\n\n\n\n<p><img loading=\"lazy\" decoding=\"async\" height=\"16\" width=\"16\" alt=\"\ud83c\udf93\" src=\"https:\/\/static.xx.fbcdn.net\/images\/emoji.php\/v9\/t25\/1\/16\/1f393.png\"> Anna Chabiera, Biuro Rzecznika Praw Obywatelskich \u2013 o dzia\u0142aniach RPO na rzecz os\u00f3b starszych i drodze do konwencji o prawach senior\u00f3w,<\/p>\n\n\n\n<p><img loading=\"lazy\" decoding=\"async\" height=\"16\" width=\"16\" alt=\"\ud83c\udf93\" src=\"https:\/\/static.xx.fbcdn.net\/images\/emoji.php\/v9\/t25\/1\/16\/1f393.png\"> Joanna Wojty\u0144ska, doktorantka Akademii Pedagogiki Specjalnej \u2013 o dost\u0119pno\u015bci UTW dla senior\u00f3w z niepe\u0142nosprawno\u015bciami,<\/p>\n\n\n\n<p><img loading=\"lazy\" decoding=\"async\" height=\"16\" width=\"16\" alt=\"\ud83c\udf93\" src=\"https:\/\/static.xx.fbcdn.net\/images\/emoji.php\/v9\/t25\/1\/16\/1f393.png\"> Wioletta Wilimska, Dyrektor Regionalnego O\u015brodka Polityki Spo\u0142ecznej w Krakowie \u2013 o wsparciu Samorz\u0105du Wojew\u00f3dztwa Ma\u0142opolskiego dla UTW,<\/p>\n\n\n\n<p><img loading=\"lazy\" decoding=\"async\" height=\"16\" width=\"16\" alt=\"\ud83c\udf93\" src=\"https:\/\/static.xx.fbcdn.net\/images\/emoji.php\/v9\/t25\/1\/16\/1f393.png\"> Irena Zajdel i Bogdan Skotnicki \u2013 o projekcie \u201eSzko\u0142a mi\u0119dzypokoleniowa\u201d,<\/p>\n\n\n\n<p><img loading=\"lazy\" decoding=\"async\" height=\"16\" width=\"16\" alt=\"\ud83c\udf93\" src=\"https:\/\/static.xx.fbcdn.net\/images\/emoji.php\/v9\/t25\/1\/16\/1f393.png\"> dr in\u017c. Piotr Bernat z Pa\u0144stwowej Akademii Nauk Stosowanych w Nysie \u2013 o wsp\u00f3\u0142pracy uczelni z UTW w woj. opolskim i dolno\u015bl\u0105skim,<\/p>\n\n\n\n<p><img loading=\"lazy\" decoding=\"async\" height=\"16\" width=\"16\" alt=\"\ud83c\udf93\" src=\"https:\/\/static.xx.fbcdn.net\/images\/emoji.php\/v9\/t25\/1\/16\/1f393.png\"> Eksperci OFSUTW ds. edukacji senioralnej: prof. Zofia Szarota, prof. Dorota Gierszewski, prof. Marek \u017bak \u2013 o kierunkach rozwoju edukacji os\u00f3b starszych.<\/p>\n\n\n\n<p>Uroczystym momentem by\u0142o wr\u0119czenie <img loading=\"lazy\" decoding=\"async\" height=\"16\" width=\"16\" alt=\"\ud83c\udfc5\" src=\"https:\/\/static.xx.fbcdn.net\/images\/emoji.php\/v9\/t3d\/1\/16\/1f3c5.png\">Certyfikat\u00f3w \u201eProfesjonalny UTW\u201d dla:<\/p>\n\n\n\n<p><img loading=\"lazy\" decoding=\"async\" height=\"16\" width=\"16\" alt=\"\u27a1\ufe0f\" src=\"https:\/\/static.xx.fbcdn.net\/images\/emoji.php\/v9\/t9e\/1\/16\/27a1.png\"> Stowarzyszenia Uniwersytet Trzeciego Wieku w Starachowicach,<\/p>\n\n\n\n<p><img loading=\"lazy\" decoding=\"async\" height=\"16\" width=\"16\" alt=\"\u27a1\ufe0f\" src=\"https:\/\/static.xx.fbcdn.net\/images\/emoji.php\/v9\/t9e\/1\/16\/27a1.png\"> Tarnog\u00f3rskiego Stowarzyszenia-Uniwersytet Trzeciego Wieku,<\/p>\n\n\n\n<p><img loading=\"lazy\" decoding=\"async\" height=\"16\" width=\"16\" alt=\"\u27a1\ufe0f\" src=\"https:\/\/static.xx.fbcdn.net\/images\/emoji.php\/v9\/t9e\/1\/16\/27a1.png\"> Stowarzyszenia Uniwersytet Trzeciego Wieku w Rybniku.<\/p>\n\n\n\n<p>Podczas wydarzenia podpisano r\u00f3wnie\u017c porozumienie o partnerstwie pomi\u0119dzy Okr\u0119gow\u0105 Izb\u0105 Radc\u00f3w Prawnych w Krakowie a Og\u00f3lnopolsk\u0105 Federacj\u0105 Stowarzysze\u0144 UTW, otwieraj\u0105ce nowy rozdzia\u0142 wsp\u00f3\u0142pracy w zakresie edukacji prawnej senior\u00f3w<\/p>\n\n\n\n<p><img loading=\"lazy\" decoding=\"async\" height=\"16\" width=\"16\" alt=\"\ud83d\udcf0\" src=\"https:\/\/static.xx.fbcdn.net\/images\/emoji.php\/v9\/td6\/1\/16\/1f4f0.png\"> Patronat medialny nad konferencj\u0105 obj\u0105\u0142 G\u0142os Seniora<\/p>\n\n\n\n<p>&#8212;<\/p>\n\n\n\n<p>Konferencja zorganizowana w ramach projektu dofinansowanego ze \u015brodk\u00f3w rz\u0105dowego programu wieloletniego na rzecz Os\u00f3b Starszych \u201eAktywni+\u201d na lata 2021\u20132025 (edycja 2025).<\/p>\n\n\n\n<p>@obserwuj\u0105cy<\/p>\n\n\n\n<figure class=\"wp-block-gallery has-nested-images columns-default is-cropped wp-block-gallery-1 is-layout-flex wp-block-gallery-is-layout-flex\">\n<figure class=\"wp-block-image size-large\"><img loading=\"lazy\" decoding=\"async\" width=\"1024\" height=\"473\" data-id=\"5892\" src=\"https:\/\/utwstarachowice.pl\/wp-content\/uploads\/2025\/11\/FB_IMG_1762626490830-1-1024x473.jpg\" alt=\"\" class=\"wp-image-5892\" srcset=\"https:\/\/utwstarachowice.pl\/wp-content\/uploads\/2025\/11\/FB_IMG_1762626490830-1-1024x473.jpg 1024w, https:\/\/utwstarachowice.pl\/wp-content\/uploads\/2025\/11\/FB_IMG_1762626490830-1-300x139.jpg 300w, https:\/\/utwstarachowice.pl\/wp-content\/uploads\/2025\/11\/FB_IMG_1762626490830-1-768x355.jpg 768w, https:\/\/utwstarachowice.pl\/wp-content\/uploads\/2025\/11\/FB_IMG_1762626490830-1-1536x709.jpg 1536w, https:\/\/utwstarachowice.pl\/wp-content\/uploads\/2025\/11\/FB_IMG_1762626490830-1-2048x946.jpg 2048w\" sizes=\"(max-width: 1024px) 100vw, 1024px\" \/><\/figure>\n<\/figure>\n\n\n\n<figure class=\"wp-block-gallery has-nested-images columns-default is-cropped wp-block-gallery-2 is-layout-flex wp-block-gallery-is-layout-flex\">\n<figure class=\"wp-block-image size-large\"><img loading=\"lazy\" decoding=\"async\" width=\"1024\" height=\"584\" data-id=\"5893\" src=\"https:\/\/utwstarachowice.pl\/wp-content\/uploads\/2025\/11\/FB_IMG_1762626497226-1024x584.jpg\" alt=\"\" class=\"wp-image-5893\" srcset=\"https:\/\/utwstarachowice.pl\/wp-content\/uploads\/2025\/11\/FB_IMG_1762626497226-1024x584.jpg 1024w, https:\/\/utwstarachowice.pl\/wp-content\/uploads\/2025\/11\/FB_IMG_1762626497226-300x171.jpg 300w, https:\/\/utwstarachowice.pl\/wp-content\/uploads\/2025\/11\/FB_IMG_1762626497226-768x438.jpg 768w, https:\/\/utwstarachowice.pl\/wp-content\/uploads\/2025\/11\/FB_IMG_1762626497226-1536x875.jpg 1536w, https:\/\/utwstarachowice.pl\/wp-content\/uploads\/2025\/11\/FB_IMG_1762626497226.jpg 2048w\" sizes=\"(max-width: 1024px) 100vw, 1024px\" \/><\/figure>\n<\/figure>\n\n\n\n<figure class=\"wp-block-gallery has-nested-images columns-default is-cropped wp-block-gallery-3 is-layout-flex wp-block-gallery-is-layout-flex\">\n<figure class=\"wp-block-image size-large\"><img loading=\"lazy\" decoding=\"async\" width=\"753\" height=\"1024\" data-id=\"5894\" src=\"https:\/\/utwstarachowice.pl\/wp-content\/uploads\/2025\/11\/FB_IMG_1762626537498-753x1024.jpg\" alt=\"\" class=\"wp-image-5894\" srcset=\"https:\/\/utwstarachowice.pl\/wp-content\/uploads\/2025\/11\/FB_IMG_1762626537498-753x1024.jpg 753w, https:\/\/utwstarachowice.pl\/wp-content\/uploads\/2025\/11\/FB_IMG_1762626537498-221x300.jpg 221w, https:\/\/utwstarachowice.pl\/wp-content\/uploads\/2025\/11\/FB_IMG_1762626537498-768x1044.jpg 768w, https:\/\/utwstarachowice.pl\/wp-content\/uploads\/2025\/11\/FB_IMG_1762626537498-1130x1536.jpg 1130w, https:\/\/utwstarachowice.pl\/wp-content\/uploads\/2025\/11\/FB_IMG_1762626537498.jpg 1506w\" sizes=\"(max-width: 753px) 100vw, 753px\" \/><\/figure>\n<\/figure>\n\n\n\n<figure class=\"wp-block-gallery has-nested-images columns-default is-cropped wp-block-gallery-4 is-layout-flex wp-block-gallery-is-layout-flex\">\n<figure class=\"wp-block-image size-large\"><img loading=\"lazy\" decoding=\"async\" width=\"1024\" height=\"473\" data-id=\"5895\" src=\"https:\/\/utwstarachowice.pl\/wp-content\/uploads\/2025\/11\/FB_IMG_1762626508024-1024x473.jpg\" alt=\"\" class=\"wp-image-5895\" srcset=\"https:\/\/utwstarachowice.pl\/wp-content\/uploads\/2025\/11\/FB_IMG_1762626508024-1024x473.jpg 1024w, https:\/\/utwstarachowice.pl\/wp-content\/uploads\/2025\/11\/FB_IMG_1762626508024-300x139.jpg 300w, https:\/\/utwstarachowice.pl\/wp-content\/uploads\/2025\/11\/FB_IMG_1762626508024-768x355.jpg 768w, https:\/\/utwstarachowice.pl\/wp-content\/uploads\/2025\/11\/FB_IMG_1762626508024-1536x709.jpg 1536w, https:\/\/utwstarachowice.pl\/wp-content\/uploads\/2025\/11\/FB_IMG_1762626508024-2048x946.jpg 2048w\" sizes=\"(max-width: 1024px) 100vw, 1024px\" \/><\/figure>\n<\/figure>\n\n\n\n<figure class=\"wp-block-gallery has-nested-images columns-default is-cropped wp-block-gallery-5 is-layout-flex wp-block-gallery-is-layout-flex\">\n<figure class=\"wp-block-image size-large\"><img loading=\"lazy\" decoding=\"async\" width=\"1024\" height=\"771\" data-id=\"5896\" src=\"https:\/\/utwstarachowice.pl\/wp-content\/uploads\/2025\/11\/IMG_20251105_150939-1024x771.jpg\" alt=\"\" class=\"wp-image-5896\" srcset=\"https:\/\/utwstarachowice.pl\/wp-content\/uploads\/2025\/11\/IMG_20251105_150939-1024x771.jpg 1024w, https:\/\/utwstarachowice.pl\/wp-content\/uploads\/2025\/11\/IMG_20251105_150939-300x226.jpg 300w, https:\/\/utwstarachowice.pl\/wp-content\/uploads\/2025\/11\/IMG_20251105_150939-768x578.jpg 768w, https:\/\/utwstarachowice.pl\/wp-content\/uploads\/2025\/11\/IMG_20251105_150939-1536x1157.jpg 1536w, https:\/\/utwstarachowice.pl\/wp-content\/uploads\/2025\/11\/IMG_20251105_150939-2048x1542.jpg 2048w\" sizes=\"(max-width: 1024px) 100vw, 1024px\" \/><\/figure>\n<\/figure>\n\n\n\n<figure class=\"wp-block-gallery has-nested-images columns-default is-cropped wp-block-gallery-6 is-layout-flex wp-block-gallery-is-layout-flex\">\n<figure class=\"wp-block-image size-large\"><img loading=\"lazy\" decoding=\"async\" width=\"1024\" height=\"771\" data-id=\"5897\" src=\"https:\/\/utwstarachowice.pl\/wp-content\/uploads\/2025\/11\/IMG_20251106_090549-1024x771.jpg\" alt=\"\" class=\"wp-image-5897\" srcset=\"https:\/\/utwstarachowice.pl\/wp-content\/uploads\/2025\/11\/IMG_20251106_090549-1024x771.jpg 1024w, https:\/\/utwstarachowice.pl\/wp-content\/uploads\/2025\/11\/IMG_20251106_090549-300x226.jpg 300w, https:\/\/utwstarachowice.pl\/wp-content\/uploads\/2025\/11\/IMG_20251106_090549-768x578.jpg 768w, https:\/\/utwstarachowice.pl\/wp-content\/uploads\/2025\/11\/IMG_20251106_090549-1536x1157.jpg 1536w, https:\/\/utwstarachowice.pl\/wp-content\/uploads\/2025\/11\/IMG_20251106_090549-2048x1542.jpg 2048w\" sizes=\"(max-width: 1024px) 100vw, 1024px\" \/><\/figure>\n<\/figure>\n\n\n\n<figure class=\"wp-block-gallery has-nested-images columns-default is-cropped wp-block-gallery-7 is-layout-flex wp-block-gallery-is-layout-flex\">\n<figure class=\"wp-block-image size-large\"><img loading=\"lazy\" decoding=\"async\" width=\"771\" height=\"1024\" data-id=\"5898\" src=\"https:\/\/utwstarachowice.pl\/wp-content\/uploads\/2025\/11\/IMG_20251106_094020-771x1024.jpg\" alt=\"\" class=\"wp-image-5898\" srcset=\"https:\/\/utwstarachowice.pl\/wp-content\/uploads\/2025\/11\/IMG_20251106_094020-771x1024.jpg 771w, https:\/\/utwstarachowice.pl\/wp-content\/uploads\/2025\/11\/IMG_20251106_094020-226x300.jpg 226w, https:\/\/utwstarachowice.pl\/wp-content\/uploads\/2025\/11\/IMG_20251106_094020-768x1020.jpg 768w, https:\/\/utwstarachowice.pl\/wp-content\/uploads\/2025\/11\/IMG_20251106_094020-1157x1536.jpg 1157w, https:\/\/utwstarachowice.pl\/wp-content\/uploads\/2025\/11\/IMG_20251106_094020-1542x2048.jpg 1542w, https:\/\/utwstarachowice.pl\/wp-content\/uploads\/2025\/11\/IMG_20251106_094020-scaled.jpg 1928w\" sizes=\"(max-width: 771px) 100vw, 771px\" \/><\/figure>\n<\/figure>\n\n\n\n<figure class=\"wp-block-gallery has-nested-images columns-default is-cropped wp-block-gallery-8 is-layout-flex wp-block-gallery-is-layout-flex\">\n<figure class=\"wp-block-image size-large\"><img loading=\"lazy\" decoding=\"async\" width=\"1024\" height=\"768\" data-id=\"5899\" src=\"https:\/\/utwstarachowice.pl\/wp-content\/uploads\/2025\/11\/Messenger_creation_E210C36C-11AF-44B9-9EB1-082B37265CD4-1024x768.jpeg\" alt=\"\" class=\"wp-image-5899\" srcset=\"https:\/\/utwstarachowice.pl\/wp-content\/uploads\/2025\/11\/Messenger_creation_E210C36C-11AF-44B9-9EB1-082B37265CD4-1024x768.jpeg 1024w, https:\/\/utwstarachowice.pl\/wp-content\/uploads\/2025\/11\/Messenger_creation_E210C36C-11AF-44B9-9EB1-082B37265CD4-300x225.jpeg 300w, https:\/\/utwstarachowice.pl\/wp-content\/uploads\/2025\/11\/Messenger_creation_E210C36C-11AF-44B9-9EB1-082B37265CD4-768x576.jpeg 768w, https:\/\/utwstarachowice.pl\/wp-content\/uploads\/2025\/11\/Messenger_creation_E210C36C-11AF-44B9-9EB1-082B37265CD4-1536x1152.jpeg 1536w, https:\/\/utwstarachowice.pl\/wp-content\/uploads\/2025\/11\/Messenger_creation_E210C36C-11AF-44B9-9EB1-082B37265CD4.jpeg 2048w\" sizes=\"(max-width: 1024px) 100vw, 1024px\" \/><\/figure>\n<\/figure>\n","protected":false},"excerpt":{"rendered":"<p>5 listopada w Krakowie odby\u0142a si\u0119 og\u00f3lnopolska konferencja \u201eZ\u0142oty Jubileusz UTW w Polsce \u2013 osi\u0105gni\u0119cia i inspiracje\u201d, po\u015bwi\u0119cona 50-leciu ruchu &hellip;<\/p>\n","protected":false},"author":3,"featured_media":0,"comment_status":"open","ping_status":"open","sticky":true,"template":"","format":"standard","meta":{"footnotes":""},"categories":[49],"tags":[],"_links":{"self":[{"href":"https:\/\/utwstarachowice.pl\/index.php?rest_route=\/wp\/v2\/posts\/5891"}],"collection":[{"href":"https:\/\/utwstarachowice.pl\/index.php?rest_route=\/wp\/v2\/posts"}],"about":[{"href":"https:\/\/utwstarachowice.pl\/index.php?rest_route=\/wp\/v2\/types\/post"}],"author":[{"embeddable":true,"href":"https:\/\/utwstarachowice.pl\/index.php?rest_route=\/wp\/v2\/users\/3"}],"replies":[{"embeddable":true,"href":"https:\/\/utwstarachowice.pl\/index.php?rest_route=%2Fwp%2Fv2%2Fcomments&post=5891"}],"version-history":[{"count":1,"href":"https:\/\/utwstarachowice.pl\/index.php?rest_route=\/wp\/v2\/posts\/5891\/revisions"}],"predecessor-version":[{"id":5900,"href":"https:\/\/utwstarachowice.pl\/index.php?rest_route=\/wp\/v2\/posts\/5891\/revisions\/5900"}],"wp:attachment":[{"href":"https:\/\/utwstarachowice.pl\/index.php?rest_route=%2Fwp%2Fv2%2Fmedia&parent=5891"}],"wp:term":[{"taxonomy":"category","embeddable":true,"href":"https:\/\/utwstarachowice.pl\/index.php?rest_route=%2Fwp%2Fv2%2Fcategories&post=5891"},{"taxonomy":"post_tag","embeddable":true,"href":"https:\/\/utwstarachowice.pl\/index.php?rest_route=%2Fwp%2Fv2%2Ftags&post=5891"}],"curies":[{"name":"wp","href":"https:\/\/api.w.org\/{rel}","templated":true}]}}