{"id":581,"date":"2020-05-02T11:39:05","date_gmt":"2020-05-02T09:39:05","guid":{"rendered":"https:\/\/utwstarachowice.pl\/2020\/05\/02\/od-6-maja-biblioteka-zaprasza\/"},"modified":"2020-05-02T11:39:05","modified_gmt":"2020-05-02T09:39:05","slug":"od-6-maja-biblioteka-zaprasza","status":"publish","type":"post","link":"https:\/\/utwstarachowice.pl\/?p=581","title":{"rendered":"OD 6 MAJA BIBLIOTEKA ZAPRASZA"},"content":{"rendered":"<p><span style=\"font-size: medium;\">Na podstawie rekomendacji Biblioteki Narodowej, po konsultacji z Powiatow\u0105 Stacj\u0105 Sanitarno \u2013 Epidemiologiczn\u0105 w Starachowicach, decyzj\u0105 dyrektora Miejskiej Biblioteki Publicznej Jolanty Sopi\u0144skiej, od \u015brody 6 maja 2020 roku uruchamiamy Wypo\u017cyczalnie we wszystkich bibliotekach w mie\u015bcie.<\/span><\/p>\n<p><span style=\"font-size: medium;\">W trosce o wsp\u00f3lne bezpiecze\u0144stwo czytelnik\u00f3w i pracownik\u00f3w lokale biblioteczne b\u0119d\u0105 funkcjonowa\u0142y zgodnie z obowi\u0105zuj\u0105cymi procedurami:<\/span><\/p>\n<ul>\n<li>\n<p><span style=\"font-size: medium;\">biblioteki b\u0119d\u0105 otwarte dla czytelnik\u00f3w w godzinach od 12:00 do 16:00 a filie w szko\u0142ach podstawowych nr 2 i nr 13 \u2013 w godzinach od 10:00 do 14:00<\/span><\/p>\n<\/li>\n<li>\n<p><span style=\"font-size: medium;\">w bibliotece, w wyznaczonym miejscu b\u0119dzie m\u00f3g\u0142 przebywa\u0107 tylko jeden czytelnik, obowi\u0105zkowo w maseczce lub innym okryciu twarzy. Pozosta\u0142e osoby powinny czeka\u0107 na zewn\u0105trz w odleg\u0142o\u015bci dw\u00f3ch metr\u00f3w od siebie<\/span><\/p>\n<\/li>\n<li>\n<p><span style=\"font-size: medium;\">nie b\u0119dzie wolnego dost\u0119pu do p\u00f3\u0142ek<\/span><\/p>\n<\/li>\n<li>\n<p><span style=\"font-size: medium;\">bibliotekarze b\u0119d\u0105 pracowa\u0107 zabezpieczeni w przy\u0142bice i\/lub maseczki oraz r\u0119kawice jednorazowe<\/span><\/p>\n<\/li>\n<li>\n<p><span style=\"font-size: medium;\">ksi\u0105\u017cki zwracane przez czytelnik\u00f3w b\u0119d\u0105 umieszczane w specjalnie wyznaczonym i zabezpieczonym miejscu na okres 10 dni czyli b\u0119d\u0105 poddane kwarantannie<\/span><\/p>\n<\/li>\n<li>\n<p><span style=\"font-size: medium;\">w czasie pracy biblioteki pomieszczenia b\u0119d\u0105 regularnie dezynfekowane, co spowoduje kilkominutowe przerwy<\/span><\/p>\n<\/li>\n<li>\n<p><span style=\"font-size: medium;\">czytelnie nadal b\u0119d\u0105 nieczynne. Nie b\u0119dzie mo\u017cliwo\u015bci korzystania z czasopism, komputer\u00f3w, ksero i druku<\/span><\/p>\n<\/li>\n<\/ul>\n<p><span style=\"font-size: medium;\">Czytelnia w Bibliotece G\u0142\u00f3wnej przy ul. Kochanowskiego 5 b\u0119dzie przyjmowa\u0142a zam\u00f3wienia na ksi\u0105\u017cki i materia\u0142y, wy\u0142\u0105cznie telefonicznie, pod nr 41-274-20-76 lub 509-490-226.<\/span><\/p>\n<p><span style=\"font-size: medium;\">W celu ograniczenia przebywania czytelnik\u00f3w w plac\u00f3wkach, prosimy o wcze\u015bniejsze rezerwowanie ksi\u0105\u017cek za pomoc\u0105 systemu Szukam Ksi\u0105\u017cki, zamawianie telefoniczne lub przychodzenie z w\u0142asnor\u0119cznym spisem wybranych pozycji.<\/span><\/p>\n<p>\u00a0<\/p>\n<p style=\"text-align: center;\"><img loading=\"lazy\" decoding=\"async\" class=\" size-full wp-image-579\" src=\"https:\/\/utwstarachowice.pl\/wp-content\/uploads\/2020\/05\/bibl.jpg\" border=\"0\" alt=\"\" width=\"679\" height=\"960\" \/><\/p>\n","protected":false},"excerpt":{"rendered":"<p>Na podstawie rekomendacji Biblioteki Narodowej, po konsultacji z Powiatow\u0105 Stacj\u0105 Sanitarno \u2013 Epidemiologiczn\u0105 w Starachowicach, decyzj\u0105 dyrektora Miejskiej Biblioteki Publicznej &hellip;<\/p>\n","protected":false},"author":3,"featured_media":579,"comment_status":"open","ping_status":"open","sticky":true,"template":"","format":"standard","meta":{"footnotes":""},"categories":[2],"tags":[],"_links":{"self":[{"href":"https:\/\/utwstarachowice.pl\/index.php?rest_route=\/wp\/v2\/posts\/581"}],"collection":[{"href":"https:\/\/utwstarachowice.pl\/index.php?rest_route=\/wp\/v2\/posts"}],"about":[{"href":"https:\/\/utwstarachowice.pl\/index.php?rest_route=\/wp\/v2\/types\/post"}],"author":[{"embeddable":true,"href":"https:\/\/utwstarachowice.pl\/index.php?rest_route=\/wp\/v2\/users\/3"}],"replies":[{"embeddable":true,"href":"https:\/\/utwstarachowice.pl\/index.php?rest_route=%2Fwp%2Fv2%2Fcomments&post=581"}],"version-history":[{"count":0,"href":"https:\/\/utwstarachowice.pl\/index.php?rest_route=\/wp\/v2\/posts\/581\/revisions"}],"wp:featuredmedia":[{"embeddable":true,"href":"https:\/\/utwstarachowice.pl\/index.php?rest_route=\/"}],"wp:attachment":[{"href":"https:\/\/utwstarachowice.pl\/index.php?rest_route=%2Fwp%2Fv2%2Fmedia&parent=581"}],"wp:term":[{"taxonomy":"category","embeddable":true,"href":"https:\/\/utwstarachowice.pl\/index.php?rest_route=%2Fwp%2Fv2%2Fcategories&post=581"},{"taxonomy":"post_tag","embeddable":true,"href":"https:\/\/utwstarachowice.pl\/index.php?rest_route=%2Fwp%2Fv2%2Ftags&post=581"}],"curies":[{"name":"wp","href":"https:\/\/api.w.org\/{rel}","templated":true}]}}