{"id":5806,"date":"2025-11-17T16:21:17","date_gmt":"2025-11-17T15:21:17","guid":{"rendered":"https:\/\/utwstarachowice.pl\/?p=5806"},"modified":"2025-11-17T16:21:17","modified_gmt":"2025-11-17T15:21:17","slug":"wyklad-plenarny-2","status":"publish","type":"post","link":"https:\/\/utwstarachowice.pl\/?p=5806","title":{"rendered":"WYK\u0141AD PLENARNY"},"content":{"rendered":"\n<p>13.10.025r.<\/p>\n\n\n\n<p>Pierwszy wyk\u0142ad plenarny w nowym roku akademickim 2025\/26 to &#8222;<strong> Polityka Senioralna Starostwa Powiatowego w Starachowicach&#8221;<\/strong> poprowadzi\u0142 j\u0105  <strong>Micha\u0142 Gutowski <\/strong>Dyrektor WZ i PS Starostwa Powiatowego w Starachowicach. Polityka senioralna prowadzona jest poprzez szereg dzia\u0142a\u0144 oraz program\u00f3w maj\u0105cych na celu popraw\u0119 jako\u015bci starachowickich senior\u00f3w. <\/p>\n\n\n\n<figure class=\"wp-block-gallery has-nested-images columns-default is-cropped wp-block-gallery-1 is-layout-flex wp-block-gallery-is-layout-flex\">\n<figure class=\"wp-block-image size-large\"><img loading=\"lazy\" decoding=\"async\" width=\"771\" height=\"1024\" data-id=\"5807\" src=\"https:\/\/utwstarachowice.pl\/wp-content\/uploads\/2025\/11\/IMG_20251013_110904-771x1024.jpg\" alt=\"\" class=\"wp-image-5807\" srcset=\"https:\/\/utwstarachowice.pl\/wp-content\/uploads\/2025\/11\/IMG_20251013_110904-771x1024.jpg 771w, https:\/\/utwstarachowice.pl\/wp-content\/uploads\/2025\/11\/IMG_20251013_110904-226x300.jpg 226w, https:\/\/utwstarachowice.pl\/wp-content\/uploads\/2025\/11\/IMG_20251013_110904-768x1020.jpg 768w, https:\/\/utwstarachowice.pl\/wp-content\/uploads\/2025\/11\/IMG_20251013_110904-1157x1536.jpg 1157w, https:\/\/utwstarachowice.pl\/wp-content\/uploads\/2025\/11\/IMG_20251013_110904-1542x2048.jpg 1542w, https:\/\/utwstarachowice.pl\/wp-content\/uploads\/2025\/11\/IMG_20251013_110904-scaled.jpg 1928w\" sizes=\"(max-width: 771px) 100vw, 771px\" \/><\/figure>\n<\/figure>\n\n\n\n<figure class=\"wp-block-gallery has-nested-images columns-default is-cropped wp-block-gallery-2 is-layout-flex wp-block-gallery-is-layout-flex\">\n<figure class=\"wp-block-image size-large\"><img loading=\"lazy\" decoding=\"async\" width=\"1024\" height=\"771\" data-id=\"5808\" src=\"https:\/\/utwstarachowice.pl\/wp-content\/uploads\/2025\/11\/IMG_20251013_110451-1024x771.jpg\" alt=\"\" class=\"wp-image-5808\" srcset=\"https:\/\/utwstarachowice.pl\/wp-content\/uploads\/2025\/11\/IMG_20251013_110451-1024x771.jpg 1024w, https:\/\/utwstarachowice.pl\/wp-content\/uploads\/2025\/11\/IMG_20251013_110451-300x226.jpg 300w, https:\/\/utwstarachowice.pl\/wp-content\/uploads\/2025\/11\/IMG_20251013_110451-768x578.jpg 768w, https:\/\/utwstarachowice.pl\/wp-content\/uploads\/2025\/11\/IMG_20251013_110451-1536x1157.jpg 1536w, https:\/\/utwstarachowice.pl\/wp-content\/uploads\/2025\/11\/IMG_20251013_110451-2048x1542.jpg 2048w\" sizes=\"(max-width: 1024px) 100vw, 1024px\" \/><\/figure>\n<\/figure>\n\n\n\n<figure class=\"wp-block-gallery has-nested-images columns-default is-cropped wp-block-gallery-3 is-layout-flex wp-block-gallery-is-layout-flex\">\n<figure class=\"wp-block-image size-large\"><img loading=\"lazy\" decoding=\"async\" width=\"1024\" height=\"547\" data-id=\"5809\" src=\"https:\/\/utwstarachowice.pl\/wp-content\/uploads\/2025\/11\/IMG_20251013_110442-1024x547.jpg\" alt=\"\" class=\"wp-image-5809\" srcset=\"https:\/\/utwstarachowice.pl\/wp-content\/uploads\/2025\/11\/IMG_20251013_110442-1024x547.jpg 1024w, https:\/\/utwstarachowice.pl\/wp-content\/uploads\/2025\/11\/IMG_20251013_110442-300x160.jpg 300w, https:\/\/utwstarachowice.pl\/wp-content\/uploads\/2025\/11\/IMG_20251013_110442-768x410.jpg 768w, https:\/\/utwstarachowice.pl\/wp-content\/uploads\/2025\/11\/IMG_20251013_110442-1536x820.jpg 1536w, https:\/\/utwstarachowice.pl\/wp-content\/uploads\/2025\/11\/IMG_20251013_110442-2048x1094.jpg 2048w\" sizes=\"(max-width: 1024px) 100vw, 1024px\" \/><\/figure>\n<\/figure>\n\n\n\n<figure class=\"wp-block-gallery has-nested-images columns-default is-cropped wp-block-gallery-4 is-layout-flex wp-block-gallery-is-layout-flex\">\n<figure class=\"wp-block-image size-large\"><img loading=\"lazy\" decoding=\"async\" width=\"1024\" height=\"771\" data-id=\"5810\" src=\"https:\/\/utwstarachowice.pl\/wp-content\/uploads\/2025\/11\/IMG_20251013_110554-1024x771.jpg\" alt=\"\" class=\"wp-image-5810\" srcset=\"https:\/\/utwstarachowice.pl\/wp-content\/uploads\/2025\/11\/IMG_20251013_110554-1024x771.jpg 1024w, https:\/\/utwstarachowice.pl\/wp-content\/uploads\/2025\/11\/IMG_20251013_110554-300x226.jpg 300w, https:\/\/utwstarachowice.pl\/wp-content\/uploads\/2025\/11\/IMG_20251013_110554-768x578.jpg 768w, https:\/\/utwstarachowice.pl\/wp-content\/uploads\/2025\/11\/IMG_20251013_110554-1536x1157.jpg 1536w, https:\/\/utwstarachowice.pl\/wp-content\/uploads\/2025\/11\/IMG_20251013_110554-2048x1542.jpg 2048w\" sizes=\"(max-width: 1024px) 100vw, 1024px\" \/><\/figure>\n<\/figure>\n\n\n\n<figure class=\"wp-block-gallery has-nested-images columns-default is-cropped wp-block-gallery-5 is-layout-flex wp-block-gallery-is-layout-flex\">\n<figure class=\"wp-block-image size-large\"><img loading=\"lazy\" decoding=\"async\" width=\"1024\" height=\"771\" data-id=\"5811\" src=\"https:\/\/utwstarachowice.pl\/wp-content\/uploads\/2025\/11\/IMG_20251013_110423-1024x771.jpg\" alt=\"\" class=\"wp-image-5811\" srcset=\"https:\/\/utwstarachowice.pl\/wp-content\/uploads\/2025\/11\/IMG_20251013_110423-1024x771.jpg 1024w, https:\/\/utwstarachowice.pl\/wp-content\/uploads\/2025\/11\/IMG_20251013_110423-300x226.jpg 300w, https:\/\/utwstarachowice.pl\/wp-content\/uploads\/2025\/11\/IMG_20251013_110423-768x578.jpg 768w, https:\/\/utwstarachowice.pl\/wp-content\/uploads\/2025\/11\/IMG_20251013_110423-1536x1157.jpg 1536w, https:\/\/utwstarachowice.pl\/wp-content\/uploads\/2025\/11\/IMG_20251013_110423-2048x1542.jpg 2048w\" sizes=\"(max-width: 1024px) 100vw, 1024px\" \/><\/figure>\n<\/figure>\n","protected":false},"excerpt":{"rendered":"<p>13.10.025r. Pierwszy wyk\u0142ad plenarny w nowym roku akademickim 2025\/26 to &#8222; Polityka Senioralna Starostwa Powiatowego w Starachowicach&#8221; poprowadzi\u0142 j\u0105 Micha\u0142 &hellip;<\/p>\n","protected":false},"author":3,"featured_media":0,"comment_status":"open","ping_status":"open","sticky":true,"template":"","format":"standard","meta":{"footnotes":""},"categories":[42],"tags":[],"_links":{"self":[{"href":"https:\/\/utwstarachowice.pl\/index.php?rest_route=\/wp\/v2\/posts\/5806"}],"collection":[{"href":"https:\/\/utwstarachowice.pl\/index.php?rest_route=\/wp\/v2\/posts"}],"about":[{"href":"https:\/\/utwstarachowice.pl\/index.php?rest_route=\/wp\/v2\/types\/post"}],"author":[{"embeddable":true,"href":"https:\/\/utwstarachowice.pl\/index.php?rest_route=\/wp\/v2\/users\/3"}],"replies":[{"embeddable":true,"href":"https:\/\/utwstarachowice.pl\/index.php?rest_route=%2Fwp%2Fv2%2Fcomments&post=5806"}],"version-history":[{"count":1,"href":"https:\/\/utwstarachowice.pl\/index.php?rest_route=\/wp\/v2\/posts\/5806\/revisions"}],"predecessor-version":[{"id":5812,"href":"https:\/\/utwstarachowice.pl\/index.php?rest_route=\/wp\/v2\/posts\/5806\/revisions\/5812"}],"wp:attachment":[{"href":"https:\/\/utwstarachowice.pl\/index.php?rest_route=%2Fwp%2Fv2%2Fmedia&parent=5806"}],"wp:term":[{"taxonomy":"category","embeddable":true,"href":"https:\/\/utwstarachowice.pl\/index.php?rest_route=%2Fwp%2Fv2%2Fcategories&post=5806"},{"taxonomy":"post_tag","embeddable":true,"href":"https:\/\/utwstarachowice.pl\/index.php?rest_route=%2Fwp%2Fv2%2Ftags&post=5806"}],"curies":[{"name":"wp","href":"https:\/\/api.w.org\/{rel}","templated":true}]}}