{"id":576,"date":"2020-03-31T20:08:08","date_gmt":"2020-03-31T18:08:08","guid":{"rendered":"https:\/\/utwstarachowice.pl\/2020\/03\/31\/ogloszenie-w-sprawie-czesnego\/"},"modified":"2020-03-31T20:08:08","modified_gmt":"2020-03-31T18:08:08","slug":"ogloszenie-w-sprawie-czesnego","status":"publish","type":"post","link":"https:\/\/utwstarachowice.pl\/?p=576","title":{"rendered":"OG\u0141OSZENIE W SPRAWIE CZESNEGO"},"content":{"rendered":"<div><strong><span>PRO\u015aBA\u00a0 \u00a0O\u00a0 WP\u0141ATY\u00a0 CZESNEGO<\/span><\/strong><\/div>\n<p><strong>Termin wp\u0142aty czesnego up\u0142yn\u0105\u0142 31 stycznia 2020. Do 31 marca 51 s\u0142uchaczy nie uregulowa\u0142o czesnego za\u00a0 II\u00a0semestr. W ka\u017cdym miesi\u0105cu musimy regulowa\u0107 faktury za telefon i media, po podwy\u017cce cen energii jest to znaczna kwota. Prosimy o piln\u0105 wp\u0142at\u0119 czesnego wed\u0142ug mo\u017cliwo\u015bci:<\/strong><br \/><strong>&#8211; drog\u0105 elektroniczn\u0105 kto posiada dost\u0119p elektroniczny do konta,<\/strong><br \/><strong>&#8211; w\u00a0 Kasie Banku Sp\u00f3\u0142dzielczego,<\/strong><br \/><strong>&#8211; przelewem w innym banku,<\/strong><br \/><strong>&#8211; przelewem na poczcie<\/strong><br \/><strong>na rachunek UTW :\u00a0<\/strong><\/p>\n<div><strong>\u00a0 \u00a0 \u00a0\u00a0<\/strong>\u00a0 \u00a0 \u00a0 \u00a0 \u00a0 \u00a0 \u00a0 \u00a0 \u00a0 \u00a0 \u00a0 \u00a0 \u00a0 \u00a0 \u00a0 \u00a0 \u00a0\u00a0<br \/><span style=\"font-size: medium;\"><strong>Bank Sp\u00f3\u0142dzielczy\u00a0 \u00a035 8518 0006 2001 0012 4575 0001<\/strong><\/span><br \/>\u00a0<\/p>\n<div>\u00a0<\/div>\n<div>\n<div>\n<p>\u00a0<\/p>\n<div>\u00a0<\/div>\n<div>\n<div><strong><br \/><\/strong><\/p>\n<div>\n<div>\n<div>\n<div>\n<div>\n<div>\n<div>\n<div>\n<div>\n<div><strong><br \/><\/strong><\/p>\n<div>\u00a0<\/div>\n<\/div>\n<\/div>\n<\/div>\n<\/div>\n<\/div>\n<\/div>\n<\/div>\n<\/div>\n<\/div>\n<\/div>\n<\/div>\n<\/div>\n<\/div>\n<\/div>\n<\/div>\n","protected":false},"excerpt":{"rendered":"<p>PRO\u015aBA\u00a0 \u00a0O\u00a0 WP\u0141ATY\u00a0 CZESNEGO Termin wp\u0142aty czesnego up\u0142yn\u0105\u0142 31 stycznia 2020. Do 31 marca 51 s\u0142uchaczy nie uregulowa\u0142o czesnego za\u00a0 &hellip;<\/p>\n","protected":false},"author":3,"featured_media":0,"comment_status":"open","ping_status":"open","sticky":true,"template":"","format":"standard","meta":{"footnotes":""},"categories":[2],"tags":[],"_links":{"self":[{"href":"https:\/\/utwstarachowice.pl\/index.php?rest_route=\/wp\/v2\/posts\/576"}],"collection":[{"href":"https:\/\/utwstarachowice.pl\/index.php?rest_route=\/wp\/v2\/posts"}],"about":[{"href":"https:\/\/utwstarachowice.pl\/index.php?rest_route=\/wp\/v2\/types\/post"}],"author":[{"embeddable":true,"href":"https:\/\/utwstarachowice.pl\/index.php?rest_route=\/wp\/v2\/users\/3"}],"replies":[{"embeddable":true,"href":"https:\/\/utwstarachowice.pl\/index.php?rest_route=%2Fwp%2Fv2%2Fcomments&post=576"}],"version-history":[{"count":0,"href":"https:\/\/utwstarachowice.pl\/index.php?rest_route=\/wp\/v2\/posts\/576\/revisions"}],"wp:attachment":[{"href":"https:\/\/utwstarachowice.pl\/index.php?rest_route=%2Fwp%2Fv2%2Fmedia&parent=576"}],"wp:term":[{"taxonomy":"category","embeddable":true,"href":"https:\/\/utwstarachowice.pl\/index.php?rest_route=%2Fwp%2Fv2%2Fcategories&post=576"},{"taxonomy":"post_tag","embeddable":true,"href":"https:\/\/utwstarachowice.pl\/index.php?rest_route=%2Fwp%2Fv2%2Ftags&post=576"}],"curies":[{"name":"wp","href":"https:\/\/api.w.org\/{rel}","templated":true}]}}