{"id":5745,"date":"2025-11-17T14:45:28","date_gmt":"2025-11-17T13:45:28","guid":{"rendered":"https:\/\/utwstarachowice.pl\/?p=5745"},"modified":"2025-11-17T14:45:28","modified_gmt":"2025-11-17T13:45:28","slug":"komunikaty-3","status":"publish","type":"post","link":"https:\/\/utwstarachowice.pl\/?p=5745","title":{"rendered":"KOMUNIKATY"},"content":{"rendered":"\n<p>Kochani jutro rozpoczynamy<strong> Rok Akademicki 2025\/2026, <\/strong>kt\u00f3ry b\u0119dzie dla nas kolejn\u0105 now\u0105 przygod\u0105.<\/p>\n\n\n\n<p>Uniwersytet Trzeciego Wieku w Starachowicach to nasze miejsce, tu mo\u017cemy <a><\/a>rozwija\u0107 swoje pasje, poznawa\u0107 \u015bwiat od nowa, a przede wszystkim by\u0107 razem.<\/p>\n\n\n\n<p>Zapraszam w podr\u00f3\u017c pe\u0142n\u0105 inspiracji!<\/p>\n\n\n\n<figure class=\"wp-block-gallery has-nested-images columns-default is-cropped wp-block-gallery-1 is-layout-flex wp-block-gallery-is-layout-flex\">\n<figure class=\"wp-block-image size-large\"><img loading=\"lazy\" decoding=\"async\" width=\"1024\" height=\"607\" data-id=\"5746\" src=\"https:\/\/utwstarachowice.pl\/wp-content\/uploads\/2025\/11\/IMG_20251006_1556142-1024x607.jpg\" alt=\"\" class=\"wp-image-5746\" srcset=\"https:\/\/utwstarachowice.pl\/wp-content\/uploads\/2025\/11\/IMG_20251006_1556142-1024x607.jpg 1024w, https:\/\/utwstarachowice.pl\/wp-content\/uploads\/2025\/11\/IMG_20251006_1556142-300x178.jpg 300w, https:\/\/utwstarachowice.pl\/wp-content\/uploads\/2025\/11\/IMG_20251006_1556142-768x455.jpg 768w, https:\/\/utwstarachowice.pl\/wp-content\/uploads\/2025\/11\/IMG_20251006_1556142-1536x911.jpg 1536w, https:\/\/utwstarachowice.pl\/wp-content\/uploads\/2025\/11\/IMG_20251006_1556142-2048x1215.jpg 2048w\" sizes=\"(max-width: 1024px) 100vw, 1024px\" \/><\/figure>\n<\/figure>\n\n\n\n<figure class=\"wp-block-gallery has-nested-images columns-default is-cropped wp-block-gallery-2 is-layout-flex wp-block-gallery-is-layout-flex\">\n<figure class=\"wp-block-image size-large\"><img loading=\"lazy\" decoding=\"async\" width=\"768\" height=\"1024\" data-id=\"5747\" src=\"https:\/\/utwstarachowice.pl\/wp-content\/uploads\/2025\/11\/Messenger_creation_2C8B747E-BB4F-4A07-BC3F-B7FC6CA7299E2-768x1024.jpeg\" alt=\"\" class=\"wp-image-5747\" srcset=\"https:\/\/utwstarachowice.pl\/wp-content\/uploads\/2025\/11\/Messenger_creation_2C8B747E-BB4F-4A07-BC3F-B7FC6CA7299E2-768x1024.jpeg 768w, https:\/\/utwstarachowice.pl\/wp-content\/uploads\/2025\/11\/Messenger_creation_2C8B747E-BB4F-4A07-BC3F-B7FC6CA7299E2-225x300.jpeg 225w, https:\/\/utwstarachowice.pl\/wp-content\/uploads\/2025\/11\/Messenger_creation_2C8B747E-BB4F-4A07-BC3F-B7FC6CA7299E2-1152x1536.jpeg 1152w, https:\/\/utwstarachowice.pl\/wp-content\/uploads\/2025\/11\/Messenger_creation_2C8B747E-BB4F-4A07-BC3F-B7FC6CA7299E2.jpeg 1504w\" sizes=\"(max-width: 768px) 100vw, 768px\" \/><\/figure>\n<\/figure>\n\n\n\n<figure class=\"wp-block-gallery has-nested-images columns-default is-cropped wp-block-gallery-3 is-layout-flex wp-block-gallery-is-layout-flex\">\n<figure class=\"wp-block-image size-large\"><img loading=\"lazy\" decoding=\"async\" width=\"691\" height=\"1024\" data-id=\"5748\" src=\"https:\/\/utwstarachowice.pl\/wp-content\/uploads\/2025\/11\/IMG_20251006_1559582-691x1024.jpg\" alt=\"\" class=\"wp-image-5748\" srcset=\"https:\/\/utwstarachowice.pl\/wp-content\/uploads\/2025\/11\/IMG_20251006_1559582-691x1024.jpg 691w, https:\/\/utwstarachowice.pl\/wp-content\/uploads\/2025\/11\/IMG_20251006_1559582-202x300.jpg 202w, https:\/\/utwstarachowice.pl\/wp-content\/uploads\/2025\/11\/IMG_20251006_1559582-768x1139.jpg 768w, https:\/\/utwstarachowice.pl\/wp-content\/uploads\/2025\/11\/IMG_20251006_1559582-1036x1536.jpg 1036w, https:\/\/utwstarachowice.pl\/wp-content\/uploads\/2025\/11\/IMG_20251006_1559582-1382x2048.jpg 1382w, https:\/\/utwstarachowice.pl\/wp-content\/uploads\/2025\/11\/IMG_20251006_1559582-scaled.jpg 1727w\" sizes=\"(max-width: 691px) 100vw, 691px\" \/><\/figure>\n<\/figure>\n","protected":false},"excerpt":{"rendered":"<p>Kochani jutro rozpoczynamy Rok Akademicki 2025\/2026, kt\u00f3ry b\u0119dzie dla nas kolejn\u0105 now\u0105 przygod\u0105. Uniwersytet Trzeciego Wieku w Starachowicach to nasze &hellip;<\/p>\n","protected":false},"author":3,"featured_media":0,"comment_status":"open","ping_status":"open","sticky":true,"template":"","format":"standard","meta":{"footnotes":""},"categories":[43],"tags":[],"_links":{"self":[{"href":"https:\/\/utwstarachowice.pl\/index.php?rest_route=\/wp\/v2\/posts\/5745"}],"collection":[{"href":"https:\/\/utwstarachowice.pl\/index.php?rest_route=\/wp\/v2\/posts"}],"about":[{"href":"https:\/\/utwstarachowice.pl\/index.php?rest_route=\/wp\/v2\/types\/post"}],"author":[{"embeddable":true,"href":"https:\/\/utwstarachowice.pl\/index.php?rest_route=\/wp\/v2\/users\/3"}],"replies":[{"embeddable":true,"href":"https:\/\/utwstarachowice.pl\/index.php?rest_route=%2Fwp%2Fv2%2Fcomments&post=5745"}],"version-history":[{"count":1,"href":"https:\/\/utwstarachowice.pl\/index.php?rest_route=\/wp\/v2\/posts\/5745\/revisions"}],"predecessor-version":[{"id":5749,"href":"https:\/\/utwstarachowice.pl\/index.php?rest_route=\/wp\/v2\/posts\/5745\/revisions\/5749"}],"wp:attachment":[{"href":"https:\/\/utwstarachowice.pl\/index.php?rest_route=%2Fwp%2Fv2%2Fmedia&parent=5745"}],"wp:term":[{"taxonomy":"category","embeddable":true,"href":"https:\/\/utwstarachowice.pl\/index.php?rest_route=%2Fwp%2Fv2%2Fcategories&post=5745"},{"taxonomy":"post_tag","embeddable":true,"href":"https:\/\/utwstarachowice.pl\/index.php?rest_route=%2Fwp%2Fv2%2Ftags&post=5745"}],"curies":[{"name":"wp","href":"https:\/\/api.w.org\/{rel}","templated":true}]}}