{"id":5670,"date":"2025-11-16T17:39:25","date_gmt":"2025-11-16T16:39:25","guid":{"rendered":"https:\/\/utwstarachowice.pl\/?p=5670"},"modified":"2025-11-16T17:39:25","modified_gmt":"2025-11-16T16:39:25","slug":"przed-ostatnia-joga-na-trawie","status":"publish","type":"post","link":"https:\/\/utwstarachowice.pl\/?p=5670","title":{"rendered":"Przed ostatnia joga na trawie"},"content":{"rendered":"\n<p>Dzisiaj odby\u0142a si\u0119 kolejna przed ostatnia <strong>&#8222;Joga na trawie&#8221; w ogrodach Centrum Kreatywno\u015bci &#8222;Pa\u0142acyk&#8221;. DZI\u0118KUJEMY z<\/strong>a go\u015bcin\u0119.<\/p>\n\n\n\n<p><a><\/a>Same dobre wra\u017cenia.<\/p>\n\n\n\n<p><strong>Ostatnia letnia &#8222;Joga na trawie&#8221;<\/strong> odb\u0119dzie si\u0119 w Parku Miejskim w Starachowicach w <strong>Amfiteatrze <\/strong>w kolejny poniedzia\u0142ek wakacji tj.25.08.2025 r. o godzinie 15.00.<\/p>\n\n\n\n<p>Zapraszamy.<\/p>\n\n\n\n<figure class=\"wp-block-gallery has-nested-images columns-default is-cropped wp-block-gallery-1 is-layout-flex wp-block-gallery-is-layout-flex\">\n<figure class=\"wp-block-image size-large\"><img loading=\"lazy\" decoding=\"async\" width=\"1024\" height=\"768\" data-id=\"5671\" src=\"https:\/\/utwstarachowice.pl\/wp-content\/uploads\/2025\/11\/IMG-20250818-WA0002-1024x768.jpg\" alt=\"\" class=\"wp-image-5671\" srcset=\"https:\/\/utwstarachowice.pl\/wp-content\/uploads\/2025\/11\/IMG-20250818-WA0002-1024x768.jpg 1024w, https:\/\/utwstarachowice.pl\/wp-content\/uploads\/2025\/11\/IMG-20250818-WA0002-300x225.jpg 300w, https:\/\/utwstarachowice.pl\/wp-content\/uploads\/2025\/11\/IMG-20250818-WA0002-768x576.jpg 768w, https:\/\/utwstarachowice.pl\/wp-content\/uploads\/2025\/11\/IMG-20250818-WA0002-1536x1152.jpg 1536w, https:\/\/utwstarachowice.pl\/wp-content\/uploads\/2025\/11\/IMG-20250818-WA0002.jpg 2048w\" sizes=\"(max-width: 1024px) 100vw, 1024px\" \/><\/figure>\n<\/figure>\n","protected":false},"excerpt":{"rendered":"<p>Dzisiaj odby\u0142a si\u0119 kolejna przed ostatnia &#8222;Joga na trawie&#8221; w ogrodach Centrum Kreatywno\u015bci &#8222;Pa\u0142acyk&#8221;. DZI\u0118KUJEMY za go\u015bcin\u0119. Same dobre wra\u017cenia. &hellip;<\/p>\n","protected":false},"author":3,"featured_media":0,"comment_status":"open","ping_status":"open","sticky":true,"template":"","format":"standard","meta":{"footnotes":""},"categories":[37],"tags":[],"_links":{"self":[{"href":"https:\/\/utwstarachowice.pl\/index.php?rest_route=\/wp\/v2\/posts\/5670"}],"collection":[{"href":"https:\/\/utwstarachowice.pl\/index.php?rest_route=\/wp\/v2\/posts"}],"about":[{"href":"https:\/\/utwstarachowice.pl\/index.php?rest_route=\/wp\/v2\/types\/post"}],"author":[{"embeddable":true,"href":"https:\/\/utwstarachowice.pl\/index.php?rest_route=\/wp\/v2\/users\/3"}],"replies":[{"embeddable":true,"href":"https:\/\/utwstarachowice.pl\/index.php?rest_route=%2Fwp%2Fv2%2Fcomments&post=5670"}],"version-history":[{"count":1,"href":"https:\/\/utwstarachowice.pl\/index.php?rest_route=\/wp\/v2\/posts\/5670\/revisions"}],"predecessor-version":[{"id":5672,"href":"https:\/\/utwstarachowice.pl\/index.php?rest_route=\/wp\/v2\/posts\/5670\/revisions\/5672"}],"wp:attachment":[{"href":"https:\/\/utwstarachowice.pl\/index.php?rest_route=%2Fwp%2Fv2%2Fmedia&parent=5670"}],"wp:term":[{"taxonomy":"category","embeddable":true,"href":"https:\/\/utwstarachowice.pl\/index.php?rest_route=%2Fwp%2Fv2%2Fcategories&post=5670"},{"taxonomy":"post_tag","embeddable":true,"href":"https:\/\/utwstarachowice.pl\/index.php?rest_route=%2Fwp%2Fv2%2Ftags&post=5670"}],"curies":[{"name":"wp","href":"https:\/\/api.w.org\/{rel}","templated":true}]}}