{"id":5667,"date":"2025-11-16T17:30:45","date_gmt":"2025-11-16T16:30:45","guid":{"rendered":"https:\/\/utwstarachowice.pl\/?p=5667"},"modified":"2026-01-16T15:18:56","modified_gmt":"2026-01-16T14:18:56","slug":"wyjazd-edukacyjny","status":"publish","type":"post","link":"https:\/\/utwstarachowice.pl\/?p=5667","title":{"rendered":"Wyjazd edukacyjny"},"content":{"rendered":"\n<p>W dniu 2.10.2025 r. odb\u0119dzie si\u0119 wyjazd edukacyjny do Radomia, podczas kt\u00f3rego obejrzymy unikatowe zbiory i zabudowania w <strong>Muzeum Wsi Radomskiej<\/strong>, zwiedzimy Katedr\u0119 Opieki NMP, pospacerujemy po zabytkowym parku w centrum Radomia. W sali Radomskiej Orkiestry Kameralnej obejrzymy komedi\u0119 muzyczn\u0105 <strong>&#8222;Recepta na szcz\u0119\u015bcie&#8221;<\/strong>. \u015apiewaj\u0105cy aktorzy, muzyka na \u017cywo, humor &#8211; zagwarantuj\u0105 nam dobr\u0105 zabaw\u0119. Prosimy o jak najszybsze potwierdzenie wyjazdu w Biurze UTW i wp\u0142at\u0119 140 z\u0142 do 15 wrze\u015bnia. Jest jeszcze kilka wolnych miejsc.<\/p>\n\n\n\n<figure class=\"wp-block-gallery has-nested-images columns-default is-cropped wp-block-gallery-1 is-layout-flex wp-block-gallery-is-layout-flex\">\n<figure class=\"wp-block-image size-large\"><img loading=\"lazy\" decoding=\"async\" width=\"809\" height=\"1024\" data-id=\"5668\" src=\"https:\/\/utwstarachowice.pl\/wp-content\/uploads\/2025\/11\/Messenger_creation_35E94FB8-5ADF-4F81-B7C8-2B4CA405B676-809x1024.jpeg\" alt=\"\" class=\"wp-image-5668\" srcset=\"https:\/\/utwstarachowice.pl\/wp-content\/uploads\/2025\/11\/Messenger_creation_35E94FB8-5ADF-4F81-B7C8-2B4CA405B676-809x1024.jpeg 809w, https:\/\/utwstarachowice.pl\/wp-content\/uploads\/2025\/11\/Messenger_creation_35E94FB8-5ADF-4F81-B7C8-2B4CA405B676-237x300.jpeg 237w, https:\/\/utwstarachowice.pl\/wp-content\/uploads\/2025\/11\/Messenger_creation_35E94FB8-5ADF-4F81-B7C8-2B4CA405B676-768x972.jpeg 768w, https:\/\/utwstarachowice.pl\/wp-content\/uploads\/2025\/11\/Messenger_creation_35E94FB8-5ADF-4F81-B7C8-2B4CA405B676.jpeg 885w\" sizes=\"(max-width: 809px) 100vw, 809px\" \/><\/figure>\n<\/figure>\n","protected":false},"excerpt":{"rendered":"<p>W dniu 2.10.2025 r. odb\u0119dzie si\u0119 wyjazd edukacyjny do Radomia, podczas kt\u00f3rego obejrzymy unikatowe zbiory i zabudowania w Muzeum Wsi &hellip;<\/p>\n","protected":false},"author":3,"featured_media":0,"comment_status":"open","ping_status":"open","sticky":true,"template":"","format":"standard","meta":{"footnotes":""},"categories":[49],"tags":[],"_links":{"self":[{"href":"https:\/\/utwstarachowice.pl\/index.php?rest_route=\/wp\/v2\/posts\/5667"}],"collection":[{"href":"https:\/\/utwstarachowice.pl\/index.php?rest_route=\/wp\/v2\/posts"}],"about":[{"href":"https:\/\/utwstarachowice.pl\/index.php?rest_route=\/wp\/v2\/types\/post"}],"author":[{"embeddable":true,"href":"https:\/\/utwstarachowice.pl\/index.php?rest_route=\/wp\/v2\/users\/3"}],"replies":[{"embeddable":true,"href":"https:\/\/utwstarachowice.pl\/index.php?rest_route=%2Fwp%2Fv2%2Fcomments&post=5667"}],"version-history":[{"count":1,"href":"https:\/\/utwstarachowice.pl\/index.php?rest_route=\/wp\/v2\/posts\/5667\/revisions"}],"predecessor-version":[{"id":5669,"href":"https:\/\/utwstarachowice.pl\/index.php?rest_route=\/wp\/v2\/posts\/5667\/revisions\/5669"}],"wp:attachment":[{"href":"https:\/\/utwstarachowice.pl\/index.php?rest_route=%2Fwp%2Fv2%2Fmedia&parent=5667"}],"wp:term":[{"taxonomy":"category","embeddable":true,"href":"https:\/\/utwstarachowice.pl\/index.php?rest_route=%2Fwp%2Fv2%2Fcategories&post=5667"},{"taxonomy":"post_tag","embeddable":true,"href":"https:\/\/utwstarachowice.pl\/index.php?rest_route=%2Fwp%2Fv2%2Ftags&post=5667"}],"curies":[{"name":"wp","href":"https:\/\/api.w.org\/{rel}","templated":true}]}}