{"id":5663,"date":"2025-11-16T17:25:54","date_gmt":"2025-11-16T16:25:54","guid":{"rendered":"https:\/\/utwstarachowice.pl\/?p=5663"},"modified":"2026-01-16T15:18:56","modified_gmt":"2026-01-16T14:18:56","slug":"swieto-wojska-polskiego","status":"publish","type":"post","link":"https:\/\/utwstarachowice.pl\/?p=5663","title":{"rendered":"\u015awi\u0119to Wojska polskiego"},"content":{"rendered":"\n<p>15 sierpnia 2025 r. \u015awi\u0119to Wojska Polskiego i 105 rocznica zwyci\u0119skiej dla Polski Bitwy Warszawskiej 1920.<\/p>\n\n\n\n<p>Spo\u0142eczno\u015b\u0107 UTW uczci\u0142a ten dzie\u0144 uczestnicz\u0105c w <a><\/a>starachowickich obchodach \u015awi\u0119ta WP<img loading=\"lazy\" decoding=\"async\" height=\"16\" width=\"16\" alt=\"\ud83c\uddf5\ud83c\uddf1\" src=\"https:\/\/static.xx.fbcdn.net\/images\/emoji.php\/v9\/te0\/1\/16\/1f1f5_1f1f1.png\"><img loading=\"lazy\" decoding=\"async\" height=\"16\" width=\"16\" alt=\"\ud83e\ude96\" src=\"https:\/\/static.xx.fbcdn.net\/images\/emoji.php\/v9\/t56\/1\/16\/1fa96.png\"><\/p>\n\n\n\n<figure class=\"wp-block-gallery has-nested-images columns-default is-cropped wp-block-gallery-1 is-layout-flex wp-block-gallery-is-layout-flex\">\n<figure class=\"wp-block-image size-large\"><img loading=\"lazy\" decoding=\"async\" width=\"768\" height=\"1024\" data-id=\"5664\" src=\"https:\/\/utwstarachowice.pl\/wp-content\/uploads\/2025\/11\/Messenger_creation_4519ADFD-7F14-4E05-AE6F-E3A19CF1C118-768x1024.jpeg\" alt=\"\" class=\"wp-image-5664\" srcset=\"https:\/\/utwstarachowice.pl\/wp-content\/uploads\/2025\/11\/Messenger_creation_4519ADFD-7F14-4E05-AE6F-E3A19CF1C118-768x1024.jpeg 768w, https:\/\/utwstarachowice.pl\/wp-content\/uploads\/2025\/11\/Messenger_creation_4519ADFD-7F14-4E05-AE6F-E3A19CF1C118-225x300.jpeg 225w, https:\/\/utwstarachowice.pl\/wp-content\/uploads\/2025\/11\/Messenger_creation_4519ADFD-7F14-4E05-AE6F-E3A19CF1C118-1152x1536.jpeg 1152w, https:\/\/utwstarachowice.pl\/wp-content\/uploads\/2025\/11\/Messenger_creation_4519ADFD-7F14-4E05-AE6F-E3A19CF1C118.jpeg 1200w\" sizes=\"(max-width: 768px) 100vw, 768px\" \/><\/figure>\n<\/figure>\n\n\n\n<figure class=\"wp-block-gallery has-nested-images columns-default is-cropped wp-block-gallery-2 is-layout-flex wp-block-gallery-is-layout-flex\">\n<figure class=\"wp-block-image size-large\"><img loading=\"lazy\" decoding=\"async\" width=\"1024\" height=\"768\" data-id=\"5665\" src=\"https:\/\/utwstarachowice.pl\/wp-content\/uploads\/2025\/11\/Messenger_creation_F3709FF6-7D6D-440F-ACE7-1CD52827D7B3-1-1024x768.jpeg\" alt=\"\" class=\"wp-image-5665\" srcset=\"https:\/\/utwstarachowice.pl\/wp-content\/uploads\/2025\/11\/Messenger_creation_F3709FF6-7D6D-440F-ACE7-1CD52827D7B3-1-1024x768.jpeg 1024w, https:\/\/utwstarachowice.pl\/wp-content\/uploads\/2025\/11\/Messenger_creation_F3709FF6-7D6D-440F-ACE7-1CD52827D7B3-1-300x225.jpeg 300w, https:\/\/utwstarachowice.pl\/wp-content\/uploads\/2025\/11\/Messenger_creation_F3709FF6-7D6D-440F-ACE7-1CD52827D7B3-1-768x576.jpeg 768w, https:\/\/utwstarachowice.pl\/wp-content\/uploads\/2025\/11\/Messenger_creation_F3709FF6-7D6D-440F-ACE7-1CD52827D7B3-1-1536x1152.jpeg 1536w, https:\/\/utwstarachowice.pl\/wp-content\/uploads\/2025\/11\/Messenger_creation_F3709FF6-7D6D-440F-ACE7-1CD52827D7B3-1.jpeg 2048w\" sizes=\"(max-width: 1024px) 100vw, 1024px\" \/><\/figure>\n<\/figure>\n\n\n\n<figure class=\"wp-block-gallery has-nested-images columns-default is-cropped wp-block-gallery-3 is-layout-flex wp-block-gallery-is-layout-flex\"><\/figure>\n","protected":false},"excerpt":{"rendered":"<p>15 sierpnia 2025 r. \u015awi\u0119to Wojska Polskiego i 105 rocznica zwyci\u0119skiej dla Polski Bitwy Warszawskiej 1920. Spo\u0142eczno\u015b\u0107 UTW uczci\u0142a ten &hellip;<\/p>\n","protected":false},"author":3,"featured_media":0,"comment_status":"open","ping_status":"open","sticky":true,"template":"","format":"standard","meta":{"footnotes":""},"categories":[49],"tags":[],"_links":{"self":[{"href":"https:\/\/utwstarachowice.pl\/index.php?rest_route=\/wp\/v2\/posts\/5663"}],"collection":[{"href":"https:\/\/utwstarachowice.pl\/index.php?rest_route=\/wp\/v2\/posts"}],"about":[{"href":"https:\/\/utwstarachowice.pl\/index.php?rest_route=\/wp\/v2\/types\/post"}],"author":[{"embeddable":true,"href":"https:\/\/utwstarachowice.pl\/index.php?rest_route=\/wp\/v2\/users\/3"}],"replies":[{"embeddable":true,"href":"https:\/\/utwstarachowice.pl\/index.php?rest_route=%2Fwp%2Fv2%2Fcomments&post=5663"}],"version-history":[{"count":1,"href":"https:\/\/utwstarachowice.pl\/index.php?rest_route=\/wp\/v2\/posts\/5663\/revisions"}],"predecessor-version":[{"id":5666,"href":"https:\/\/utwstarachowice.pl\/index.php?rest_route=\/wp\/v2\/posts\/5663\/revisions\/5666"}],"wp:attachment":[{"href":"https:\/\/utwstarachowice.pl\/index.php?rest_route=%2Fwp%2Fv2%2Fmedia&parent=5663"}],"wp:term":[{"taxonomy":"category","embeddable":true,"href":"https:\/\/utwstarachowice.pl\/index.php?rest_route=%2Fwp%2Fv2%2Fcategories&post=5663"},{"taxonomy":"post_tag","embeddable":true,"href":"https:\/\/utwstarachowice.pl\/index.php?rest_route=%2Fwp%2Fv2%2Ftags&post=5663"}],"curies":[{"name":"wp","href":"https:\/\/api.w.org\/{rel}","templated":true}]}}