{"id":565,"date":"2020-03-02T18:57:04","date_gmt":"2020-03-02T17:57:04","guid":{"rendered":"https:\/\/utwstarachowice.pl\/2020\/03\/02\/odeszla-od-nas\/"},"modified":"2020-03-02T18:57:04","modified_gmt":"2020-03-02T17:57:04","slug":"odeszla-od-nas","status":"publish","type":"post","link":"https:\/\/utwstarachowice.pl\/?p=565","title":{"rendered":"ODESZ\u0141A  OD  NAS."},"content":{"rendered":"<p><strong>Z \u017calem zawiadamiamy \u017ce odesz\u0142a od nas Kole\u017canka Jadwiga Nowak. 4 marca o godz.14<sup>00<\/sup>\u00a0w Ko\u015bciele \u015awi\u0119tej Tr\u00f3jcy b\u0119dzie odprawiona msza \u017ca\u0142obna.<\/strong><\/p>\n","protected":false},"excerpt":{"rendered":"<p>Z \u017calem zawiadamiamy \u017ce odesz\u0142a od nas Kole\u017canka Jadwiga Nowak. 4 marca o godz.1400\u00a0w Ko\u015bciele \u015awi\u0119tej Tr\u00f3jcy b\u0119dzie odprawiona msza &hellip;<\/p>\n","protected":false},"author":3,"featured_media":0,"comment_status":"open","ping_status":"open","sticky":true,"template":"","format":"standard","meta":{"footnotes":""},"categories":[2],"tags":[],"_links":{"self":[{"href":"https:\/\/utwstarachowice.pl\/index.php?rest_route=\/wp\/v2\/posts\/565"}],"collection":[{"href":"https:\/\/utwstarachowice.pl\/index.php?rest_route=\/wp\/v2\/posts"}],"about":[{"href":"https:\/\/utwstarachowice.pl\/index.php?rest_route=\/wp\/v2\/types\/post"}],"author":[{"embeddable":true,"href":"https:\/\/utwstarachowice.pl\/index.php?rest_route=\/wp\/v2\/users\/3"}],"replies":[{"embeddable":true,"href":"https:\/\/utwstarachowice.pl\/index.php?rest_route=%2Fwp%2Fv2%2Fcomments&post=565"}],"version-history":[{"count":0,"href":"https:\/\/utwstarachowice.pl\/index.php?rest_route=\/wp\/v2\/posts\/565\/revisions"}],"wp:attachment":[{"href":"https:\/\/utwstarachowice.pl\/index.php?rest_route=%2Fwp%2Fv2%2Fmedia&parent=565"}],"wp:term":[{"taxonomy":"category","embeddable":true,"href":"https:\/\/utwstarachowice.pl\/index.php?rest_route=%2Fwp%2Fv2%2Fcategories&post=565"},{"taxonomy":"post_tag","embeddable":true,"href":"https:\/\/utwstarachowice.pl\/index.php?rest_route=%2Fwp%2Fv2%2Ftags&post=565"}],"curies":[{"name":"wp","href":"https:\/\/api.w.org\/{rel}","templated":true}]}}