{"id":563,"date":"2020-02-26T17:25:51","date_gmt":"2020-02-26T16:25:51","guid":{"rendered":"https:\/\/utwstarachowice.pl\/2020\/02\/26\/zajecia-w-ramach-projektu-aktywny-senior-miesiac-marzec-2020-r\/"},"modified":"2020-02-26T17:25:51","modified_gmt":"2020-02-26T16:25:51","slug":"zajecia-w-ramach-projektu-aktywny-senior-miesiac-marzec-2020-r","status":"publish","type":"post","link":"https:\/\/utwstarachowice.pl\/?p=563","title":{"rendered":"ZAJ\u0118CIA  W  RAMACH  PROJEKTU  AKTYWNY  SENIOR-  MIESI\u0104C  MARZEC 2020 r."},"content":{"rendered":"<table border=\"1\" cellspacing=\"0\" cellpadding=\"0\">\n<tbody>\n<tr>\n<td valign=\"top\">\n<p align=\"center\"><span style=\"font-size: medium;\"><strong>Numer modu\u0142u<\/strong><\/span><\/p>\n<\/td>\n<td valign=\"top\">\n<p align=\"center\"><span style=\"font-size: medium;\"><strong>Osoba prowadz\u0105ca<\/strong><\/span><\/p>\n<\/td>\n<td valign=\"top\">\n<p align=\"center\"><span style=\"font-size: medium;\"><strong>Data<\/strong><\/span><\/p>\n<\/td>\n<td valign=\"top\">\n<p align=\"center\"><span style=\"font-size: medium;\"><strong>Dzie\u0144 tygodnia<\/strong><\/span><\/p>\n<\/td>\n<td valign=\"top\">\n<p align=\"center\"><span style=\"font-size: medium;\"><strong>Godzina<\/strong><\/span><\/p>\n<\/td>\n<\/tr>\n<tr>\n<td>\n<p><span style=\"font-size: medium;\">III modu\u0142 \u2013\u201eZe sztuk\u0105 na Ty\u201d<\/span><\/p>\n<\/td>\n<td>\n<p><span style=\"font-size: medium;\">dr Ma\u0142gorzata Stawiak-Ososi\u0144ska<\/span><\/p>\n<\/td>\n<td>\n<p align=\"center\"><span style=\"font-size: medium;\">06.03<\/span><\/p>\n<\/td>\n<td>\n<p align=\"center\"><span style=\"font-size: medium;\">pi\u0105tek<\/span><\/p>\n<\/td>\n<td>\n<p align=\"center\"><span style=\"font-size: medium;\">12<sup>00<\/sup>-13<sup>30<\/sup>; 13<sup>45<\/sup>-15<sup>15<\/sup><\/span><\/p>\n<\/td>\n<\/tr>\n<tr>\n<td>\n<p><span style=\"font-size: medium;\">V modu\u0142 &#8211; \u201eCudze chwalicie swego nie znacie\u201d<\/span><\/p>\n<\/td>\n<td>\n<p><span style=\"font-size: medium;\">dr Ma\u0142gorzata Stawiak-Ososi\u0144ska<\/span><\/p>\n<\/td>\n<td>\n<p align=\"center\"><span style=\"font-size: medium;\">13.03<\/span><\/p>\n<\/td>\n<td>\n<p align=\"center\"><span style=\"font-size: medium;\">pi\u0105tek<\/span><\/p>\n<\/td>\n<td>\n<p align=\"center\"><span style=\"font-size: medium;\">12<sup>00<\/sup>-13<sup>30<\/sup>; 13<sup>45<\/sup>-15<sup>15<\/sup><\/span><\/p>\n<\/td>\n<\/tr>\n<tr>\n<td>\n<p><span style=\"font-size: medium;\">IV\u00a0\u00a0\u00a0 modu\u0142 &#8211; \u201eChodzi o to aby j\u0119zyk gi\u0119tki wypowiedzia\u0142 to co pomy\u015bli g\u0142owa\u201d<\/span><\/p>\n<\/td>\n<td>\n<p><span style=\"font-size: medium;\">dr Anna Przygoda<\/span><\/p>\n<\/td>\n<td>\n<p align=\"center\"><span style=\"font-size: medium;\">20.03<\/span><\/p>\n<\/td>\n<td>\n<p align=\"center\"><span style=\"font-size: medium;\">pi\u0105tek<\/span><\/p>\n<\/td>\n<td>\n<p align=\"center\"><span style=\"font-size: medium;\">12<sup>00<\/sup>-13<sup>30<\/sup><\/span><\/p>\n<\/td>\n<\/tr>\n<tr>\n<td>\n<p><span style=\"font-size: medium;\">IV modu\u0142 &#8211; \u201eChodzi o to aby j\u0119zyk gi\u0119tki wypowiedzia\u0142 to co pomy\u015bli g\u0142owa\u201d<\/span><\/p>\n<\/td>\n<td>\n<p><span style=\"font-size: medium;\">dr hab. Agata Chabior<\/span><\/p>\n<\/td>\n<td>\n<p align=\"center\"><span style=\"font-size: medium;\">24.03<\/span><\/p>\n<\/td>\n<td>\n<p align=\"center\"><span style=\"font-size: medium;\">wtorek<\/span><\/p>\n<\/td>\n<td>\n<p align=\"center\"><span style=\"font-size: medium;\">12<sup>00<\/sup>-13<sup>30<\/sup>; 13<sup>45<\/sup>-15<sup>15<\/sup><\/span><\/p>\n<\/td>\n<\/tr>\n<\/tbody>\n<\/table>\n","protected":false},"excerpt":{"rendered":"<p>Numer modu\u0142u Osoba prowadz\u0105ca Data Dzie\u0144 tygodnia Godzina III modu\u0142 \u2013\u201eZe sztuk\u0105 na Ty\u201d dr Ma\u0142gorzata Stawiak-Ososi\u0144ska 06.03 pi\u0105tek 1200-1330; &hellip;<\/p>\n","protected":false},"author":3,"featured_media":0,"comment_status":"open","ping_status":"open","sticky":true,"template":"","format":"standard","meta":{"footnotes":""},"categories":[2],"tags":[],"_links":{"self":[{"href":"https:\/\/utwstarachowice.pl\/index.php?rest_route=\/wp\/v2\/posts\/563"}],"collection":[{"href":"https:\/\/utwstarachowice.pl\/index.php?rest_route=\/wp\/v2\/posts"}],"about":[{"href":"https:\/\/utwstarachowice.pl\/index.php?rest_route=\/wp\/v2\/types\/post"}],"author":[{"embeddable":true,"href":"https:\/\/utwstarachowice.pl\/index.php?rest_route=\/wp\/v2\/users\/3"}],"replies":[{"embeddable":true,"href":"https:\/\/utwstarachowice.pl\/index.php?rest_route=%2Fwp%2Fv2%2Fcomments&post=563"}],"version-history":[{"count":0,"href":"https:\/\/utwstarachowice.pl\/index.php?rest_route=\/wp\/v2\/posts\/563\/revisions"}],"wp:attachment":[{"href":"https:\/\/utwstarachowice.pl\/index.php?rest_route=%2Fwp%2Fv2%2Fmedia&parent=563"}],"wp:term":[{"taxonomy":"category","embeddable":true,"href":"https:\/\/utwstarachowice.pl\/index.php?rest_route=%2Fwp%2Fv2%2Fcategories&post=563"},{"taxonomy":"post_tag","embeddable":true,"href":"https:\/\/utwstarachowice.pl\/index.php?rest_route=%2Fwp%2Fv2%2Ftags&post=563"}],"curies":[{"name":"wp","href":"https:\/\/api.w.org\/{rel}","templated":true}]}}