{"id":56,"date":"2015-11-19T17:26:23","date_gmt":"2015-11-19T16:26:23","guid":{"rendered":"https:\/\/utwstarachowice.pl\/2015\/11\/19\/oferta-dla-seniorow\/"},"modified":"2015-11-19T17:26:23","modified_gmt":"2015-11-19T16:26:23","slug":"oferta-dla-seniorow","status":"publish","type":"post","link":"https:\/\/utwstarachowice.pl\/?p=56","title":{"rendered":"OFERTA DLA SENIOR\u00d3W"},"content":{"rendered":"<p align=\"center\"><strong><span style=\"text-decoration: underline;\"><span style=\"color: #000000;\">Oferta Dziennego Domu \u201eSenior \u2013 WIGOR\u201d<\/span><\/span><\/strong><\/p>\n<p><strong>w Starachowicach, al. Armii Krajowej 28<\/strong><\/p>\n<p><strong>Galeria Handlowa Ska\u0142ka (I pi\u0119tro)<\/strong><\/p>\n<p><strong>planowane otwarcie grudzie\u0144 2015 r.<\/strong><\/p>\n<p><strong>Dzienny Dom \u201eSenior-WIGOR\u201d- plac\u00f3wka wsparcia dziennego przeznaczona dla trzydziestu<\/strong><\/p>\n<p><strong>os\u00f3b niepracuj\u0105cych &#8211; mieszka\u0144c\u00f3w Gminy Starachowice &#8211; w wieku 60+<\/strong><\/p>\n<p><strong>prowadzona przez Gmin\u0119 Starachowice.<\/strong><\/p>\n<p><strong>Zapewniamy :<\/strong><\/p>\n<p><strong>&#8211; 8 godzinny pobyt w poniedzia\u0142ki, wtorki, \u015brody i pi\u0105tki w godzinach od 8.00 do 16.00,<\/strong><\/p>\n<p><strong>we czwartki w godzinach od 11.00 \u2013 19.00 z wyj\u0105tkiem sob\u00f3t, niedziel i dni<\/strong><\/p>\n<p><strong>\u015bwi\u0105tecznych;<\/strong><\/p>\n<p><strong>&#8211; dwudaniowy obiad, kaw\u0119, herbat\u0119, napoje, przek\u0105ski,<\/strong><\/p>\n<p><strong>&#8211; mo\u017cliwo\u015b\u0107 korzystania z kuchni, pralkosuszarki, prysznica,<\/strong><\/p>\n<p><strong>&#8211; podstawow\u0105 pomoc przedmedyczn\u0105 (dora\u017ana opieka piel\u0119gniarki\/opiekuna<\/strong><\/p>\n<p><strong>medycznego\/fizjoterapeuty, dietetyka),<\/strong><\/p>\n<p><strong>&#8211; treningi umiej\u0119tno\u015bci spo\u0142ecznych i pami\u0119ci, nauk\u0119 obs\u0142ugi komputera oraz internetu,<\/strong><\/p>\n<p><strong>tworzenie k\u00f3\u0142ek dyskusyjnych, grup zainteresowa\u0144,<\/strong><\/p>\n<p><strong>&#8211; og\u00f3ln\u0105 gimnastyk\u0119 usprawniaj\u0105c\u0105, spacery w grupach, wyj\u015bcia do kina,<\/strong><\/p>\n<p><strong>&#8211; zaj\u0119cia artystyczne,wyk\u0142ady i warsztaty tematyczne.<\/strong><\/p>\n<p><strong>&#8211; realizacje potrzeb uczestnik\u00f3w w aspekcie kulturalnym, rekreacyjnym i towarzyskim,<\/strong><\/p>\n<p><strong>integracj\u0119 mi\u0119dzypokoleniow\u0105,<\/strong><\/p>\n<p><strong>&#8211; mo\u017cliwo\u015b\u0107 korzystania z codziennej prasy, komputera i internetu, telewizji, biblioteki,<\/strong><\/p>\n<p><strong>&#8211; pomoc w za\u0142atwianiu spraw osobistych i urz\u0119dowych,<\/strong><\/p>\n<p><strong>&#8211; ubezpieczenie wypadkowe.<\/strong><\/p>\n<p><strong>Przyznanie miejsca w Domu b\u0119dzie oceniane na podstawie poni\u017cszych kryteri\u00f3w :<\/strong><\/p>\n<p><strong>1) mo\u017cliwo\u015b\u0107 poniesienia op\u0142aty za pobyt w Domu,<\/strong><\/p>\n<p><strong>2) stan rodzinny, samotno\u015b\u0107,<\/strong><\/p>\n<p><strong>3) warunki bytowe.<\/strong><\/p>\n<p><strong>Odp\u0142atno\u015b\u0107 za pobyt dla uczestnik\u00f3w Domu Senior WIGOR na rok 2015 zosta\u0142a<\/strong><\/p>\n<p><strong>ustalona na kwot\u0119 220 z\u0142otych miesi\u0119cznie od uczestnika.<\/strong><\/p>\n<p><strong>Prosimy o kontakt telefoniczny pod numerem telefonu : <\/strong><strong>668 -216 -211 lub osobisty \u2013<\/strong><\/p>\n<p><strong>Urz\u0105d Miejski w Starachowicach pok\u00f3j nr 219 (II pi\u0119tro)<\/strong><\/p>\n<p><strong><span style=\"font-size: medium;\">Uwaga : Ilo\u015b\u0107 miejsc ograniczona.<\/span><\/strong><\/p>\n<p><strong><span style=\"color: #000000; font-size: medium;\">Decyduje kolejno\u015b\u0107 zg\u0142osze\u0144.<\/span><\/strong><\/p>\n","protected":false},"excerpt":{"rendered":"<p>Oferta Dziennego Domu \u201eSenior \u2013 WIGOR\u201d w Starachowicach, al. Armii Krajowej 28 Galeria Handlowa Ska\u0142ka (I pi\u0119tro) planowane otwarcie grudzie\u0144 &hellip;<\/p>\n","protected":false},"author":3,"featured_media":0,"comment_status":"open","ping_status":"open","sticky":true,"template":"","format":"standard","meta":{"footnotes":""},"categories":[1],"tags":[],"_links":{"self":[{"href":"https:\/\/utwstarachowice.pl\/index.php?rest_route=\/wp\/v2\/posts\/56"}],"collection":[{"href":"https:\/\/utwstarachowice.pl\/index.php?rest_route=\/wp\/v2\/posts"}],"about":[{"href":"https:\/\/utwstarachowice.pl\/index.php?rest_route=\/wp\/v2\/types\/post"}],"author":[{"embeddable":true,"href":"https:\/\/utwstarachowice.pl\/index.php?rest_route=\/wp\/v2\/users\/3"}],"replies":[{"embeddable":true,"href":"https:\/\/utwstarachowice.pl\/index.php?rest_route=%2Fwp%2Fv2%2Fcomments&post=56"}],"version-history":[{"count":0,"href":"https:\/\/utwstarachowice.pl\/index.php?rest_route=\/wp\/v2\/posts\/56\/revisions"}],"wp:attachment":[{"href":"https:\/\/utwstarachowice.pl\/index.php?rest_route=%2Fwp%2Fv2%2Fmedia&parent=56"}],"wp:term":[{"taxonomy":"category","embeddable":true,"href":"https:\/\/utwstarachowice.pl\/index.php?rest_route=%2Fwp%2Fv2%2Fcategories&post=56"},{"taxonomy":"post_tag","embeddable":true,"href":"https:\/\/utwstarachowice.pl\/index.php?rest_route=%2Fwp%2Fv2%2Ftags&post=56"}],"curies":[{"name":"wp","href":"https:\/\/api.w.org\/{rel}","templated":true}]}}