{"id":5515,"date":"2025-06-08T18:58:15","date_gmt":"2025-06-08T16:58:15","guid":{"rendered":"https:\/\/utwstarachowice.pl\/?p=5515"},"modified":"2025-06-08T20:06:18","modified_gmt":"2025-06-08T18:06:18","slug":"notatka-z-drugiego-etapu-realizacji-zadania-publicznego-realizowanego-z-zakresu-turystyka-i-krajoznawstwo-p-n-ciekawosc-rodzi-aktywnosc-na-podstawie-zawartej-umowy-z-prezydentem-mia","status":"publish","type":"post","link":"https:\/\/utwstarachowice.pl\/?p=5515","title":{"rendered":"Notatka z drugiego etapu realizacji zadania publicznego realizowanego z zakresu Turystyka i Krajoznawstwo p.n. \u201dCiekawo\u015b\u0107 rodzi aktywno\u015b\u0107\u201d na podstawie zawartej umowy z prezydentem Miasta Starachowice z dnia 19 marca 2025 r. nr 49\/W\/2025 tj: spaceru tematycznego p.t. \u201eEstakada nowej p\u00f3\u0142nocnej obwodnicy Starachowic\u201d widziana z osiedla \u201eOr\u0142owo\u201d, zwiedzanie osiedla \u201eWzg\u00f3rze\u201d i spacer do Parku Miejskiego."},"content":{"rendered":"\n<p>Spacer odby\u0142 si\u0119 w dniu 10 maja 2025 r. przy padaj\u0105cym drobnym deszczu. Przewodnik El\u017cbieta Durlej poprowadzi\u0142a grup\u0119 s\u0142uchaczy z osiedla \u201eOr\u0142owo\u201d przez las do Estakady. Do strzelnicy nie mo\u017cna doj\u015b\u0107 piechot\u0105 poniewa\u017c prowadzi do niej droga bez poboczy. Estakada reprezentuje si\u0119 okazale.  Jest skr\u00f3tem trasy do naszego miasta z W\u0105chocka i Skar\u017cyska-Kamiennej. Kolejnym etapem by\u0142 spacer przez osiedle \u201eWzg\u00f3rze\u201d, na kt\u00f3rym stara dzielnica zabudowana domami fabrycznymi FSC zosta\u0142a wyremontowana i unowocze\u015bniona. Znajduje si\u0119 tam \u201eogr\u00f3dek spo\u0142eczno\u015bciowy&#8221;. Na osiedlu \u201eZak\u0142adowa\u201d  ods\u0142oni\u0119te ska\u0142ki tworz\u0105 rezerwat nieo\u017cywiony. Jest te\u017c widok na Zalew  Pasternik i widok na nowy wiadukt. Spacer zosta\u0142 zako\u0144czony w Parku Miejskim. Cho\u0107 odnowiony  park funkcjonuje ju\u017c od kilku lat, to niekt\u00f3rzy uczestnicy tego spaceru mieli okazj\u0119 po raz pierwszy podziwia\u0107 jego szat\u0119 ro\u015blinn\u0105 i zainstalowan\u0105 architektur\u0119 parkow\u0105.                                 <br>Koordynator  Helena Po\u017coga-Buchelt<\/p>\n\n\n\n<figure class=\"wp-block-gallery has-nested-images columns-default is-cropped wp-block-gallery-1 is-layout-flex wp-block-gallery-is-layout-flex\">\n<figure class=\"wp-block-image size-large\"><img loading=\"lazy\" decoding=\"async\" width=\"512\" height=\"512\" data-id=\"5524\" src=\"https:\/\/utwstarachowice.pl\/wp-content\/uploads\/2025\/06\/cropped-logo_utw-1.png\" alt=\"\" class=\"wp-image-5524\" srcset=\"https:\/\/utwstarachowice.pl\/wp-content\/uploads\/2025\/06\/cropped-logo_utw-1.png 512w, https:\/\/utwstarachowice.pl\/wp-content\/uploads\/2025\/06\/cropped-logo_utw-1-300x300.png 300w, https:\/\/utwstarachowice.pl\/wp-content\/uploads\/2025\/06\/cropped-logo_utw-1-150x150.png 150w\" sizes=\"(max-width: 512px) 100vw, 512px\" \/><\/figure>\n<\/figure>\n","protected":false},"excerpt":{"rendered":"<p>Spacer odby\u0142 si\u0119 w dniu 10 maja 2025 r. przy padaj\u0105cym drobnym deszczu. Przewodnik El\u017cbieta Durlej poprowadzi\u0142a grup\u0119 s\u0142uchaczy z &hellip;<\/p>\n","protected":false},"author":3,"featured_media":0,"comment_status":"open","ping_status":"open","sticky":true,"template":"","format":"standard","meta":{"footnotes":""},"categories":[38],"tags":[],"_links":{"self":[{"href":"https:\/\/utwstarachowice.pl\/index.php?rest_route=\/wp\/v2\/posts\/5515"}],"collection":[{"href":"https:\/\/utwstarachowice.pl\/index.php?rest_route=\/wp\/v2\/posts"}],"about":[{"href":"https:\/\/utwstarachowice.pl\/index.php?rest_route=\/wp\/v2\/types\/post"}],"author":[{"embeddable":true,"href":"https:\/\/utwstarachowice.pl\/index.php?rest_route=\/wp\/v2\/users\/3"}],"replies":[{"embeddable":true,"href":"https:\/\/utwstarachowice.pl\/index.php?rest_route=%2Fwp%2Fv2%2Fcomments&post=5515"}],"version-history":[{"count":9,"href":"https:\/\/utwstarachowice.pl\/index.php?rest_route=\/wp\/v2\/posts\/5515\/revisions"}],"predecessor-version":[{"id":5530,"href":"https:\/\/utwstarachowice.pl\/index.php?rest_route=\/wp\/v2\/posts\/5515\/revisions\/5530"}],"wp:attachment":[{"href":"https:\/\/utwstarachowice.pl\/index.php?rest_route=%2Fwp%2Fv2%2Fmedia&parent=5515"}],"wp:term":[{"taxonomy":"category","embeddable":true,"href":"https:\/\/utwstarachowice.pl\/index.php?rest_route=%2Fwp%2Fv2%2Fcategories&post=5515"},{"taxonomy":"post_tag","embeddable":true,"href":"https:\/\/utwstarachowice.pl\/index.php?rest_route=%2Fwp%2Fv2%2Ftags&post=5515"}],"curies":[{"name":"wp","href":"https:\/\/api.w.org\/{rel}","templated":true}]}}