{"id":551,"date":"2020-02-17T19:18:11","date_gmt":"2020-02-17T18:18:11","guid":{"rendered":"https:\/\/utwstarachowice.pl\/2020\/02\/17\/spacer-edukacyjny\/"},"modified":"2020-02-17T19:18:11","modified_gmt":"2020-02-17T18:18:11","slug":"spacer-edukacyjny","status":"publish","type":"post","link":"https:\/\/utwstarachowice.pl\/?p=551","title":{"rendered":"SPACER  EDUKACYJNY"},"content":{"rendered":"<p><span style=\"font-size: medium;\">W sobotnie przedpo\u0142udnie 38 os\u00f3b wybra\u0142o si\u0119 na w\u0119dr\u00f3wk\u0119 do W\u0105chocka wok\u00f3\u0142 zalewu na rzece Kamiennej. Spacer poprowadzi\u0142 A.Cygan, na zako\u0144czenie by\u0142o ognisko integracyjne z pieczeniem kie\u0142basek.<\/span><\/p>\n<p><img decoding=\"async\" class=\" size-full wp-image-546\" src=\"https:\/\/utwstarachowice.pl\/wp-content\/uploads\/2020\/02\/spacer1.jpg\" border=\"0\" width=\"512\" style=\"display: block; margin-left: auto; margin-right: auto;\" \/><\/p>\n<p><img decoding=\"async\" class=\" size-full wp-image-547\" src=\"https:\/\/utwstarachowice.pl\/wp-content\/uploads\/2020\/02\/spacer2.jpg\" border=\"0\" width=\"512\" style=\"display: block; margin-left: auto; margin-right: auto;\" \/><img decoding=\"async\" class=\" size-full wp-image-548\" src=\"https:\/\/utwstarachowice.pl\/wp-content\/uploads\/2020\/02\/spacer3.jpg\" border=\"0\" width=\"512\" style=\"display: block; margin-left: auto; margin-right: auto;\" \/><\/p>\n<p><img decoding=\"async\" class=\" size-full wp-image-549\" src=\"https:\/\/utwstarachowice.pl\/wp-content\/uploads\/2020\/02\/spacer4.jpg\" border=\"0\" width=\"512\" style=\"display: block; margin-left: auto; margin-right: auto;\" \/><\/p>\n<p><img decoding=\"async\" class=\" size-full wp-image-550\" src=\"https:\/\/utwstarachowice.pl\/wp-content\/uploads\/2020\/02\/spacer5.jpg\" border=\"0\" width=\"512\" style=\"display: block; margin-left: auto; margin-right: auto;\" \/><\/p>\n<p>\u00a0<\/p>\n","protected":false},"excerpt":{"rendered":"<p>W sobotnie przedpo\u0142udnie 38 os\u00f3b wybra\u0142o si\u0119 na w\u0119dr\u00f3wk\u0119 do W\u0105chocka wok\u00f3\u0142 zalewu na rzece Kamiennej. Spacer poprowadzi\u0142 A.Cygan, na &hellip;<\/p>\n","protected":false},"author":3,"featured_media":546,"comment_status":"open","ping_status":"open","sticky":true,"template":"","format":"standard","meta":{"footnotes":""},"categories":[1],"tags":[],"_links":{"self":[{"href":"https:\/\/utwstarachowice.pl\/index.php?rest_route=\/wp\/v2\/posts\/551"}],"collection":[{"href":"https:\/\/utwstarachowice.pl\/index.php?rest_route=\/wp\/v2\/posts"}],"about":[{"href":"https:\/\/utwstarachowice.pl\/index.php?rest_route=\/wp\/v2\/types\/post"}],"author":[{"embeddable":true,"href":"https:\/\/utwstarachowice.pl\/index.php?rest_route=\/wp\/v2\/users\/3"}],"replies":[{"embeddable":true,"href":"https:\/\/utwstarachowice.pl\/index.php?rest_route=%2Fwp%2Fv2%2Fcomments&post=551"}],"version-history":[{"count":0,"href":"https:\/\/utwstarachowice.pl\/index.php?rest_route=\/wp\/v2\/posts\/551\/revisions"}],"wp:featuredmedia":[{"embeddable":true,"href":"https:\/\/utwstarachowice.pl\/index.php?rest_route=\/"}],"wp:attachment":[{"href":"https:\/\/utwstarachowice.pl\/index.php?rest_route=%2Fwp%2Fv2%2Fmedia&parent=551"}],"wp:term":[{"taxonomy":"category","embeddable":true,"href":"https:\/\/utwstarachowice.pl\/index.php?rest_route=%2Fwp%2Fv2%2Fcategories&post=551"},{"taxonomy":"post_tag","embeddable":true,"href":"https:\/\/utwstarachowice.pl\/index.php?rest_route=%2Fwp%2Fv2%2Ftags&post=551"}],"curies":[{"name":"wp","href":"https:\/\/api.w.org\/{rel}","templated":true}]}}