{"id":524,"date":"2020-01-04T20:26:10","date_gmt":"2020-01-04T19:26:10","guid":{"rendered":"https:\/\/utwstarachowice.pl\/2020\/01\/04\/harmonogram-zajec-utw-styczen-2020\/"},"modified":"2020-01-04T20:26:10","modified_gmt":"2020-01-04T19:26:10","slug":"harmonogram-zajec-utw-styczen-2020","status":"publish","type":"post","link":"https:\/\/utwstarachowice.pl\/?p=524","title":{"rendered":"HARMONOGRAM ZAJ\u0118\u0106 UTW &#8211; STYCZE\u0143 2020"},"content":{"rendered":"<p align=\"center\"><strong>\u00a0<\/strong><\/p>\n<table border=\"1\" cellspacing=\"0\" cellpadding=\"0\">\n<tbody>\n<tr>\n<td valign=\"top\" width=\"83\">\n<p>Data<\/p>\n<\/td>\n<td valign=\"top\" width=\"95\">\n<p>Dzie\u0144 tygodnia<\/p>\n<\/td>\n<td valign=\"top\" width=\"94\">\n<p>Godzina<\/p>\n<\/td>\n<td valign=\"top\" width=\"76\">\n<p>Sala\/miejsce<\/p>\n<\/td>\n<td valign=\"top\" width=\"272\">\n<p>Rodzaj zaj\u0119\u0107 \/sekcja<\/p>\n<\/td>\n<\/tr>\n<tr>\n<td valign=\"top\" width=\"83\">\n<p>07.01.2020<\/p>\n<\/td>\n<td valign=\"top\" width=\"95\">\n<p>wtorek<\/p>\n<\/td>\n<td valign=\"top\" width=\"94\">\n<p>9:00 i 9:45<\/p>\n<p>10:00<\/p>\n<p>16:00<\/p>\n<\/td>\n<td valign=\"top\" width=\"76\">\n<p>MDK<\/p>\n<p>32<\/p>\n<p>33<\/p>\n<\/td>\n<td valign=\"top\" width=\"272\">\n<p>Gimnastyka usprawniaj\u0105ca (I i II grupa)<\/p>\n<p>Psychologia<\/p>\n<p>Sekcja literacka \u2013 Tradycyjne kol\u0119dowanie<\/p>\n<\/td>\n<\/tr>\n<tr>\n<td valign=\"top\" width=\"83\">\n<p>08.01.2020<\/p>\n<\/td>\n<td valign=\"top\" width=\"95\">\n<p>\u015broda<\/p>\n<\/td>\n<td valign=\"top\" width=\"94\">\n<p>10:30 i 11:15<\/p>\n<p>10:00<\/p>\n<p>11:00<\/p>\n<p>13:00<\/p>\n<p>15:15<\/p>\n<p>16:30<\/p>\n<\/td>\n<td valign=\"top\" width=\"76\">\n<p>MDK<\/p>\n<p>\u201eSka\u0142ka\u201d<\/p>\n<p>33<\/p>\n<p>33<\/p>\n<p>33<\/p>\n<p>32<\/p>\n<\/td>\n<td valign=\"top\" width=\"272\">\n<p>Yoga<\/p>\n<p>Plastyka<\/p>\n<p>J\u0119zyk niemiecki \u2013 II grupa<\/p>\n<p>J\u0119zyk rosyjski<\/p>\n<p>\u201eCyfrowy Senior\u201d<\/p>\n<p>Psychologia<\/p>\n<\/td>\n<\/tr>\n<tr>\n<td valign=\"top\" width=\"83\">\n<p>09.01.2020<\/p>\n<\/td>\n<td valign=\"top\" width=\"95\">\n<p>czwartek<\/p>\n<\/td>\n<td valign=\"top\" width=\"94\">\n<p>9:00 i 9:45<\/p>\n<p>9:00<\/p>\n<p>11:00<\/p>\n<p>15:00<\/p>\n<p>16:00<\/p>\n<\/td>\n<td valign=\"top\" width=\"76\">\n<p>MDK<\/p>\n<p>33<\/p>\n<p>32<\/p>\n<p>BP<\/p>\n<p>33<\/p>\n<\/td>\n<td valign=\"top\" width=\"272\">\n<p>Gimnastyka usprawniaj\u0105ca<\/p>\n<p>J\u0119zyk w\u0142oski<\/p>\n<p>Sekcja fotograficzna<\/p>\n<p>Sekcja poetycka \u201eFeniks\u201d<\/p>\n<p>Sekcja geograficzna<\/p>\n<\/td>\n<\/tr>\n<tr>\n<td valign=\"top\" width=\"83\">\n<p>10.01.2020<\/p>\n<\/td>\n<td valign=\"top\" width=\"95\">\n<p>pi\u0105tek<\/p>\n<\/td>\n<td valign=\"top\" width=\"94\">\n<p>10:00 i 11:00<\/p>\n<p>15:15<\/p>\n<\/td>\n<td valign=\"top\" width=\"76\">\n<p>Basen<\/p>\n<p>33<\/p>\n<\/td>\n<td valign=\"top\" width=\"272\">\n<p>Aerobik na basenie<\/p>\n<p>\u201eCyfrowy senior\u201d<\/p>\n<\/td>\n<\/tr>\n<tr>\n<td valign=\"top\" width=\"83\">\n<p>11.01.2020<\/p>\n<\/td>\n<td valign=\"top\" width=\"95\">\n<p>sobota<\/p>\n<\/td>\n<td valign=\"top\" width=\"94\">\n<p>10:00<\/p>\n<p>\u00a0<\/p>\n<p>\u00a0<\/p>\n<\/td>\n<td valign=\"top\" width=\"76\">\n<p>MDK<\/p>\n<p>\u00a0<\/p>\n<p>\u00a0<\/p>\n<\/td>\n<td valign=\"top\" width=\"272\">\n<p>Spacer edukacyjny: \u015bladami starachowickich kapliczek (zbi\u00f3rka ul. Gliniana 10a) \u2013 poprowadzi Ela Durlej<\/p>\n<\/td>\n<\/tr>\n<tr>\n<td valign=\"top\" width=\"83\">\n<p><strong>12.01.2020<\/strong><\/p>\n<\/td>\n<td valign=\"top\" width=\"95\">\n<p><strong>niedziela<\/strong><\/p>\n<\/td>\n<td valign=\"top\" width=\"94\">\n<p><strong>15:00<\/strong><\/p>\n<\/td>\n<td valign=\"top\" width=\"76\">\n<p><strong>SCK<\/strong><\/p>\n<\/td>\n<td valign=\"top\" width=\"272\">\n<p><strong>FINA\u0141 Wielkiej Orkiestry \u015awi\u0105tecznej Pomocy<\/strong><\/p>\n<\/td>\n<\/tr>\n<tr>\n<td valign=\"top\" width=\"83\">\n<p>13.01.2020<\/p>\n<\/td>\n<td valign=\"top\" width=\"95\">\n<p>poniedzia\u0142ek<\/p>\n<\/td>\n<td valign=\"top\" width=\"94\">\n<p>10:00<\/p>\n<p>\u00a0<\/p>\n<p>\u00a0<\/p>\n<p>12:00<\/p>\n<p>13:45<\/p>\n<p>15:30<\/p>\n<p>16:30<\/p>\n<\/td>\n<td valign=\"top\" width=\"76\">\n<p>33<\/p>\n<p>\u00a0<\/p>\n<p>\u00a0<\/p>\n<p>33<\/p>\n<p>33<\/p>\n<p>33<\/p>\n<p>MBP<\/p>\n<\/td>\n<td valign=\"top\" width=\"272\">\n<p>Sekcja Edukacji Obywatelskiej \u00a0\u201ePocz\u0105tki miasta Wierzbnik\u201d \u2013 wyk\u0142ad dyr. MPiT Paw\u0142a Ko\u0142odziejskiego ,<\/p>\n<p>J\u0119zyk niemiecki \u2013 I grupa<\/p>\n<p>Informatyka<\/p>\n<p>Historia<\/p>\n<p>Zesp\u00f3\u0142 wokalny \u201eSrebrne Nuty\u201d<\/p>\n<\/td>\n<\/tr>\n<tr>\n<td valign=\"top\" width=\"83\">\n<p>14.01.2020<\/p>\n<\/td>\n<td valign=\"top\" width=\"95\">\n<p>wtorek<\/p>\n<\/td>\n<td valign=\"top\" width=\"94\">\n<p>9:00 i 9:45<\/p>\n<p>13:30<\/p>\n<\/td>\n<td valign=\"top\" width=\"76\">\n<p>MDK<\/p>\n<p>SCK<\/p>\n<\/td>\n<td valign=\"top\" width=\"272\">\n<p>Gimnastyka usprawniaj\u0105ca<\/p>\n<p>Dyskusyjny Klub Filmowy \u2013 projekcja filmu \u201ePe\u0142nia \u017cycia\u201d<\/p>\n<\/td>\n<\/tr>\n<tr>\n<td valign=\"top\" width=\"83\">\n<p>15.01.2020<\/p>\n<\/td>\n<td valign=\"top\" width=\"95\">\n<p>\u015broda<\/p>\n<\/td>\n<td valign=\"top\" width=\"94\">\n<p>7:00<\/p>\n<p>\u00a0<\/p>\n<p>\u00a0<\/p>\n<p>10:30 i 11:15<\/p>\n<p>10:00<\/p>\n<p>11:00<\/p>\n<p>13:00<\/p>\n<p>15:15<\/p>\n<\/td>\n<td valign=\"top\" width=\"76\">\n<p>\u201eSka\u0142ka\u201d<\/p>\n<p>\u00a0<\/p>\n<p>\u00a0<\/p>\n<p>MDK<\/p>\n<p>\u201eSka\u0142ka\u201d<\/p>\n<p>33<\/p>\n<p>33<\/p>\n<p>33<\/p>\n<\/td>\n<td valign=\"top\" width=\"272\">\n<p>Wyjazd do Solca-Zdroju na baseny siarczkowe. Spotkanie na przystanku przy galerii \u201eSka\u0142ka\u201d,<\/p>\n<p>Yoga<\/p>\n<p>Plastyka<\/p>\n<p>J\u0119zyk niemiecki \u2013 II grupa<\/p>\n<p>J\u0119zyk rosyjski<\/p>\n<p>\u201eCyfrowy Senior\u201d<\/p>\n<\/td>\n<\/tr>\n<tr>\n<td valign=\"top\" width=\"83\">\n<p>16.01.2020<\/p>\n<\/td>\n<td valign=\"top\" width=\"95\">\n<p>czwartek<\/p>\n<\/td>\n<td valign=\"top\" width=\"94\">\n<p>9:00 i 9:45<\/p>\n<p>9:00<\/p>\n<p>12:00<\/p>\n<\/td>\n<td valign=\"top\" width=\"76\">\n<p>MDK<\/p>\n<p>33<\/p>\n<p>ZSZ nr 1<\/p>\n<\/td>\n<td valign=\"top\" width=\"272\">\n<p>Gimnastyka usprawniaj\u0105ca<\/p>\n<p>J\u0119zyk w\u0142oski<\/p>\n<p>SPOTKANIE NOWOROCZNE UTW<\/p>\n<\/td>\n<\/tr>\n<tr>\n<td valign=\"top\" width=\"83\">\n<p>17.01.2020<\/p>\n<\/td>\n<td valign=\"top\" width=\"95\">\n<p>pi\u0105tek<\/p>\n<\/td>\n<td valign=\"top\" width=\"94\">\n<p>10:00 i 11:00<\/p>\n<\/td>\n<td valign=\"top\" width=\"76\">\n<p>Basen<\/p>\n<\/td>\n<td valign=\"top\" width=\"272\">\n<p>Aerobik na basenie<\/p>\n<\/td>\n<\/tr>\n<tr>\n<td valign=\"top\" width=\"83\">\n<p>18.01.2020<\/p>\n<\/td>\n<td valign=\"top\" width=\"95\">\n<p>sobota<\/p>\n<\/td>\n<td valign=\"top\" width=\"94\">\n<p>10:00<\/p>\n<\/td>\n<td valign=\"top\" width=\"76\">\n<p>Rondo Rembaj\u0142y<\/p>\n<\/td>\n<td valign=\"top\" width=\"272\">\n<p>Spacer edukacyjny po okolicach Starachowic z kijkami Nordic Walking \u00a0poprowadzi Andrzej Cygan. Na zako\u0144czenie planowane jest ognisko przy ulicy Bocznej. Spotkanie \u2013 rondo przy ul. Le\u015bnej<\/p>\n<\/td>\n<\/tr>\n<tr>\n<td valign=\"top\" width=\"83\">\n<p>20.01.2020<\/p>\n<\/td>\n<td valign=\"top\" width=\"95\">\n<p>poniedzia\u0142ek<\/p>\n<\/td>\n<td valign=\"top\" width=\"94\">\n<p>10:00<\/p>\n<p>\u00a0<\/p>\n<p>12:00<\/p>\n<p>13:45<\/p>\n<p>16:30<\/p>\n<\/td>\n<td valign=\"top\" width=\"76\">\n<p>33<\/p>\n<p>\u00a0<\/p>\n<p>33<\/p>\n<p>33<\/p>\n<p>MBP<\/p>\n<\/td>\n<td valign=\"top\" width=\"272\">\n<p>Sekcja Edukacji Obywatelskiej \u2013 \u201eJak \u017cy\u0107 d\u0142ugo\u201d \u2013 prelekcja dietetyka B. Tusi\u0144skiej,<\/p>\n<p>J\u0119zyk niemiecki \u2013 I grupa<\/p>\n<p>Informatyka<\/p>\n<p>Zesp\u00f3\u0142 wokalny \u201eSrebrne Nuty\u201d<\/p>\n<\/td>\n<\/tr>\n<tr>\n<td valign=\"top\" width=\"83\">\n<p>21.01.2020<\/p>\n<\/td>\n<td valign=\"top\" width=\"95\">\n<p>wtorek<\/p>\n<\/td>\n<td valign=\"top\" width=\"94\">\n<p>9:00 i 9:45<\/p>\n<p>10:00<\/p>\n<\/td>\n<td valign=\"top\" width=\"76\">\n<p>MDK<\/p>\n<p>33<\/p>\n<\/td>\n<td valign=\"top\" width=\"272\">\n<p>Gimnastyka usprawniaj\u0105ca<\/p>\n<p>Psychologia<\/p>\n<\/td>\n<\/tr>\n<tr>\n<td valign=\"top\" width=\"83\">\n<p>22.01.2020<\/p>\n<\/td>\n<td valign=\"top\" width=\"95\">\n<p>\u015broda<\/p>\n<\/td>\n<td valign=\"top\" width=\"94\">\n<p>10:30 i 11:15<\/p>\n<p>10:00\u00a0\u00a0\u00a0\u00a0\u00a0\u00a0\u00a0\u00a0\u00a0<\/p>\n<p>11:00<\/p>\n<p>13:00<\/p>\n<p>15:15<\/p>\n<p>16:30<\/p>\n<\/td>\n<td valign=\"top\" width=\"76\">\n<p>MDK<\/p>\n<p>\u201eSka\u0142ka\u201d<\/p>\n<p>33<\/p>\n<p>33<\/p>\n<p>33<\/p>\n<p>32<\/p>\n<\/td>\n<td valign=\"top\" width=\"272\">\n<p>Yoga<\/p>\n<p>Plastyka<\/p>\n<p>J\u0119zyk niemiecki \u2013 II grupa<\/p>\n<p>J\u0119zyk rosyjski<\/p>\n<p>\u201eCyfrowy Senior\u201d<\/p>\n<p>Psychologia<\/p>\n<\/td>\n<\/tr>\n<tr>\n<td valign=\"top\" width=\"83\">\n<p>23.01.2020<\/p>\n<\/td>\n<td valign=\"top\" width=\"95\">\n<p>czwartek<\/p>\n<\/td>\n<td valign=\"top\" width=\"94\">\n<p>9:00 i 9:45<\/p>\n<p>9:00<\/p>\n<p>11:00<\/p>\n<p>11:00<\/p>\n<p>16:00<\/p>\n<\/td>\n<td valign=\"top\" width=\"76\">\n<p>MDK<\/p>\n<p>33<\/p>\n<p>33<\/p>\n<p>32<\/p>\n<p>33<\/p>\n<\/td>\n<td valign=\"top\" width=\"272\">\n<p>Gimnastyka usprawniaj\u0105ca<\/p>\n<p>J\u0119zyk w\u0142oski<\/p>\n<p>Sekcja przyrodnicza<\/p>\n<p>Sekcja fotograficzna<\/p>\n<p>Sekcja geograficzna<\/p>\n<\/td>\n<\/tr>\n<tr>\n<td valign=\"top\" width=\"83\">\n<p>24.01.2020<\/p>\n<\/td>\n<td valign=\"top\" width=\"95\">\n<p>pi\u0105tek<\/p>\n<\/td>\n<td valign=\"top\" width=\"94\">\n<p>10:00 i 11:00<\/p>\n<p>11:00<\/p>\n<p>\u00a0<\/p>\n<\/td>\n<td valign=\"top\" width=\"76\">\n<p>Basen<\/p>\n<p>Galeria Ska\u0142ka<\/p>\n<p>\u00a0<\/p>\n<\/td>\n<td valign=\"top\" width=\"272\">\n<p>Aerobik na basenie<\/p>\n<p>Projekt \u201eAktywny Senior\u201d od godziny 12:00 do 13:30 zaj\u0119cia w laboratorium chemicznym UJK w Kielcach \u2013 ile mi\u0119sa w mi\u0119sie, cukru w cukrze, wody mineralnej w wodzie. Prowadz\u0105cy prof. UJK dr hab. Rafa\u0142 Koz\u0142owski<\/p>\n<\/td>\n<\/tr>\n<tr>\n<td valign=\"top\" width=\"83\">\n<p>25.01.2020<\/p>\n<\/td>\n<td valign=\"top\" width=\"95\">\n<p>sobota<\/p>\n<\/td>\n<td valign=\"top\" width=\"94\">\n<p>10:00<\/p>\n<\/td>\n<td valign=\"top\" width=\"76\">\n<p>parking przy Ko\u015bciele \u015bw. Tr\u00f3jcy<\/p>\n<\/td>\n<td valign=\"top\" width=\"272\">\n<p>Spacer edukacyjny \u201eOd Wierzbnika do Starachowic\u201d \u2013 poprowadzi Pawe\u0142 Ko\u0142odziejski.<\/p>\n<\/td>\n<\/tr>\n<\/tbody>\n<\/table>\n<p>\u00a0<\/p>\n<p style=\"text-align: center;\"><span style=\"font-size: large;\">\u00a0<span style=\"color: #000080;\">\u00a0<strong><em>Ferie zimowe od 27.01.2020 do 09.02.2020<\/em><\/strong><\/span><\/span><\/p>\n","protected":false},"excerpt":{"rendered":"<p>\u00a0 Data Dzie\u0144 tygodnia Godzina Sala\/miejsce Rodzaj zaj\u0119\u0107 \/sekcja 07.01.2020 wtorek 9:00 i 9:45 10:00 16:00 MDK 32 33 Gimnastyka &hellip;<\/p>\n","protected":false},"author":3,"featured_media":0,"comment_status":"open","ping_status":"open","sticky":true,"template":"","format":"standard","meta":{"footnotes":""},"categories":[2],"tags":[],"_links":{"self":[{"href":"https:\/\/utwstarachowice.pl\/index.php?rest_route=\/wp\/v2\/posts\/524"}],"collection":[{"href":"https:\/\/utwstarachowice.pl\/index.php?rest_route=\/wp\/v2\/posts"}],"about":[{"href":"https:\/\/utwstarachowice.pl\/index.php?rest_route=\/wp\/v2\/types\/post"}],"author":[{"embeddable":true,"href":"https:\/\/utwstarachowice.pl\/index.php?rest_route=\/wp\/v2\/users\/3"}],"replies":[{"embeddable":true,"href":"https:\/\/utwstarachowice.pl\/index.php?rest_route=%2Fwp%2Fv2%2Fcomments&post=524"}],"version-history":[{"count":0,"href":"https:\/\/utwstarachowice.pl\/index.php?rest_route=\/wp\/v2\/posts\/524\/revisions"}],"wp:attachment":[{"href":"https:\/\/utwstarachowice.pl\/index.php?rest_route=%2Fwp%2Fv2%2Fmedia&parent=524"}],"wp:term":[{"taxonomy":"category","embeddable":true,"href":"https:\/\/utwstarachowice.pl\/index.php?rest_route=%2Fwp%2Fv2%2Fcategories&post=524"},{"taxonomy":"post_tag","embeddable":true,"href":"https:\/\/utwstarachowice.pl\/index.php?rest_route=%2Fwp%2Fv2%2Ftags&post=524"}],"curies":[{"name":"wp","href":"https:\/\/api.w.org\/{rel}","templated":true}]}}