{"id":522,"date":"2019-12-01T18:04:36","date_gmt":"2019-12-01T17:04:36","guid":{"rendered":"https:\/\/utwstarachowice.pl\/2019\/12\/01\/harmonogram-zajec-grudzien-2019\/"},"modified":"2019-12-01T18:04:36","modified_gmt":"2019-12-01T17:04:36","slug":"harmonogram-zajec-grudzien-2019","status":"publish","type":"post","link":"https:\/\/utwstarachowice.pl\/?p=522","title":{"rendered":"Harmonogram zaj\u0119\u0107 &#8211; Grudzie\u0144 2019"},"content":{"rendered":"<p align=\"center\"><strong>Harmonogram zaj\u0119\u0107\u00a0 UTW \u2013 grudzie\u0144 2019<\/strong><\/p>\n<table border=\"1\" cellspacing=\"0\" cellpadding=\"0\">\n<tbody>\n<tr>\n<td valign=\"top\" width=\"83\">\n<p>Data<\/p>\n<\/td>\n<td valign=\"top\" width=\"95\">\n<p>Dzie\u0144 tygodnia<\/p>\n<\/td>\n<td valign=\"top\" width=\"94\">\n<p>Godzina<\/p>\n<\/td>\n<td valign=\"top\" width=\"76\">\n<p>Sala\/miejsce<\/p>\n<\/td>\n<td valign=\"top\" width=\"272\">\n<p>Rodzaj zaj\u0119\u0107 \/sekcja<\/p>\n<\/td>\n<\/tr>\n<tr>\n<td rowspan=\"4\" valign=\"top\" width=\"83\">\n<p>2.12.2019<\/p>\n<\/td>\n<td rowspan=\"4\" valign=\"top\" width=\"95\">\n<p>poniedzia\u0142ek<\/p>\n<\/td>\n<td valign=\"top\" width=\"94\">\n<p>10:00<\/p>\n<p>\u00a0<\/p>\n<p>\u00a0<\/p>\n<\/td>\n<td valign=\"top\" width=\"76\">\n<p>33<\/p>\n<p>\u00a0<\/p>\n<p>\u00a0<\/p>\n<\/td>\n<td valign=\"top\" width=\"272\">\n<p>Sekcja Edukacji Obywatelskiej \u2013 historia kopal\u0144 rudy \u017celaza w \u00a0 okolicach Starachowic \u2013 wyk\u0142ad Wioletty Sobieraj<\/p>\n<\/td>\n<\/tr>\n<tr>\n<td valign=\"top\" width=\"94\">\n<p>12:00<\/p>\n<\/td>\n<td valign=\"top\" width=\"76\">\n<p>33<\/p>\n<\/td>\n<td valign=\"top\" width=\"272\">\n<p>J\u0119zyk niemiecki \u2013 I grupa<\/p>\n<\/td>\n<\/tr>\n<tr>\n<td valign=\"top\" width=\"94\">\n<p>13:45<\/p>\n<\/td>\n<td valign=\"top\" width=\"76\">\n<p>33<\/p>\n<\/td>\n<td valign=\"top\" width=\"272\">\n<p>Informatyka<\/p>\n<\/td>\n<\/tr>\n<tr>\n<td valign=\"top\" width=\"94\">\n<p>16:30<\/p>\n<\/td>\n<td valign=\"top\" width=\"76\">\n<p>MBP<\/p>\n<\/td>\n<td valign=\"top\" width=\"272\">\n<p>Zesp\u00f3\u0142 wokalny \u201eSrebrne Nuty\u201d<\/p>\n<\/td>\n<\/tr>\n<tr>\n<td valign=\"top\" width=\"83\">\n<p>3.12.2019<\/p>\n<\/td>\n<td valign=\"top\" width=\"95\">\n<p>wtorek<\/p>\n<\/td>\n<td valign=\"top\" width=\"94\">\n<p>9:00 i 9:45<\/p>\n<p>10:00<\/p>\n<p>16:00<\/p>\n<\/td>\n<td valign=\"top\" width=\"76\">\n<p>MDK<\/p>\n<p>32<\/p>\n<p>33<\/p>\n<\/td>\n<td valign=\"top\" width=\"272\">\n<p>Gimnastyka usprawniaj\u0105ca (I i II grupa)<\/p>\n<p>Psychologia<\/p>\n<p>Sekcja literacka : Wyk\u0142ad o ks. Janie Kaczkowskim, kt\u00f3ry \u201euratowa\u0142 \u00a0 polski ko\u015bci\u00f3\u0142\u201d<\/p>\n<\/td>\n<\/tr>\n<tr>\n<td valign=\"top\" width=\"83\">\n<p>4.12.2019<\/p>\n<\/td>\n<td valign=\"top\" width=\"95\">\n<p>\u015broda<\/p>\n<\/td>\n<td valign=\"top\" width=\"94\">\n<p>8:00 i 9:00<\/p>\n<p>10:00<\/p>\n<p>11:00<\/p>\n<p>13:00<\/p>\n<p>15:15<\/p>\n<p>16:30<\/p>\n<\/td>\n<td valign=\"top\" width=\"76\">\n<p>MDK<\/p>\n<p>\u201eSka\u0142ka\u201d<\/p>\n<p>33<\/p>\n<p>33<\/p>\n<p>33<\/p>\n<p>32<\/p>\n<\/td>\n<td valign=\"top\" width=\"272\">\n<p>Yoga<\/p>\n<p>Plastyka<\/p>\n<p>J\u0119zyk niemiecki \u2013 II grupa<\/p>\n<p>J\u0119zyk rosyjski<\/p>\n<p>\u201eCyfrowy Senior\u201d<\/p>\n<p>Psychologia<\/p>\n<\/td>\n<\/tr>\n<tr>\n<td valign=\"top\" width=\"83\">\n<p>5.12.2019<\/p>\n<\/td>\n<td valign=\"top\" width=\"95\">\n<p>czwartek<\/p>\n<\/td>\n<td valign=\"top\" width=\"94\">\n<p>9:00 i 9:45<\/p>\n<p>9:00<\/p>\n<p>11:00<\/p>\n<p>16:00<\/p>\n<\/td>\n<td valign=\"top\" width=\"76\">\n<p>MDK<\/p>\n<p>32<\/p>\n<p>33<\/p>\n<p>33<\/p>\n<\/td>\n<td valign=\"top\" width=\"272\">\n<p>Gimnastyka usprawniaj\u0105ca<\/p>\n<p>J\u0119zyk w\u0142oski<\/p>\n<p>Sekcja przyrodnicza<\/p>\n<p>Sekcja geograficzna<\/p>\n<\/td>\n<\/tr>\n<tr>\n<td valign=\"top\" width=\"83\">\n<p>6.12.2019<\/p>\n<\/td>\n<td valign=\"top\" width=\"95\">\n<p>pi\u0105tek<\/p>\n<\/td>\n<td valign=\"top\" width=\"94\">\n<p>10:00 i 11:00<\/p>\n<p>15:15<\/p>\n<\/td>\n<td valign=\"top\" width=\"76\">\n<p>Basen<\/p>\n<p>MDK<\/p>\n<\/td>\n<td valign=\"top\" width=\"272\">\n<p>Aerobik na basenie<\/p>\n<p>\u201eCyfrowy senior\u201d<\/p>\n<\/td>\n<\/tr>\n<tr>\n<td rowspan=\"2\" valign=\"top\" width=\"83\">\n<p>7.12.2019<\/p>\n<\/td>\n<td rowspan=\"2\" valign=\"top\" width=\"95\">\n<p>sobota<\/p>\n<\/td>\n<td valign=\"top\" width=\"94\">\n<p>10:00<\/p>\n<p>\u00a0<\/p>\n<p>\u00a0<\/p>\n<\/td>\n<td valign=\"top\" width=\"76\">\n<p>MDK<\/p>\n<p>\u00a0<\/p>\n<p>\u00a0<\/p>\n<\/td>\n<td valign=\"top\" width=\"272\">\n<p>Spacer edukacyjny: rzeki naszego miasta \u2013 spacer wzd\u0142u\u017c M\u0142yn\u00f3wki \u00a0 (zbi\u00f3rka ul. Gliniana 10a) \u2013 poprowadzi Ela Durlej<\/p>\n<\/td>\n<\/tr>\n<tr>\n<td valign=\"top\" width=\"94\">\n<p>15:00<\/p>\n<\/td>\n<td valign=\"top\" width=\"76\">\n<p>SCK<\/p>\n<\/td>\n<td valign=\"top\" width=\"272\">\n<p>Dyskusyjny klub filmowy \u2013 \u201eM\u0119cze\u0144stwo Joanny D\u2019Arc\u201d<\/p>\n<\/td>\n<\/tr>\n<tr>\n<td valign=\"top\" width=\"83\">\n<p>8.12.2019<\/p>\n<\/td>\n<td valign=\"top\" width=\"95\">\n<p>niedziela<\/p>\n<\/td>\n<td valign=\"top\" width=\"94\">\n<p>14:00<\/p>\n<\/td>\n<td valign=\"top\" width=\"76\">\n<p>\u201eSka\u0142ka\u201d<\/p>\n<\/td>\n<td valign=\"top\" width=\"272\">\n<p>Wyjazd do teatru w Kielcach na spektakl \u201eKochajmy si\u0119\u201d<\/p>\n<\/td>\n<\/tr>\n<tr>\n<td rowspan=\"6\" valign=\"top\" width=\"83\">\n<p>9.12.2019<\/p>\n<\/td>\n<td rowspan=\"6\" valign=\"top\" width=\"95\">\n<p>poniedzia\u0142ek<\/p>\n<\/td>\n<td valign=\"top\" width=\"94\">\n<p>10:00<\/p>\n<p>\u00a0<\/p>\n<\/td>\n<td valign=\"top\" width=\"76\">\n<p>Olimpia<\/p>\n<p>\u00a0<\/p>\n<\/td>\n<td valign=\"top\" width=\"272\">\n<p>Spotkanie z prezydentem Starachowic Markiem Materkiem<\/p>\n<\/td>\n<\/tr>\n<tr>\n<td valign=\"top\" width=\"94\">\n<p>12:00<\/p>\n<\/td>\n<td valign=\"top\" width=\"76\">\n<p>33<\/p>\n<\/td>\n<td valign=\"top\" width=\"272\">\n<p>J\u0119zyk niemiecki \u2013 I grupa<\/p>\n<\/td>\n<\/tr>\n<tr>\n<td valign=\"top\" width=\"94\">\n<p>13:45<\/p>\n<\/td>\n<td valign=\"top\" width=\"76\">\n<p>33<\/p>\n<\/td>\n<td valign=\"top\" width=\"272\">\n<p>Informatyka<\/p>\n<\/td>\n<\/tr>\n<tr>\n<td valign=\"top\" width=\"94\">\n<p>15:30<\/p>\n<\/td>\n<td valign=\"top\" width=\"76\">\n<p>32<\/p>\n<\/td>\n<td valign=\"top\" width=\"272\">\n<p>Historia<\/p>\n<\/td>\n<\/tr>\n<tr>\n<td valign=\"top\" width=\"94\">\n<p>16:00<\/p>\n<\/td>\n<td valign=\"top\" width=\"76\">\n<p>33<\/p>\n<\/td>\n<td valign=\"top\" width=\"272\">\n<p>Projekt \u201eAktywny Senior\u201d<\/p>\n<\/td>\n<\/tr>\n<tr>\n<td valign=\"top\" width=\"94\">\n<p>16:30<\/p>\n<\/td>\n<td valign=\"top\" width=\"76\">\n<p>MBP<\/p>\n<\/td>\n<td valign=\"top\" width=\"272\">\n<p>Zesp\u00f3\u0142 wokalny \u201eSrebrne Nuty\u201d<\/p>\n<\/td>\n<\/tr>\n<tr>\n<td valign=\"top\" width=\"83\">\n<p>10.12.2019<\/p>\n<\/td>\n<td valign=\"top\" width=\"95\">\n<p>wtorek<\/p>\n<\/td>\n<td valign=\"top\" width=\"94\">\n<p>9:00 i 9:45<\/p>\n<p>10:00<\/p>\n<\/td>\n<td valign=\"top\" width=\"76\">\n<p>MDK<\/p>\n<p>33<\/p>\n<\/td>\n<td valign=\"top\" width=\"272\">\n<p>Gimnastyka usprawniaj\u0105ca<\/p>\n<p>Psychologia<\/p>\n<\/td>\n<\/tr>\n<tr>\n<td rowspan=\"8\" valign=\"top\" width=\"83\">\n<p>11.12.2019<\/p>\n<\/td>\n<td rowspan=\"8\" valign=\"top\" width=\"95\">\n<p>\u015broda<\/p>\n<\/td>\n<td valign=\"top\" width=\"94\">\n<p>7:00<\/p>\n<p>\u00a0<\/p>\n<p>\u00a0<\/p>\n<\/td>\n<td valign=\"top\" width=\"76\">\n<p>\u201eSka\u0142ka\u201d<\/p>\n<p>\u00a0<\/p>\n<p>\u00a0<\/p>\n<\/td>\n<td valign=\"top\" width=\"272\">\n<p>Wyjazd do Solca-Zdroju na baseny siarczkowe. Spotkanie na przystanku \u00a0 przy galerii \u201eSka\u0142ka\u201d<\/p>\n<\/td>\n<\/tr>\n<tr>\n<td valign=\"top\" width=\"94\">\n<p>8:00 i 9:00<\/p>\n<\/td>\n<td valign=\"top\" width=\"76\">\n<p>MDK<\/p>\n<\/td>\n<td valign=\"top\" width=\"272\">\n<p>Yoga<\/p>\n<\/td>\n<\/tr>\n<tr>\n<td valign=\"top\" width=\"94\">\n<p>10:00<\/p>\n<\/td>\n<td valign=\"top\" width=\"76\">\n<p>\u201eSka\u0142ka\u201d<\/p>\n<\/td>\n<td valign=\"top\" width=\"272\">\n<p>Plastyka<\/p>\n<\/td>\n<\/tr>\n<tr>\n<td valign=\"top\" width=\"94\">\n<p>11:00<\/p>\n<\/td>\n<td valign=\"top\" width=\"76\">\n<p>32<\/p>\n<\/td>\n<td valign=\"top\" width=\"272\">\n<p>J\u0119zyk niemiecki \u2013 II grupa<\/p>\n<\/td>\n<\/tr>\n<tr>\n<td valign=\"top\" width=\"94\">\n<p>12:00<\/p>\n<\/td>\n<td valign=\"top\" width=\"76\">\n<p>33<\/p>\n<\/td>\n<td valign=\"top\" width=\"272\">\n<p>Projekt \u201e Aktywny Senior\u201d<\/p>\n<\/td>\n<\/tr>\n<tr>\n<td valign=\"top\" width=\"94\">\n<p>13:00<\/p>\n<\/td>\n<td valign=\"top\" width=\"76\">\n<p>32<\/p>\n<\/td>\n<td valign=\"top\" width=\"272\">\n<p>J\u0119zyk rosyjski<\/p>\n<\/td>\n<\/tr>\n<tr>\n<td valign=\"top\" width=\"94\">\n<p>15:15<\/p>\n<\/td>\n<td valign=\"top\" width=\"76\">\n<p>33<\/p>\n<\/td>\n<td valign=\"top\" width=\"272\">\n<p>\u201eCyfrowy Senior\u201d<\/p>\n<\/td>\n<\/tr>\n<tr>\n<td valign=\"top\" width=\"94\">\n<p>16:30<\/p>\n<\/td>\n<td valign=\"top\" width=\"76\">\n<p>32<\/p>\n<\/td>\n<td valign=\"top\" width=\"272\">\n<p>Psychologia<\/p>\n<\/td>\n<\/tr>\n<tr>\n<td valign=\"top\" width=\"83\">\n<p>12.12.2019<\/p>\n<\/td>\n<td valign=\"top\" width=\"95\">\n<p>czwartek<\/p>\n<\/td>\n<td valign=\"top\" width=\"94\">\n<p>9:00 i 9:45<\/p>\n<p>9:00<\/p>\n<p>11:00<\/p>\n<p>15:00<\/p>\n<\/td>\n<td valign=\"top\" width=\"76\">\n<p>MDK<\/p>\n<p>33<\/p>\n<p>32<\/p>\n<p>B.P<\/p>\n<\/td>\n<td valign=\"top\" width=\"272\">\n<p>Gimnastyka usprawniaj\u0105ca<\/p>\n<p>J\u0119zyk w\u0142oski<\/p>\n<p>Fotografia<\/p>\n<p>Sekcja poetycka \u201e Feniks\u201d<\/p>\n<\/td>\n<\/tr>\n<tr>\n<td valign=\"top\" width=\"83\">\n<p>13.12.2019<\/p>\n<\/td>\n<td valign=\"top\" width=\"95\">\n<p>pi\u0105tek<\/p>\n<\/td>\n<td valign=\"top\" width=\"94\">\n<p>10:00 i 11:00<\/p>\n<p>15:15<\/p>\n<\/td>\n<td valign=\"top\" width=\"76\">\n<p>Basen<\/p>\n<p>MDK<\/p>\n<\/td>\n<td valign=\"top\" width=\"272\">\n<p>Aerobik na basenie<\/p>\n<p>\u201eCyfrowy Senior\u201d<\/p>\n<\/td>\n<\/tr>\n<tr>\n<td valign=\"top\" width=\"83\">\n<p>14.12.2019<\/p>\n<\/td>\n<td valign=\"top\" width=\"95\">\n<p>sobota<\/p>\n<\/td>\n<td valign=\"top\" width=\"94\">\n<p>10:00<\/p>\n<\/td>\n<td valign=\"top\" width=\"76\">\n<p>Rondo Rembaj\u0142y<\/p>\n<\/td>\n<td valign=\"top\" width=\"272\">\n<p>Spacer edukacyjny do Lipia poprowadzi Andrzej Cygan. Na zako\u0144czenie \u00a0 planowane jest ognisko i tradycyjna Wigilia. Spotkanie \u2013 rondo przy ul. \u00a0 Le\u015bnej<\/p>\n<\/td>\n<\/tr>\n<tr>\n<td rowspan=\"4\" valign=\"top\" width=\"83\">\n<p>16.12.2019<\/p>\n<\/td>\n<td rowspan=\"4\" valign=\"top\" width=\"95\">\n<p>poniedzia\u0142ek<\/p>\n<\/td>\n<td valign=\"top\" width=\"94\">\n<p>10:00<\/p>\n<p>\u00a0<\/p>\n<\/td>\n<td valign=\"top\" width=\"76\">\n<p>33<\/p>\n<p>\u00a0<\/p>\n<\/td>\n<td valign=\"top\" width=\"272\">\n<p>Sekcja Edukacji Obywatelskiej \u2013 firma \u201ePerfopol\u201d \u2013 spotkanie z \u00a0 Krzysztofem Chaj\u0105<\/p>\n<\/td>\n<\/tr>\n<tr>\n<td valign=\"top\" width=\"94\">\n<p>12:00<\/p>\n<\/td>\n<td valign=\"top\" width=\"76\">\n<p>33<\/p>\n<\/td>\n<td valign=\"top\" width=\"272\">\n<p>J\u0119zyk niemiecki \u2013 I grupa<\/p>\n<\/td>\n<\/tr>\n<tr>\n<td valign=\"top\" width=\"94\">\n<p>13:45<\/p>\n<\/td>\n<td valign=\"top\" width=\"76\">\n<p>33<\/p>\n<\/td>\n<td valign=\"top\" width=\"272\">\n<p>Informatyka<\/p>\n<\/td>\n<\/tr>\n<tr>\n<td valign=\"top\" width=\"94\">\n<p>16:30<\/p>\n<\/td>\n<td valign=\"top\" width=\"76\">\n<p>MBP<\/p>\n<\/td>\n<td valign=\"top\" width=\"272\">\n<p>Zesp\u00f3\u0142 wokalny \u201eSrebrne Nuty\u201d<\/p>\n<\/td>\n<\/tr>\n<tr>\n<td valign=\"top\" width=\"83\">\n<p>17.12.2019<\/p>\n<\/td>\n<td valign=\"top\" width=\"95\">\n<p>wtorek<\/p>\n<\/td>\n<td valign=\"top\" width=\"94\">\n<p>9:00 i 9:45<\/p>\n<p>10:00<\/p>\n<\/td>\n<td valign=\"top\" width=\"76\">\n<p>MDK<\/p>\n<p>33<\/p>\n<\/td>\n<td valign=\"top\" width=\"272\">\n<p>Gimnastyka usprawniaj\u0105ca<\/p>\n<p>Psychologia<\/p>\n<\/td>\n<\/tr>\n<tr>\n<td valign=\"top\" width=\"83\">\n<p>18.12.2019<\/p>\n<\/td>\n<td valign=\"top\" width=\"95\">\n<p>\u015broda<\/p>\n<\/td>\n<td valign=\"top\" width=\"94\">\n<p>8:00 i 9:00<\/p>\n<p>10:00\u00a0\u00a0\u00a0\u00a0\u00a0\u00a0\u00a0\u00a0\u00a0<\/p>\n<p>11:00<\/p>\n<p>13:00<\/p>\n<p>15:15<\/p>\n<p>16:30<\/p>\n<\/td>\n<td valign=\"top\" width=\"76\">\n<p>MDK<\/p>\n<p>\u201eSka\u0142ka\u201d<\/p>\n<p>33<\/p>\n<p>33<\/p>\n<p>33<\/p>\n<p>32<\/p>\n<\/td>\n<td valign=\"top\" width=\"272\">\n<p>Yoga<\/p>\n<p>Plastyka<\/p>\n<p>J\u0119zyk niemiecki \u2013 II grupa<\/p>\n<p>J\u0119zyk rosyjski<\/p>\n<p>\u201eCyfrowy Senior\u201d<\/p>\n<p>Psychologia<\/p>\n<\/td>\n<\/tr>\n<tr>\n<td valign=\"top\" width=\"83\">\n<p>19.12.2019<\/p>\n<\/td>\n<td valign=\"top\" width=\"95\">\n<p>czwartek<\/p>\n<\/td>\n<td valign=\"top\" width=\"94\">\n<p>9:00 i 9:45<\/p>\n<p>9:00<\/p>\n<p>11:00<\/p>\n<\/td>\n<td valign=\"top\" width=\"76\">\n<p>MDK<\/p>\n<p>33<\/p>\n<p>33<\/p>\n<\/td>\n<td valign=\"top\" width=\"272\">\n<p>Gimnastyka usprawniaj\u0105ca<\/p>\n<p>J\u0119zyk w\u0142oski<\/p>\n<p>Sekcja przyrodnicza<\/p>\n<\/td>\n<\/tr>\n<tr>\n<td valign=\"top\" width=\"83\">\n<p>20.12.2019<\/p>\n<\/td>\n<td valign=\"top\" width=\"95\">\n<p>pi\u0105tek<\/p>\n<\/td>\n<td valign=\"top\" width=\"94\">\n<p>10:00 i 11:00<\/p>\n<p>15:15<\/p>\n<\/td>\n<td valign=\"top\" width=\"76\">\n<p>Basen<\/p>\n<p>MDK<\/p>\n<\/td>\n<td valign=\"top\" width=\"272\">\n<p>Aerobik na basenie<\/p>\n<p>\u201eCyfrowy Senior\u201d<\/p>\n<\/td>\n<\/tr>\n<\/tbody>\n<\/table>\n<p>\u00a0<\/p>\n<p>\u00a0<\/p>\n<p align=\"center\"><span style=\"color: #3366ff;\"><strong><em>Przerwa \u015bwi\u0105teczna od 21 grudnia 2019 do 6 stycznia 2020<\/em><\/strong><\/span><\/p>\n<p align=\"center\"><strong><em>\u00a0<\/em><\/strong><\/p>\n<p align=\"center\"><span style=\"color: #ff0000;\"><strong><em>ZARZ\u0104D UTW \u017cyczy wszystkim s\u0142uchaczom Zdrowych, Spokojnych i Radosnych \u015awi\u0105t Bo\u017cego Narodzenia\u00a0!<\/em><\/strong><\/span><\/p>\n","protected":false},"excerpt":{"rendered":"<p>Harmonogram zaj\u0119\u0107\u00a0 UTW \u2013 grudzie\u0144 2019 Data Dzie\u0144 tygodnia Godzina Sala\/miejsce Rodzaj zaj\u0119\u0107 \/sekcja 2.12.2019 poniedzia\u0142ek 10:00 \u00a0 \u00a0 33 &hellip;<\/p>\n","protected":false},"author":3,"featured_media":0,"comment_status":"open","ping_status":"open","sticky":true,"template":"","format":"standard","meta":{"footnotes":""},"categories":[2],"tags":[],"_links":{"self":[{"href":"https:\/\/utwstarachowice.pl\/index.php?rest_route=\/wp\/v2\/posts\/522"}],"collection":[{"href":"https:\/\/utwstarachowice.pl\/index.php?rest_route=\/wp\/v2\/posts"}],"about":[{"href":"https:\/\/utwstarachowice.pl\/index.php?rest_route=\/wp\/v2\/types\/post"}],"author":[{"embeddable":true,"href":"https:\/\/utwstarachowice.pl\/index.php?rest_route=\/wp\/v2\/users\/3"}],"replies":[{"embeddable":true,"href":"https:\/\/utwstarachowice.pl\/index.php?rest_route=%2Fwp%2Fv2%2Fcomments&post=522"}],"version-history":[{"count":0,"href":"https:\/\/utwstarachowice.pl\/index.php?rest_route=\/wp\/v2\/posts\/522\/revisions"}],"wp:attachment":[{"href":"https:\/\/utwstarachowice.pl\/index.php?rest_route=%2Fwp%2Fv2%2Fmedia&parent=522"}],"wp:term":[{"taxonomy":"category","embeddable":true,"href":"https:\/\/utwstarachowice.pl\/index.php?rest_route=%2Fwp%2Fv2%2Fcategories&post=522"},{"taxonomy":"post_tag","embeddable":true,"href":"https:\/\/utwstarachowice.pl\/index.php?rest_route=%2Fwp%2Fv2%2Ftags&post=522"}],"curies":[{"name":"wp","href":"https:\/\/api.w.org\/{rel}","templated":true}]}}