{"id":52,"date":"2015-10-26T17:42:57","date_gmt":"2015-10-26T16:42:57","guid":{"rendered":"https:\/\/utwstarachowice.pl\/2015\/10\/26\/komunikaty-na-listopad-2015-r\/"},"modified":"2015-10-26T17:42:57","modified_gmt":"2015-10-26T16:42:57","slug":"komunikaty-na-listopad-2015-r","status":"publish","type":"post","link":"https:\/\/utwstarachowice.pl\/?p=52","title":{"rendered":"Komunikaty na listopad 2015 r."},"content":{"rendered":"<p align=\"center\"><strong><span style=\"text-decoration: underline;\"><span style=\"color: #000000;\">Komunikaty dla s\u0142uchaczy UTW<\/span><\/span><\/strong><\/p>\n<p align=\"center\"><strong><span style=\"text-decoration: underline;\"><span style=\"color: #000000;\">na listopad 2015r.<\/span><\/span><\/strong><\/p>\n<p align=\"center\"><strong><span style=\"text-decoration: underline;\"><span style=\"color: #000000;\">\u00a0<\/span><\/span><\/strong><\/p>\n<p><strong><span style=\"text-decoration: underline;\"><span style=\"color: #000000;\">04-11-15 r. <\/span><\/span><\/strong><span style=\"text-decoration: underline;\"><span style=\"color: #000000;\">(\u015broda) i <strong>7-11-15 r. <\/strong><\/span><span style=\"color: #000000;\">(sobota)<\/span><\/span><\/p>\n<p><span style=\"color: #000000;\">Spacer po gminie Brody. Spotkanie na stacji PKP Starach. Zach. godz. 10.40. Przejazd do stacji Brody. Prowadz\u0105cym b\u0119dzie Andrzej Cygan.<\/span><\/p>\n<p><span style=\"color: #000000;\"><strong><span style=\"text-decoration: underline;\">05-11-2015 r. <\/span><\/strong><span style=\"text-decoration: underline;\">(czwartek)<\/span><\/span><\/p>\n<p><span style=\"color: #000000;\">Rozpocznie prac\u0119 sekcja geograficzna, kt\u00f3r\u0105 poprowadzi Ewa Szklarczyk. Spotkanie w ZSZ nr 3 (ul. Szkolna) godz. 16.00.<\/span><\/p>\n<p><span style=\"color: #000000;\"><strong><span style=\"text-decoration: underline;\">06-11-2015 r. <\/span><\/strong><span style=\"text-decoration: underline;\">(pi\u0105tek)<\/span><\/span><\/p>\n<p><span style=\"color: #000000;\">Wyjazd do teatru do Kielc.<\/span><\/p>\n<p><span style=\"color: #000000;\">Zbi\u00f3rka godz. 17.30 w zatoczce naprzeciwko \u201eBistro\u201d (dawna \u201eMargerita\u201d).<\/span><\/p>\n<p><span style=\"color: #000000;\"><strong><span style=\"text-decoration: underline;\">09-11-2015 r. <\/span><\/strong><span style=\"text-decoration: underline;\">(poniedzia\u0142ek)<\/span><\/span><\/p>\n<p><span style=\"color: #000000;\">Wyk\u0142ad: \u201eOdrodzenie Pa\u0144stwa Polskiego\u201d zostanie wyg\u0142oszony w budynku ZSZ nr 3 (ul Szkolna) godz.16.00. Wyk\u0142ad poprowadzi Bogus\u0142aw Zaborski.<\/span><\/p>\n<p><span style=\"color: #000000;\"><strong><span style=\"text-decoration: underline;\">14-11-2015 r. <\/span><\/strong><span style=\"text-decoration: underline;\">(pi\u0105tek)<\/span><\/span><\/p>\n<p><span style=\"color: #000000;\">\u201eRajd J\u0119drusi\u00f3w\u201d w Lasach Tychowskich poprowadzi Bo\u017cena Cyran. Zbi\u00f3rka godz. 9.00 pod cmentarzem na \u201eBugaju\u201d.<\/span><\/p>\n<p><strong><span style=\"text-decoration: underline;\"><span style=\"color: #000000;\">21-11-15 r. <\/span><\/span><\/strong><span style=\"text-decoration: underline;\"><span style=\"color: #000000;\">(sobota) i <strong>25-11-15r. <\/strong><\/span><span style=\"color: #000000;\">(\u015broda)<\/span><\/span><\/p>\n<p><span style=\"color: #000000;\">Spacer na ognisko w dzielnicy \u201eOr\u0142owo\u201d. Zbi\u00f3rka godz. 10.00 na przystanku ko\u0142o bazy MZK (ul. Radomska). Prowadz\u0105cym b\u0119dzie Andrzej Cygan.<\/span><\/p>\n<p><span style=\"color: #000000;\"><strong><span style=\"text-decoration: underline;\">23-11-2015 r. <\/span><\/strong><span style=\"text-decoration: underline;\">(poniedzia\u0142ek)<\/span><\/span><\/p>\n<p><span style=\"color: #000000;\">Wyjazd do Solca na baseny siarczkowe. Zbi\u00f3rka godz. 8.00 na parkingu przy galerii \u201eSka\u0142ka\u201d.<\/span><\/p>\n<p><span style=\"color: #000000;\">Zapisy do 16-11-2015r. u Haliny Sidor.<\/span><\/p>\n<p><span style=\"color: #000000;\"><strong><span style=\"text-decoration: underline;\">26-11-2015 r. <\/span><\/strong><span style=\"text-decoration: underline;\">(czwartek)<\/span><\/span><\/p>\n<p><span style=\"color: #000000;\">\u201eBiblioterapia \u2013 terapeutyczna funkcja ksi\u0105\u017cki\u201d- wyk\u0142ad w ZSZ nr 3 (ul. Szkolna) godz. 16.00.<\/span><\/p>\n<p><span style=\"color: #000000;\"><strong><span style=\"text-decoration: underline;\">28-11-2015 r.<\/span><\/strong><span style=\"text-decoration: underline;\"> (sobota) <\/span><\/span><\/p>\n<p><span style=\"color: #000000;\">Spotkanie \u201eANDRZEJKOWE<strong>\u201d <\/strong><\/span><span style=\"color: #000000;\">w budynku ZDZ (ul. Wojska Polskiego), godz.16.00 &#8211; 21.00. Zapisy oraz wp\u0142aty (30z\u0142 s\u0142uchacz UTW, 35z\u0142 osoba towarzysz\u0105ca) &#8211; przyjmowane s\u0105 <\/span><\/p>\n<p><span style=\"color: #000000;\">w biurze UTW.<\/span><\/p>\n<p align=\"center\"><strong><span style=\"text-decoration: underline;\"><span style=\"color: #000000;\">UWAGA WA\u017bNE !!!!!!!!!!!<\/span><\/span><\/strong><\/p>\n<ul>\n<li>\n<p><strong>Poszukujemy wolontariuszy w\u015br\u00f3d s\u0142uchaczy UTW do projektu pod has\u0142em <span style=\"text-decoration: underline;\">\u201eSZLACHETNA PACZKA\u201d<\/span>. Osoby ch\u0119tne do pomocy innym proszone s\u0105 o zg\u0142oszenie swojej kandydatury do biura UTW w czasie trwania dy\u017cur\u00f3w.<\/strong><\/p>\n<\/li>\n<li>\n<p><strong>28-X-2015r. (\u015broda) \u015arodowiskowy Szczep Dru\u017cyn ZHP im. Partyzant\u00f3w Armii Krajowej zaprasza s\u0142uchaczy UTW na Wykus na XVI Partyzanck\u0105 Drog\u0119 Krzy\u017cow\u0105. <\/strong><\/p>\n<p><strong>O godz. 11.00 spotkanie uczestnik\u00f3w przy kamieniu informacyjnym \u201ePartyzancka Droga Krzy\u017cowa\u201d. Uroczysto\u015bci na Wykusie zako\u0144czy harcerski pocz\u0119stunek ok. 13.15.<\/strong><\/p>\n<\/li>\n<li>\n<p><strong>S\u0142uchacze UTW po okazaniu aktualnej legitymacj\u0105 cz\u0142onkowskiej mog\u0105 skorzysta\u0107:<\/strong><\/p>\n<\/li>\n<\/ul>\n<ol>\n<li>\n<p><strong>w cukierni \u201eKafka\u201d (ul .Staszica) z 20% rabatu;<\/strong><\/p>\n<\/li>\n<li>\n<p><strong>w salonie fryzjerskim \u201eStyl\u201d (ul. Z\u0142ota 23) z 20% rabatu:<\/strong><\/p>\n<\/li>\n<li>\n<p><strong>w salonie kosmetycznym \u201eZdrowe Pi\u0119kno\u201d<\/strong><\/p>\n<p><strong>ul. Radomska 48) z 10% rabatu.<\/strong><\/p>\n<\/li>\n<li>\n<p><strong>W Telepizzy Cortez(ul. Wary\u0144skiego obok Rossmana). S\u0142uchaczom UTW przys\u0142uguje nast\u0119puj\u0105cy rabat:<\/strong><\/p>\n<\/li>\n<\/ol>\n<ul>\n<li>\n<p><strong>3 pizze w cenie jednej wg. Obowi\u0105zuj\u0105cego cennika;<\/strong><\/p>\n<\/li>\n<li>\n<p><strong>50% rabatu za jedn\u0105 pizz\u0119 od cennika standard;<\/strong><\/p>\n<\/li>\n<li>\n<p><strong>Napoje gor\u0105ce (kawy\/herbaty) sta\u0142a cena 3.50z\u0142.<\/strong><\/p>\n<\/li>\n<\/ul>\n<p align=\"center\"><span style=\"color: #000000;\"><strong>ZAPRASZAMY <\/strong><\/span><\/p>\n","protected":false},"excerpt":{"rendered":"<p>Komunikaty dla s\u0142uchaczy UTW na listopad 2015r. \u00a0 04-11-15 r. (\u015broda) i 7-11-15 r. (sobota) Spacer po gminie Brody. Spotkanie &hellip;<\/p>\n","protected":false},"author":3,"featured_media":0,"comment_status":"open","ping_status":"open","sticky":true,"template":"","format":"standard","meta":{"footnotes":""},"categories":[1],"tags":[],"_links":{"self":[{"href":"https:\/\/utwstarachowice.pl\/index.php?rest_route=\/wp\/v2\/posts\/52"}],"collection":[{"href":"https:\/\/utwstarachowice.pl\/index.php?rest_route=\/wp\/v2\/posts"}],"about":[{"href":"https:\/\/utwstarachowice.pl\/index.php?rest_route=\/wp\/v2\/types\/post"}],"author":[{"embeddable":true,"href":"https:\/\/utwstarachowice.pl\/index.php?rest_route=\/wp\/v2\/users\/3"}],"replies":[{"embeddable":true,"href":"https:\/\/utwstarachowice.pl\/index.php?rest_route=%2Fwp%2Fv2%2Fcomments&post=52"}],"version-history":[{"count":0,"href":"https:\/\/utwstarachowice.pl\/index.php?rest_route=\/wp\/v2\/posts\/52\/revisions"}],"wp:attachment":[{"href":"https:\/\/utwstarachowice.pl\/index.php?rest_route=%2Fwp%2Fv2%2Fmedia&parent=52"}],"wp:term":[{"taxonomy":"category","embeddable":true,"href":"https:\/\/utwstarachowice.pl\/index.php?rest_route=%2Fwp%2Fv2%2Fcategories&post=52"},{"taxonomy":"post_tag","embeddable":true,"href":"https:\/\/utwstarachowice.pl\/index.php?rest_route=%2Fwp%2Fv2%2Ftags&post=52"}],"curies":[{"name":"wp","href":"https:\/\/api.w.org\/{rel}","templated":true}]}}