{"id":514,"date":"2019-10-24T19:48:16","date_gmt":"2019-10-24T17:48:16","guid":{"rendered":"https:\/\/utwstarachowice.pl\/2019\/10\/24\/harmonogram-zajec-listopad-2019r\/"},"modified":"2019-10-24T19:48:16","modified_gmt":"2019-10-24T17:48:16","slug":"harmonogram-zajec-listopad-2019r","status":"publish","type":"post","link":"https:\/\/utwstarachowice.pl\/?p=514","title":{"rendered":"HARMONOGRAM ZAJ\u0118\u0106 &#8211; LISTOPAD 2019r."},"content":{"rendered":"<table style=\"width: 999px;\" border=\"1\" cellspacing=\"0\" cellpadding=\"0\">\n<tbody>\n<tr>\n<td valign=\"top\" width=\"73\">\n<p align=\"center\"><strong><em>Data<\/em><\/strong><\/p>\n<\/td>\n<td valign=\"top\" width=\"114\">\n<p align=\"center\"><strong><em>Dzie\u0144<\/em><\/strong><\/p>\n<p align=\"center\"><strong><em>\u00a0tygodnia<\/em><\/strong><\/p>\n<\/td>\n<td valign=\"top\" width=\"104\">\n<p align=\"center\"><strong><em>Godzina <\/em><\/strong><\/p>\n<\/td>\n<td valign=\"top\" width=\"76\">\n<p align=\"center\"><strong><em>Sala\/<\/em><\/strong><\/p>\n<p align=\"center\"><strong><em>miejsce<\/em><\/strong><\/p>\n<\/td>\n<td valign=\"top\" width=\"633\">\n<p align=\"center\"><strong><em>Rodzaj \u00a0 zaj\u0119\u0107\/ sekcja<\/em><\/strong><\/p>\n<\/td>\n<\/tr>\n<tr>\n<td valign=\"top\" width=\"73\">\n<p align=\"center\"><strong>01.XI<\/strong><\/p>\n<\/td>\n<td valign=\"top\" width=\"114\">\n<p align=\"center\"><strong>pi\u0105tek<\/strong><\/p>\n<p align=\"center\"><strong>\u00a0<\/strong><\/p>\n<\/td>\n<td valign=\"top\" width=\"104\">\n<p align=\"center\"><strong>8.00 -15.00<\/strong><\/p>\n<\/td>\n<td valign=\"top\" width=\"76\">\n<p align=\"center\"><strong>\u00a0<\/strong><\/p>\n<\/td>\n<td valign=\"top\" width=\"633\">\n<p align=\"center\"><strong>Kwesta na cmentarzu parafialnym i komunalnym przy \u00a0 ul. Radomskiej<\/strong><\/p>\n<\/td>\n<\/tr>\n<tr>\n<td valign=\"top\" width=\"73\">\n<p align=\"center\"><strong>\u00a0<\/strong><\/p>\n<p align=\"center\"><strong>\u00a0<\/strong><\/p>\n<p align=\"center\"><strong>04.XI.<\/strong><\/p>\n<p><strong>\u00a0<\/strong><\/p>\n<\/td>\n<td valign=\"top\" width=\"114\">\n<p align=\"center\"><strong>\u00a0<\/strong><\/p>\n<p align=\"center\"><strong>\u00a0<\/strong><\/p>\n<p align=\"center\"><strong>poniedzia\u0142ek<\/strong><\/p>\n<p align=\"center\"><strong>\u00a0<\/strong><\/p>\n<\/td>\n<td valign=\"top\" width=\"104\">\n<p align=\"center\"><strong>10.00<\/strong><\/p>\n<p align=\"center\"><strong>\u00a0<\/strong><\/p>\n<p align=\"center\"><strong>12.00<\/strong><\/p>\n<p align=\"center\"><strong>13.45<\/strong><\/p>\n<p align=\"center\"><strong>16.30<\/strong><\/p>\n<p align=\"center\"><strong>17.00<\/strong><\/p>\n<\/td>\n<td valign=\"top\" width=\"76\">\n<p align=\"center\"><strong>33<\/strong><\/p>\n<p align=\"center\"><strong>\u00a0<\/strong><\/p>\n<p align=\"center\"><strong>33<\/strong><\/p>\n<p align=\"center\"><strong>33<\/strong><\/p>\n<p align=\"center\"><strong>MBP<\/strong><\/p>\n<p align=\"center\"><strong>33<\/strong><\/p>\n<\/td>\n<td valign=\"top\" width=\"633\">\n<p><strong>Sekcja \u00a0 Edukacji Obywatelskiej \u2013 \u00a0Historia \u00a0 pewnej miejscowo\u015bci &#8211; wyk\u0142ad Dariusza D\u0105browskiego.<\/strong><\/p>\n<p><strong>J\u0119zyk \u00a0 niemiecki\u00a0 &#8211;\u00a0 I grupa<\/strong><\/p>\n<p><strong>Informatyka<\/strong><\/p>\n<p><strong>Zesp\u00f3\u0142 \u00a0 wokalny \u201e Srebrne Nuty\u201d<\/strong><\/p>\n<p><strong>Zebranie \u00a0 sprawozdawczo \u2013 wyborcze Ko\u0142a PTTK ( obecno\u015b\u0107 cz\u0142onk\u00f3w obowi\u0105zkowa).<\/strong><\/p>\n<\/td>\n<\/tr>\n<tr>\n<td valign=\"top\" width=\"73\">\n<p align=\"center\"><strong>\u00a0<\/strong><\/p>\n<p align=\"center\"><strong>\u00a0<\/strong><\/p>\n<p><strong>05.XI.<\/strong><\/p>\n<\/td>\n<td valign=\"top\" width=\"114\">\n<p align=\"center\"><strong>\u00a0<\/strong><\/p>\n<p align=\"center\"><strong>\u00a0<\/strong><\/p>\n<p align=\"center\"><strong>wtorek<\/strong><\/p>\n<\/td>\n<td valign=\"top\" width=\"104\">\n<p align=\"center\"><strong>9.00 i 9.45<\/strong><\/p>\n<p align=\"center\"><strong>10.00<\/strong><\/p>\n<p align=\"center\"><strong>16.00<\/strong><\/p>\n<\/td>\n<td valign=\"top\" width=\"76\">\n<p align=\"center\"><strong>MDK<\/strong><\/p>\n<p align=\"center\"><strong>33<\/strong><\/p>\n<p align=\"center\"><strong>33<\/strong><\/p>\n<\/td>\n<td valign=\"top\" width=\"633\">\n<p><strong>Gimnastyka \u00a0 usprawniaj\u0105ca<\/strong><\/p>\n<p><strong>Psychologia<\/strong><\/p>\n<p><strong>Sekcja \u00a0 Literacka \u2013 Ryszard Kapu\u015bci\u0144ski \u2013 znakomity dziennikarz o spojrzeniu<\/strong><\/p>\n<p><strong>\u00a0\u201e wielkiego prozaika\u201d.<\/strong><\/p>\n<p><strong>\u00a0<\/strong><\/p>\n<\/td>\n<\/tr>\n<tr>\n<td valign=\"top\" width=\"73\">\n<p align=\"center\"><strong>\u00a0<\/strong><\/p>\n<p align=\"center\"><strong>\u00a0<\/strong><\/p>\n<p align=\"center\"><strong>06.XI.<\/strong><\/p>\n<\/td>\n<td valign=\"top\" width=\"114\">\n<p align=\"center\"><strong>\u00a0<\/strong><\/p>\n<p align=\"center\"><strong>\u00a0<\/strong><\/p>\n<p align=\"center\"><strong>\u015broda<\/strong><\/p>\n<\/td>\n<td valign=\"top\" width=\"104\">\n<p align=\"center\"><strong>8.30 i 9.30<\/strong><\/p>\n<p align=\"center\"><strong>10.00<\/strong><\/p>\n<p align=\"center\"><strong>11.00<\/strong><\/p>\n<p align=\"center\"><strong>13.00<\/strong><\/p>\n<p align=\"center\"><strong>16.30<\/strong><\/p>\n<\/td>\n<td valign=\"top\" width=\"76\">\n<p align=\"center\"><strong>MDK<\/strong><\/p>\n<p><strong>\u201eSka\u0142ka<\/strong><\/p>\n<p align=\"center\"><strong>33<\/strong><\/p>\n<p align=\"center\"><strong>33<\/strong><\/p>\n<p align=\"center\"><strong>33<\/strong><\/p>\n<\/td>\n<td valign=\"top\" width=\"633\">\n<p><strong>Yoga<\/strong><\/p>\n<p><strong>Plastyka<\/strong><\/p>\n<p><strong>J\u0119zyk \u00a0 niemiecki &#8211;\u00a0 II grupa<\/strong><\/p>\n<p><strong>J\u0119zyk \u00a0 rosyjski<\/strong><\/p>\n<p><strong>Psychologia<\/strong><\/p>\n<\/td>\n<\/tr>\n<tr>\n<td valign=\"top\" width=\"73\">\n<p align=\"center\"><strong>\u00a0<\/strong><\/p>\n<p align=\"center\"><strong>\u00a0<\/strong><\/p>\n<p align=\"center\"><strong>07.XI.<\/strong><\/p>\n<\/td>\n<td valign=\"top\" width=\"114\">\n<p align=\"center\"><strong>\u00a0<\/strong><\/p>\n<p align=\"center\"><strong>\u00a0<\/strong><\/p>\n<p align=\"center\"><strong>czwartek<\/strong><\/p>\n<\/td>\n<td valign=\"top\" width=\"104\">\n<p><strong>9.00 \u00a0 i 9.45<\/strong><\/p>\n<p align=\"center\"><strong>9.00<\/strong><\/p>\n<p align=\"center\"><strong>11.00<\/strong><\/p>\n<p align=\"center\"><strong>16.00<\/strong><\/p>\n<\/td>\n<td valign=\"top\" width=\"76\">\n<p align=\"center\"><strong>MDK<\/strong><\/p>\n<p><strong>\u00a0\u00a0\u00a0 32<\/strong><\/p>\n<p align=\"center\"><strong>33<\/strong><\/p>\n<p align=\"center\"><strong>33<\/strong><\/p>\n<\/td>\n<td valign=\"top\" width=\"633\">\n<p><strong>Gimnastyka \u00a0 usprawniaj\u0105ca<\/strong><\/p>\n<p><strong>J\u0119zyk \u00a0 w\u0142oski<\/strong><\/p>\n<p><strong>Sekcja \u00a0 przyrodnicza<\/strong><\/p>\n<p><strong>Sekcja \u00a0 geograficzna \u2013 Kszta\u0142t i wielko\u015b\u0107 Ziemi \u2013 okre\u015blenie po\u0142o\u017cenia geograficznego.<\/strong><\/p>\n<\/td>\n<\/tr>\n<tr>\n<td valign=\"top\" width=\"73\">\n<p align=\"center\"><strong>08.XI.<\/strong><\/p>\n<\/td>\n<td valign=\"top\" width=\"114\">\n<p align=\"center\"><strong>pi\u0105tek<\/strong><\/p>\n<\/td>\n<td valign=\"top\" width=\"104\">\n<p><strong>10\u00a0 i 11<\/strong><\/p>\n<p><strong>15.15<\/strong><\/p>\n<p><strong>18.00<\/strong><\/p>\n<\/td>\n<td valign=\"top\" width=\"76\">\n<p align=\"center\"><strong>Basen<\/strong><\/p>\n<p align=\"center\"><strong>MDK<\/strong><\/p>\n<p align=\"center\"><strong>SCK <\/strong><\/p>\n<p><strong>\u00a0<\/strong><\/p>\n<\/td>\n<td valign=\"top\" width=\"633\">\n<p><strong>Aerobik \u00a0 na basenie<\/strong><\/p>\n<p><strong>Projekt \u00a0 \u201e Cyfrowy senior\u201d<\/strong><\/p>\n<p><strong>Dyskusyjny \u00a0 Klub Filmowy \u2013 \u00a0bezp\u0142atny seans\u00a0 \u00a0\u201eZam\u0119czona \u00a0 \u015bmier\u0107\u201d.<\/strong><\/p>\n<\/td>\n<\/tr>\n<tr>\n<td valign=\"top\" width=\"73\">\n<p align=\"center\"><strong>09.XI<\/strong><\/p>\n<\/td>\n<td valign=\"top\" width=\"114\">\n<p align=\"center\"><strong>sobota<\/strong><\/p>\n<\/td>\n<td valign=\"top\" width=\"104\">\n<p align=\"center\"><strong>10.00<\/strong><\/p>\n<\/td>\n<td valign=\"top\" width=\"76\">\n<p align=\"center\"><strong>\u00a0<\/strong><\/p>\n<\/td>\n<td valign=\"top\" width=\"633\">\n<p><strong>\u00a0Spacer edukacyjny: \u00a0Rzeki naszego miasta \u2013 spacer wzd\u0142u\u017c \u00a0 M\u0142yn\u00f3wki <\/strong><\/p>\n<p><strong>( \u00a0 zbi\u00f3rka ul. Gliniana 10a)<\/strong><\/p>\n<\/td>\n<\/tr>\n<tr>\n<td valign=\"top\" width=\"73\">\n<p align=\"center\"><strong>12.XI.<\/strong><\/p>\n<\/td>\n<td valign=\"top\" width=\"114\">\n<p align=\"center\"><strong>\u00a0<\/strong><\/p>\n<p align=\"center\"><strong>wtorek<\/strong><\/p>\n<\/td>\n<td valign=\"top\" width=\"104\">\n<p align=\"center\"><strong>9.00 i 9.45<\/strong><\/p>\n<p align=\"center\"><strong>10.00<\/strong><\/p>\n<p><strong>\u00a0<\/strong><\/p>\n<\/td>\n<td valign=\"top\" width=\"76\">\n<p align=\"center\"><strong>MDK<\/strong><\/p>\n<p align=\"center\"><strong>33<\/strong><\/p>\n<\/td>\n<td valign=\"top\" width=\"633\">\n<p><strong>Gimnastyka \u00a0 usprawniaj\u0105ca<\/strong><\/p>\n<p><strong>Psychologia<\/strong><\/p>\n<\/td>\n<\/tr>\n<tr>\n<td valign=\"top\" width=\"73\">\n<p align=\"center\"><strong>13.XI.<\/strong><\/p>\n<\/td>\n<td valign=\"top\" width=\"114\">\n<p align=\"center\"><strong>\u00a0<\/strong><\/p>\n<p align=\"center\"><strong>\u00a0<\/strong><\/p>\n<p align=\"center\"><strong>\u015broda<\/strong><\/p>\n<\/td>\n<td valign=\"top\" width=\"104\">\n<p align=\"center\"><strong>8.30 i 9.30<\/strong><\/p>\n<p align=\"center\"><strong>10.00<\/strong><\/p>\n<p align=\"center\"><strong>11.00<\/strong><\/p>\n<p align=\"center\"><strong>13.00<\/strong><\/p>\n<p align=\"center\"><strong>15.15<\/strong><\/p>\n<p align=\"center\"><strong>16.30<\/strong><\/p>\n<\/td>\n<td valign=\"top\" width=\"76\">\n<p align=\"center\"><strong>MDK<\/strong><\/p>\n<p align=\"center\"><strong>\u201eSka\u0142ka<\/strong><\/p>\n<p align=\"center\"><strong>33<\/strong><\/p>\n<p align=\"center\"><strong>33<\/strong><\/p>\n<p align=\"center\"><strong>MDK<\/strong><\/p>\n<p align=\"center\"><strong>33<\/strong><\/p>\n<\/td>\n<td valign=\"top\" width=\"633\">\n<p><strong>Yoga<\/strong><\/p>\n<p><strong>Plastyka<\/strong><\/p>\n<p><strong>J\u0119zyk \u00a0 niemiecki \u2013 II grupa<\/strong><\/p>\n<p><strong>J\u0119zyk \u00a0 rosyjski<\/strong><\/p>\n<p><strong>Projekt \u00a0 \u201e Cyfrowy senior\u201d<\/strong><\/p>\n<p><strong>Psychologia<\/strong><\/p>\n<\/td>\n<\/tr>\n<tr>\n<td valign=\"top\" width=\"73\">\n<p align=\"center\"><strong>\u00a0<\/strong><\/p>\n<p align=\"center\"><strong>\u00a0<\/strong><\/p>\n<p align=\"center\"><strong>14. XI<\/strong><\/p>\n<\/td>\n<td valign=\"top\" width=\"114\">\n<p align=\"center\"><strong>\u00a0<\/strong><\/p>\n<p align=\"center\"><strong>\u00a0<\/strong><\/p>\n<p align=\"center\"><strong>czwartek<\/strong><\/p>\n<\/td>\n<td valign=\"top\" width=\"104\">\n<p align=\"center\"><strong>9.00 i 9.45<\/strong><\/p>\n<p align=\"center\"><strong>9.00<\/strong><\/p>\n<p align=\"center\"><strong>11.00<\/strong><\/p>\n<p align=\"center\"><strong>15.00<\/strong><\/p>\n<\/td>\n<td valign=\"top\" width=\"76\">\n<p align=\"center\"><strong>MDK<\/strong><\/p>\n<p align=\"center\"><strong>33<\/strong><\/p>\n<p align=\"center\"><strong>32<\/strong><\/p>\n<p align=\"center\"><strong>B. P.<\/strong><\/p>\n<\/td>\n<td valign=\"top\" width=\"633\">\n<p><strong>Gimnastyka \u00a0 usprawniaj\u0105ca<\/strong><\/p>\n<p><strong>J\u0119zyk \u00a0 w\u0142oski<\/strong><\/p>\n<p><strong>Fotografia<\/strong><\/p>\n<p><strong>Sekcja \u00a0 poetycka \u201eFeniks\u201d<\/strong><\/p>\n<\/td>\n<\/tr>\n<tr>\n<td valign=\"top\" width=\"73\">\n<p align=\"center\"><strong>\u00a0<\/strong><\/p>\n<p align=\"center\"><strong>15.XI.<\/strong><\/p>\n<\/td>\n<td valign=\"top\" width=\"114\">\n<p align=\"center\"><strong>\u00a0<\/strong><\/p>\n<p align=\"center\"><strong>pi\u0105tek<\/strong><\/p>\n<\/td>\n<td valign=\"top\" width=\"104\">\n<p align=\"center\"><strong>10\u00a0 i 11<\/strong><\/p>\n<p align=\"center\"><strong>15.15<\/strong><\/p>\n<\/td>\n<td valign=\"top\" width=\"76\">\n<p align=\"center\"><strong>Basen<\/strong><\/p>\n<p align=\"center\"><strong>MDK<\/strong><\/p>\n<\/td>\n<td valign=\"top\" width=\"633\">\n<p><strong>Aerobik \u00a0 na basenie<\/strong><\/p>\n<p><strong>Projekt \u00a0 \u201e Cyfrowy senior\u201d<\/strong><\/p>\n<p align=\"center\"><strong>\u00a0<\/strong><\/p>\n<\/td>\n<\/tr>\n<tr>\n<td valign=\"top\" width=\"73\">\n<p align=\"center\"><strong>\u00a0<\/strong><\/p>\n<p align=\"center\"><strong>18.XI<\/strong><\/p>\n<\/td>\n<td valign=\"top\" width=\"114\">\n<p align=\"center\"><strong>\u00a0<\/strong><\/p>\n<p align=\"center\"><strong>poniedzia\u0142ek<\/strong><\/p>\n<p align=\"center\"><strong>\u00a0<\/strong><\/p>\n<\/td>\n<td valign=\"top\" width=\"104\">\n<p align=\"center\"><strong>10.00<\/strong><\/p>\n<p align=\"center\"><strong>11.00<\/strong><\/p>\n<p align=\"center\"><strong>13.45<\/strong><\/p>\n<p align=\"center\"><strong>16.30<\/strong><\/p>\n<\/td>\n<td valign=\"top\" width=\"76\">\n<p><strong>\u00a0<\/strong><\/p>\n<p align=\"center\"><strong>33<\/strong><\/p>\n<p align=\"center\"><strong>33<\/strong><\/p>\n<p align=\"center\"><strong>33<\/strong><\/p>\n<p align=\"center\"><strong>MBP<\/strong><\/p>\n<\/td>\n<td valign=\"top\" width=\"633\">\n<p align=\"center\"><strong>\u00a0<\/strong><\/p>\n<p><strong>Sekcja \u00a0 Edukacji Obywatelskiej \u2013 Muzealnictwo \u2013 wyk\u0142ad Wioletty Sobieraj<\/strong><\/p>\n<p><strong>J\u0119zyk \u00a0 niemiecki\u00a0 &#8211;\u00a0 I grupa<\/strong><\/p>\n<p><strong>Informatyka<\/strong><\/p>\n<p><strong>Zesp\u00f3\u0142 \u00a0 wokalny \u201e Srebrne Nuty\u201d<\/strong><\/p>\n<p><strong>\u00a0<\/strong><\/p>\n<\/td>\n<\/tr>\n<tr>\n<td valign=\"top\" width=\"73\">\n<p align=\"center\"><strong>19.XI<\/strong><\/p>\n<\/td>\n<td valign=\"top\" width=\"114\">\n<p align=\"center\"><strong>wtorek<\/strong><\/p>\n<\/td>\n<td valign=\"top\" width=\"104\">\n<p align=\"center\"><strong>9.00 i 9.45<\/strong><\/p>\n<p align=\"center\"><strong>10.00<\/strong><\/p>\n<p align=\"center\"><strong>13.30<\/strong><\/p>\n<\/td>\n<td valign=\"top\" width=\"76\">\n<p align=\"center\"><strong><span style=\"text-decoration: underline;\">MDK<\/span><\/strong><\/p>\n<p align=\"center\"><strong>33<\/strong><\/p>\n<p align=\"center\"><strong>SCK<\/strong><\/p>\n<\/td>\n<td valign=\"top\" width=\"633\">\n<p><strong>Gimnastyka \u00a0 usprawniaj\u0105ca<\/strong><\/p>\n<p><strong>Psychologia<\/strong><\/p>\n<p><strong>Dyskusyjny \u00a0 Klub Filmowy : \u201e Wspomnienie lata\u201d \u2013 prelegent re\u017c. Adam Gruzi\u0144ski. ( wp\u0142aty \u00a0 u Ewy Przygody)<\/strong><\/p>\n<\/td>\n<\/tr>\n<tr>\n<td valign=\"top\" width=\"73\">\n<p align=\"center\"><strong>\u00a0<\/strong><\/p>\n<p align=\"center\"><strong>\u00a0<\/strong><\/p>\n<p align=\"center\"><strong>20.XI<\/strong><\/p>\n<\/td>\n<td valign=\"top\" width=\"114\">\n<p align=\"center\"><strong>\u00a0<\/strong><\/p>\n<p align=\"center\"><strong>\u00a0<\/strong><\/p>\n<p align=\"center\"><strong>\u015broda<\/strong><\/p>\n<\/td>\n<td valign=\"top\" width=\"104\">\n<p align=\"center\"><strong>7.00<\/strong><\/p>\n<p align=\"center\"><strong>\u00a0<\/strong><\/p>\n<p align=\"center\"><strong>8.30 i 9.30<\/strong><\/p>\n<p align=\"center\"><strong>10.00<\/strong><\/p>\n<p align=\"center\"><strong>11.00<\/strong><\/p>\n<p align=\"center\"><strong>13.00<\/strong><\/p>\n<p align=\"center\"><strong>15.15<\/strong><\/p>\n<p align=\"center\"><strong>16.30<\/strong><\/p>\n<\/td>\n<td valign=\"top\" width=\"76\">\n<p align=\"center\"><strong>\u00a0<\/strong><\/p>\n<p align=\"center\"><strong>\u00a0<\/strong><\/p>\n<p align=\"center\"><strong>MDK<\/strong><\/p>\n<p align=\"center\"><strong>Ska\u0142ka<\/strong><\/p>\n<p align=\"center\"><strong>33<\/strong><\/p>\n<p align=\"center\"><strong>33<\/strong><\/p>\n<p align=\"center\"><strong>MDK<\/strong><\/p>\n<p align=\"center\"><strong>33<\/strong><\/p>\n<p align=\"center\"><strong>\u00a0<\/strong><\/p>\n<\/td>\n<td valign=\"top\" width=\"633\">\n<p><strong>Wyjazd \u00a0 do Solca Zdroju\u00a0 na baseny siarczkowe. \u00a0 Spotkanie na przystanku przy Galerii Ska\u0142ka<\/strong><\/p>\n<p><strong>Yoga<\/strong><\/p>\n<p><strong>Plastyka<\/strong><\/p>\n<p><strong>J\u0119zyk \u00a0 niemiecki \u2013 II grupa<\/strong><\/p>\n<p><strong>J\u0119zyk \u00a0 rosyjski<\/strong><\/p>\n<p><strong>Projekt \u00a0 \u201e Cyfrowy senior\u201d<\/strong><\/p>\n<p><strong>Psychologia<\/strong><\/p>\n<\/td>\n<\/tr>\n<tr>\n<td valign=\"top\" width=\"73\">\n<p align=\"center\"><strong>21.XI.<\/strong><\/p>\n<\/td>\n<td valign=\"top\" width=\"114\">\n<p align=\"center\"><strong>czwartek<\/strong><\/p>\n<\/td>\n<td valign=\"top\" width=\"104\">\n<p align=\"center\"><strong>9.00 i 9.45<\/strong><\/p>\n<p align=\"center\"><strong>9.00<\/strong><\/p>\n<p align=\"center\"><strong>11.00<\/strong><\/p>\n<\/td>\n<td valign=\"top\" width=\"76\">\n<p align=\"center\"><strong>MDK<\/strong><\/p>\n<p align=\"center\"><strong>33<\/strong><\/p>\n<p align=\"center\"><strong>33<\/strong><\/p>\n<\/td>\n<td valign=\"top\" width=\"633\">\n<p><strong>Gimnastyka \u00a0 usprawniaj\u0105ca<\/strong><\/p>\n<p><strong>J\u0119zyk \u00a0 w\u0142oski<\/strong><\/p>\n<p><strong>Sekcja \u00a0 przyrodnicza<\/strong><\/p>\n<p><strong>\u00a0<\/strong><\/p>\n<\/td>\n<\/tr>\n<tr>\n<td valign=\"top\" width=\"73\">\n<p align=\"center\"><strong>22.XI<\/strong><\/p>\n<\/td>\n<td valign=\"top\" width=\"114\">\n<p align=\"center\"><strong><span style=\"text-decoration: underline;\">\u00a0<\/span><\/strong><\/p>\n<p align=\"center\"><strong><span style=\"text-decoration: underline;\">Pi\u0105tek<\/span><\/strong><\/p>\n<\/td>\n<td valign=\"top\" width=\"104\">\n<p align=\"center\"><strong>10. i 11.<\/strong><\/p>\n<p align=\"center\"><strong>15.15<\/strong><\/p>\n<\/td>\n<td valign=\"top\" width=\"76\">\n<p align=\"center\"><strong>Basen<\/strong><\/p>\n<p align=\"center\"><strong>MDK<\/strong><\/p>\n<\/td>\n<td valign=\"top\" width=\"633\">\n<p><strong>Aerobik \u00a0 na basenie<\/strong><\/p>\n<p><strong>Projekt \u00a0 \u201e Cyfrowy senior\u201d<\/strong><\/p>\n<\/td>\n<\/tr>\n<tr>\n<td valign=\"top\" width=\"73\">\n<p align=\"center\"><strong>23.XI<\/strong><\/p>\n<\/td>\n<td valign=\"top\" width=\"114\">\n<p align=\"center\"><strong>sobota<\/strong><\/p>\n<\/td>\n<td valign=\"top\" width=\"104\">\n<p align=\"center\"><strong>10.00<\/strong><\/p>\n<\/td>\n<td valign=\"top\" width=\"76\">\n<p align=\"center\"><strong><span style=\"text-decoration: underline;\">\u00a0<\/span><\/strong><\/p>\n<\/td>\n<td valign=\"top\" width=\"633\">\n<p><strong>Spacer \u00a0 edukacyjny \u2013 Od Wierzbnika do Starachowic prowadzi Pawe\u0142 Ko\u0142odziejski ( \u00a0 zbi\u00f3rka na Rynku)<\/strong><\/p>\n<\/td>\n<\/tr>\n<tr>\n<td valign=\"top\" width=\"73\">\n<p align=\"center\"><strong>\u00a0<\/strong><\/p>\n<p align=\"center\"><strong>25.XI.<\/strong><\/p>\n<\/td>\n<td valign=\"top\" width=\"114\">\n<p align=\"center\"><strong><span style=\"text-decoration: underline;\">\u00a0<\/span><\/strong><\/p>\n<p align=\"center\"><strong>\u00a0<\/strong><\/p>\n<p align=\"center\"><strong>poniedzia\u0142ek<\/strong><\/p>\n<\/td>\n<td valign=\"top\" width=\"104\">\n<p align=\"center\"><strong>\u00a0<\/strong><\/p>\n<p align=\"center\"><strong>10.00<\/strong><\/p>\n<p align=\"center\"><strong>12.00<\/strong><\/p>\n<p align=\"center\"><strong>13.45<\/strong><\/p>\n<p align=\"center\"><strong>15.30<\/strong><\/p>\n<p align=\"center\"><strong>16.30<\/strong><\/p>\n<\/td>\n<td valign=\"top\" width=\"76\">\n<p align=\"center\"><strong>\u00a0<\/strong><\/p>\n<p align=\"center\"><strong>33<\/strong><\/p>\n<p align=\"center\"><strong>33<\/strong><\/p>\n<p align=\"center\"><strong>33<\/strong><\/p>\n<p align=\"center\"><strong>33<\/strong><\/p>\n<p align=\"center\"><strong>MBP<\/strong><\/p>\n<\/td>\n<td valign=\"top\" width=\"633\">\n<p><strong>Sekcja \u00a0 Edukacji Obywatelskiej \u2013 Historia i dzie\u0144 dzisiejszy firmy STARPOL \u2013 \u00a0 spotkanie z prezesem Edwardem P\u0142us\u0105.<\/strong><\/p>\n<p><strong>J\u0119zyk \u00a0 niemiecki \u2013 grupa I<\/strong><\/p>\n<p><strong>Informatyka<\/strong><\/p>\n<p><strong>Sekcja \u00a0 historyczna<\/strong><\/p>\n<p><strong>Zesp\u00f3\u0142 \u00a0 wokalny \u201e Srebrne Nuty\u201d<\/strong><\/p>\n<p><strong>\u00a0<\/strong><\/p>\n<\/td>\n<\/tr>\n<tr>\n<td valign=\"top\" width=\"73\">\n<p align=\"center\"><strong>26.XI<\/strong><\/p>\n<\/td>\n<td valign=\"top\" width=\"114\">\n<p align=\"center\"><strong>wtorek <\/strong><\/p>\n<\/td>\n<td valign=\"top\" width=\"104\">\n<p align=\"center\"><strong>9.00 i 9.45<\/strong><\/p>\n<p align=\"center\"><strong>10.00<\/strong><\/p>\n<\/td>\n<td valign=\"top\" width=\"76\">\n<p align=\"center\"><strong>MDK<\/strong><\/p>\n<p align=\"center\"><strong>33<\/strong><\/p>\n<\/td>\n<td valign=\"top\" width=\"633\">\n<p><strong>Gimnastyka \u00a0 usprawniaj\u0105ca<\/strong><\/p>\n<p><strong>Psychologia<\/strong><\/p>\n<\/td>\n<\/tr>\n<tr>\n<td valign=\"top\" width=\"73\">\n<p align=\"center\"><strong>27.XI.<\/strong><\/p>\n<\/td>\n<td valign=\"top\" width=\"114\">\n<p align=\"center\"><strong>\u00a0<\/strong><\/p>\n<p align=\"center\"><strong>\u00a0<\/strong><\/p>\n<p align=\"center\"><strong>\u015broda<\/strong><\/p>\n<\/td>\n<td valign=\"top\" width=\"104\">\n<p align=\"center\"><strong>8.30 i 9.30<\/strong><\/p>\n<p align=\"center\"><strong>10.00<\/strong><\/p>\n<p align=\"center\"><strong>11.00<\/strong><\/p>\n<p align=\"center\"><strong>13.00<\/strong><\/p>\n<p align=\"center\"><strong>16.30<\/strong><\/p>\n<\/td>\n<td valign=\"top\" width=\"76\">\n<p align=\"center\"><strong>MDK<\/strong><\/p>\n<p align=\"center\"><strong>Ska\u0142ka<\/strong><\/p>\n<p align=\"center\"><strong>33<\/strong><\/p>\n<p align=\"center\"><strong>33<\/strong><\/p>\n<p align=\"center\"><strong>33<\/strong><\/p>\n<\/td>\n<td valign=\"top\" width=\"633\">\n<p><strong>Yoga<\/strong><\/p>\n<p><strong>Plastyka<\/strong><\/p>\n<p><strong>J\u0119zyk \u00a0 niemiecki \u2013 grupa II<\/strong><\/p>\n<p><strong>J\u0119zyk \u00a0 rosyjski<\/strong><\/p>\n<p><strong>Psychologia<\/strong><\/p>\n<\/td>\n<\/tr>\n<tr>\n<td valign=\"top\" width=\"73\">\n<p align=\"center\"><strong>28.XI.<\/strong><\/p>\n<\/td>\n<td valign=\"top\" width=\"114\">\n<p align=\"center\"><strong>\u00a0<\/strong><\/p>\n<p align=\"center\"><strong>\u00a0<\/strong><\/p>\n<p align=\"center\"><strong>czwartek<\/strong><\/p>\n<\/td>\n<td valign=\"top\" width=\"104\">\n<p align=\"center\"><strong>9.00 i 9.45<\/strong><\/p>\n<p align=\"center\"><strong>9.00<\/strong><\/p>\n<p align=\"center\"><strong>11.00<\/strong><\/p>\n<p align=\"center\"><strong>16.00<\/strong><\/p>\n<p align=\"center\"><strong>16.00<\/strong><\/p>\n<\/td>\n<td valign=\"top\" width=\"76\">\n<p align=\"center\"><strong>MDK<\/strong><\/p>\n<p align=\"center\"><strong>33<\/strong><\/p>\n<p align=\"center\"><strong>32<\/strong><\/p>\n<p align=\"center\"><strong>33<\/strong><\/p>\n<p align=\"center\"><strong>MBP<\/strong><\/p>\n<\/td>\n<td valign=\"top\" width=\"633\">\n<p><strong>Gimnastyka \u00a0 usprawniaj\u0105ca<\/strong><\/p>\n<p><strong>J\u0119zyk \u00a0 w\u0142oski<\/strong><\/p>\n<p><strong>Fotografia<\/strong><\/p>\n<p><strong>Sekcja \u00a0 geograficzna \u2013Ruch obrotowy Ziemi i jego nast\u0119pstwa.<\/strong><\/p>\n<p><strong>Dyskusyjny \u00a0 Klub Ksi\u0105zki<\/strong><\/p>\n<\/td>\n<\/tr>\n<tr>\n<td valign=\"top\" width=\"73\">\n<p align=\"center\"><strong>29.XI<\/strong><\/p>\n<\/td>\n<td valign=\"top\" width=\"114\">\n<p align=\"center\"><strong>pi\u0105tek<\/strong><\/p>\n<\/td>\n<td valign=\"top\" width=\"104\">\n<p align=\"center\"><strong>10 i 11<\/strong><\/p>\n<p align=\"center\"><strong>15.15<\/strong><\/p>\n<\/td>\n<td valign=\"top\" width=\"76\">\n<p align=\"center\"><strong>Basen<\/strong><\/p>\n<p align=\"center\"><strong>MDK<\/strong><\/p>\n<\/td>\n<td valign=\"top\" width=\"633\">\n<p><strong>Aerobik \u00a0 na basenie<\/strong><\/p>\n<p><strong>Projekt \u00a0 \u201e Cyfrowy senior\u201d<\/strong><\/p>\n<p align=\"center\"><strong>\u00a0<\/strong><\/p>\n<\/td>\n<\/tr>\n<tr>\n<td valign=\"top\" width=\"73\">\n<p align=\"center\"><strong>30.XI<\/strong><\/p>\n<\/td>\n<td valign=\"top\" width=\"114\">\n<p align=\"center\"><strong>sobota<\/strong><\/p>\n<\/td>\n<td valign=\"top\" width=\"104\">\n<p align=\"center\"><strong><span style=\"text-decoration: underline;\">10.00<\/span><\/strong><\/p>\n<\/td>\n<td valign=\"top\" width=\"76\">\n<p align=\"center\"><strong><span style=\"text-decoration: underline;\">MDK<\/span><\/strong><\/p>\n<\/td>\n<td valign=\"top\" width=\"633\">\n<p><strong>Spacer \u00a0 edukacyjny: Miejsca pami\u0119ci narodowej w Starachowicach \u2013 prowadzi El\u017cbieta \u00a0 Durlej , zbi\u00f3rka na placu Rynku.<\/strong><\/p>\n<p><strong>\u00a0<\/strong><\/p>\n<\/td>\n<\/tr>\n<\/tbody>\n<\/table>\n","protected":false},"excerpt":{"rendered":"<p>Data Dzie\u0144 \u00a0tygodnia Godzina Sala\/ miejsce Rodzaj \u00a0 zaj\u0119\u0107\/ sekcja 01.XI pi\u0105tek \u00a0 8.00 -15.00 \u00a0 Kwesta na cmentarzu parafialnym &hellip;<\/p>\n","protected":false},"author":3,"featured_media":0,"comment_status":"open","ping_status":"open","sticky":true,"template":"","format":"standard","meta":{"footnotes":""},"categories":[2],"tags":[],"_links":{"self":[{"href":"https:\/\/utwstarachowice.pl\/index.php?rest_route=\/wp\/v2\/posts\/514"}],"collection":[{"href":"https:\/\/utwstarachowice.pl\/index.php?rest_route=\/wp\/v2\/posts"}],"about":[{"href":"https:\/\/utwstarachowice.pl\/index.php?rest_route=\/wp\/v2\/types\/post"}],"author":[{"embeddable":true,"href":"https:\/\/utwstarachowice.pl\/index.php?rest_route=\/wp\/v2\/users\/3"}],"replies":[{"embeddable":true,"href":"https:\/\/utwstarachowice.pl\/index.php?rest_route=%2Fwp%2Fv2%2Fcomments&post=514"}],"version-history":[{"count":0,"href":"https:\/\/utwstarachowice.pl\/index.php?rest_route=\/wp\/v2\/posts\/514\/revisions"}],"wp:attachment":[{"href":"https:\/\/utwstarachowice.pl\/index.php?rest_route=%2Fwp%2Fv2%2Fmedia&parent=514"}],"wp:term":[{"taxonomy":"category","embeddable":true,"href":"https:\/\/utwstarachowice.pl\/index.php?rest_route=%2Fwp%2Fv2%2Fcategories&post=514"},{"taxonomy":"post_tag","embeddable":true,"href":"https:\/\/utwstarachowice.pl\/index.php?rest_route=%2Fwp%2Fv2%2Ftags&post=514"}],"curies":[{"name":"wp","href":"https:\/\/api.w.org\/{rel}","templated":true}]}}