{"id":507,"date":"2019-10-09T19:41:43","date_gmt":"2019-10-09T17:41:43","guid":{"rendered":"https:\/\/utwstarachowice.pl\/2019\/10\/09\/rozpoczecie-roku-akademickiego-2019-2020\/"},"modified":"2019-10-09T19:41:43","modified_gmt":"2019-10-09T17:41:43","slug":"rozpoczecie-roku-akademickiego-2019-2020","status":"publish","type":"post","link":"https:\/\/utwstarachowice.pl\/?p=507","title":{"rendered":"Rozpocz\u0119cie roku akademickiego 2019\/2020"},"content":{"rendered":"<p>\u00a0<\/p>\n<p>07.10.br. w sali Olimpia Urz\u0119du Miejskiego\u00a0 w Starachowicach odby\u0142a si\u0119 uroczysta\u00a0 inauguracja\u00a0 nowego roku akademickiego Uniwersytetu Trzeciego Wieku.\u00a0 Podczas\u00a0 uroczysto\u015bci\u00a0 w\u0142adze uczelni wr\u0119czy\u0142y statuetki Przyjaciel\u00a0 UTW. Przypomniano tak\u017ce histori\u0119 powstania UTW, g\u0142os zabra\u0142a m.in.Jadwiga Cwalina-Krajewska, g\u0142\u00f3wna inicjatorka powstania\u00a0 UTW w Starachowicach.Odebrano te\u017c \u015blubowanie od nowoprzyj\u0119tych\u00a0 s\u0142uchaczy. Oficjalnie zaprezentowano nowy Zarz\u0105d\u00a0 UTW oraz dzia\u0142aj\u0105c\u0105 przy nim Rad\u0119 Naukow\u0105, kt\u00f3rej b\u0119dzie przewodzi\u0107 wicestarosta\u00a0 Dariusz D\u0105browski.<\/p>\n<p><img decoding=\"async\" class=\" size-full wp-image-503\" src=\"https:\/\/utwstarachowice.pl\/wp-content\/uploads\/2019\/10\/IMG_9359-scaled.jpg\" border=\"0\" width=\"512\" style=\"display: block; margin-left: auto; margin-right: auto;\" \/><\/p>\n<p><img decoding=\"async\" class=\" size-full wp-image-504\" src=\"https:\/\/utwstarachowice.pl\/wp-content\/uploads\/2019\/10\/IMG_9371-scaled.jpg\" border=\"0\" width=\"512\" style=\"display: block; margin-left: auto; margin-right: auto;\" \/><\/p>\n<p><img decoding=\"async\" class=\" size-full wp-image-505\" src=\"https:\/\/utwstarachowice.pl\/wp-content\/uploads\/2019\/10\/IMG_9408-scaled.jpg\" border=\"0\" width=\"512\" style=\"display: block; margin-left: auto; margin-right: auto;\" \/><\/p>\n<p>\u00a0<\/p>\n","protected":false},"excerpt":{"rendered":"<p>\u00a0 07.10.br. w sali Olimpia Urz\u0119du Miejskiego\u00a0 w Starachowicach odby\u0142a si\u0119 uroczysta\u00a0 inauguracja\u00a0 nowego roku akademickiego Uniwersytetu Trzeciego Wieku.\u00a0 Podczas\u00a0 &hellip;<\/p>\n","protected":false},"author":3,"featured_media":503,"comment_status":"open","ping_status":"open","sticky":true,"template":"","format":"standard","meta":{"footnotes":""},"categories":[2],"tags":[],"_links":{"self":[{"href":"https:\/\/utwstarachowice.pl\/index.php?rest_route=\/wp\/v2\/posts\/507"}],"collection":[{"href":"https:\/\/utwstarachowice.pl\/index.php?rest_route=\/wp\/v2\/posts"}],"about":[{"href":"https:\/\/utwstarachowice.pl\/index.php?rest_route=\/wp\/v2\/types\/post"}],"author":[{"embeddable":true,"href":"https:\/\/utwstarachowice.pl\/index.php?rest_route=\/wp\/v2\/users\/3"}],"replies":[{"embeddable":true,"href":"https:\/\/utwstarachowice.pl\/index.php?rest_route=%2Fwp%2Fv2%2Fcomments&post=507"}],"version-history":[{"count":0,"href":"https:\/\/utwstarachowice.pl\/index.php?rest_route=\/wp\/v2\/posts\/507\/revisions"}],"wp:featuredmedia":[{"embeddable":true,"href":"https:\/\/utwstarachowice.pl\/index.php?rest_route=\/"}],"wp:attachment":[{"href":"https:\/\/utwstarachowice.pl\/index.php?rest_route=%2Fwp%2Fv2%2Fmedia&parent=507"}],"wp:term":[{"taxonomy":"category","embeddable":true,"href":"https:\/\/utwstarachowice.pl\/index.php?rest_route=%2Fwp%2Fv2%2Fcategories&post=507"},{"taxonomy":"post_tag","embeddable":true,"href":"https:\/\/utwstarachowice.pl\/index.php?rest_route=%2Fwp%2Fv2%2Ftags&post=507"}],"curies":[{"name":"wp","href":"https:\/\/api.w.org\/{rel}","templated":true}]}}