{"id":5061,"date":"2025-03-21T10:54:12","date_gmt":"2025-03-21T09:54:12","guid":{"rendered":"https:\/\/utwstarachowice.pl\/?p=5061"},"modified":"2025-03-21T10:54:12","modified_gmt":"2025-03-21T09:54:12","slug":"wycieczka-do-wachocka-i-marcinkowa","status":"publish","type":"post","link":"https:\/\/utwstarachowice.pl\/?p=5061","title":{"rendered":"Wycieczka do W\u0105chocka i Marcinkowa."},"content":{"rendered":"\n<p>Uniwersytet Trzeciego Wieku w Starachowicach w dniu 24 kwietnia 2025 roku &#8211; czwartek w ramach projektu organizuje wyjazd <strong>edukacyjny do W\u0105chocka i Marcinkowa.<\/strong><\/p>\n\n\n\n<p><strong>Program<\/strong> <strong>wycieczki:<\/strong><\/p>\n\n\n\n<p>Zbi\u00f3rka uczestnik\u00f3w<strong> &#8211; <\/strong> przystanek MZK k. Galerii \u201eSKA\u0141KA\u201d w Starachowicach, Al. Armii<br>Krajowej godz. 8.20, odjazd 8.30; przejazd do W\u0105chocka. <\/p>\n\n\n\n<ol>\n<li>Spotkanie z Burmistrzem Miasta i Gminy W\u0105chock w Miejsko Gminnym O\u015brodka Kultury,<br>ul. Ko\u015bcielna 7.<\/li>\n\n\n\n<li>Zwiedzanie Muzeum im. ks. Walentego \u015alusarczyka w Opactwie Cysters\u00f3w w W\u0105chocku.<\/li>\n\n\n\n<li>Spacer z miejscowym przewodnikiem wzd\u0142u\u017c Zalewu w W\u0105chocku  do Kaplicy \u015bw. Rocha.<\/li>\n\n\n\n<li>Przejazd do Marcinkowa, do Zabytkowej Zagrody w Marcinkowie Nr 78 p.p.<br>Jaruszewicz\u00f3w.<\/li>\n<\/ol>\n\n\n\n<ul>\n<li>zwiedzanie i pieczenie kie\u0142basek przy ognisku ok. 2 godz.<br>Powr\u00f3t do Starachowic w godzinach popo\u0142udniowych<\/li>\n<\/ul>\n\n\n\n<p><strong>Zapraszamy<\/strong><\/p>\n\n\n\n<p>Zapisu do udzia\u0142u w wycieczce nale\u017cy dokona\u0107 osobi\u015bcie, w Siedzibie Uniwersytetu Trzeciego Wieku w Starachowicach do dnia &#8211; <strong>15 kwietnia 2025 r<\/strong>. w godzinach dy\u017cur\u00f3w <strong>od 10.00 \u2013 12.00.<\/strong><br><strong>Op\u0142ata 30 z\u0142. Ilo\u015b\u0107 miejsc \u2013 30.<\/strong><\/p>\n","protected":false},"excerpt":{"rendered":"<p>Uniwersytet Trzeciego Wieku w Starachowicach w dniu 24 kwietnia 2025 roku &#8211; czwartek w ramach projektu organizuje wyjazd edukacyjny do &hellip;<\/p>\n","protected":false},"author":3,"featured_media":0,"comment_status":"open","ping_status":"open","sticky":true,"template":"","format":"standard","meta":{"footnotes":""},"categories":[2],"tags":[],"_links":{"self":[{"href":"https:\/\/utwstarachowice.pl\/index.php?rest_route=\/wp\/v2\/posts\/5061"}],"collection":[{"href":"https:\/\/utwstarachowice.pl\/index.php?rest_route=\/wp\/v2\/posts"}],"about":[{"href":"https:\/\/utwstarachowice.pl\/index.php?rest_route=\/wp\/v2\/types\/post"}],"author":[{"embeddable":true,"href":"https:\/\/utwstarachowice.pl\/index.php?rest_route=\/wp\/v2\/users\/3"}],"replies":[{"embeddable":true,"href":"https:\/\/utwstarachowice.pl\/index.php?rest_route=%2Fwp%2Fv2%2Fcomments&post=5061"}],"version-history":[{"count":1,"href":"https:\/\/utwstarachowice.pl\/index.php?rest_route=\/wp\/v2\/posts\/5061\/revisions"}],"predecessor-version":[{"id":5062,"href":"https:\/\/utwstarachowice.pl\/index.php?rest_route=\/wp\/v2\/posts\/5061\/revisions\/5062"}],"wp:attachment":[{"href":"https:\/\/utwstarachowice.pl\/index.php?rest_route=%2Fwp%2Fv2%2Fmedia&parent=5061"}],"wp:term":[{"taxonomy":"category","embeddable":true,"href":"https:\/\/utwstarachowice.pl\/index.php?rest_route=%2Fwp%2Fv2%2Fcategories&post=5061"},{"taxonomy":"post_tag","embeddable":true,"href":"https:\/\/utwstarachowice.pl\/index.php?rest_route=%2Fwp%2Fv2%2Ftags&post=5061"}],"curies":[{"name":"wp","href":"https:\/\/api.w.org\/{rel}","templated":true}]}}