{"id":50,"date":"2015-10-01T18:34:01","date_gmt":"2015-10-01T16:34:01","guid":{"rendered":"https:\/\/utwstarachowice.pl\/2015\/10\/01\/renatan-2\/"},"modified":"2015-10-01T18:34:01","modified_gmt":"2015-10-01T16:34:01","slug":"renatan-2","status":"publish","type":"post","link":"https:\/\/utwstarachowice.pl\/?p=50","title":{"rendered":"INFORMACJE BIEZACE-PA\u0179DZIERNIK 2015R."},"content":{"rendered":"<p align=\"center\"><span style=\"font-family: arial,helvetica,sans-serif; font-size: small;\"><strong><span style=\"text-decoration: underline;\"><span style=\"color: #000000;\">INFORMACJE BIE\u017b\u0104CE <\/span><\/span><\/strong><\/span><\/p>\n<p align=\"center\"><span style=\"font-family: arial,helvetica,sans-serif; font-size: small;\"><strong><span style=\"text-decoration: underline;\"><span style=\"color: #000000;\">(Pa\u017adziernik 2015)<\/span><\/span><\/strong><\/span><\/p>\n<ul>\n<li>\n<p><span style=\"font-family: arial,helvetica,sans-serif; font-size: small;\"><strong>Zaj\u0119cia z psychologii i informatyki z p. Iz\u0105 Haczyk rozpoczn\u0105 si\u0119 od 2 listopada 2015 roku;<\/strong><\/span><\/p>\n<\/li>\n<li>\n<p><span style=\"font-family: arial,helvetica,sans-serif; font-size: small;\"><strong>Zaj\u0119cia z filozofii z p. Wand\u0105 Ko\u0142odziejczyk odwo\u0142ane w dniu 9 pa\u017adziernika 2015 roku;<\/strong><\/span><\/p>\n<\/li>\n<li>\n<p><span style=\"font-family: arial,helvetica,sans-serif; font-size: small;\"><strong>Op\u0142ata za wst\u0119p na basen zosta\u0142a podwy\u017cszona . Dlatego zmieni\u0142y si\u0119 op\u0142aty dla s\u0142uchaczy UTW: 8 z\u0142 za godzin\u0119 zaj\u0119\u0107 na basenie;<\/strong><\/span><\/p>\n<\/li>\n<li>\n<p><span style=\"font-family: arial,helvetica,sans-serif; font-size: small;\"><strong>Wszystkie odp\u0142atne zaj\u0119cia b\u0119d\u0105 dofinansowane przez UTW;<\/strong><\/span><\/p>\n<\/li>\n<li>\n<p><span style=\"font-family: arial,helvetica,sans-serif; font-size: small;\"><strong>Zaj\u0119cia odp\u0142atne nale\u017cy op\u0142aci\u0107 na pierwszych zaj\u0119ciach w miesi\u0105cu z g\u00f3ry;<\/strong><\/span><\/p>\n<\/li>\n<li>\n<p><span style=\"font-family: arial,helvetica,sans-serif; font-size: small;\"><strong>Wysoko\u015b\u0107 \u201eczesnego\u201d pozostaje bez zmian (40z\u0142 za sem.). Termin op\u0142aty za I sem. do ko\u0144ca X. 2015r., za drugi sem. do ko\u0144ca I 2016 r. Jednocze\u015bnie prosimy bardzo o dotrzymywanie termin\u00f3w wp\u0142at.<\/strong><\/span><\/p>\n<\/li>\n<li>\n<p><span style=\"font-family: arial,helvetica,sans-serif; font-size: small;\"><strong>19 pa\u017adziernika 2015 r. (pon.) p. Jadwiga-Halina Krajewska w ZSZ nr 3 o godz. 16.00 wyg\u0142osi wyk\u0142ad: \u201eTajemnicze w\u0142a\u015bciwo\u015bci wody\u201d. <\/strong><\/span><\/p>\n<\/li>\n<li>\n<p><span style=\"font-family: arial,helvetica,sans-serif; font-size: small;\"><strong>Przypominamy o spotkaniu integracyjnym, kt\u00f3re odb\u0119dzie si\u0119 3 X(jutro) o godz.15.00 pod wiat\u0105 przy krytej p\u0142ywalni na ul. Szkolnej. Kie\u0142baski zapewniamy. <\/strong><\/span><\/p>\n<p align=\"center\"><span style=\"font-family: arial,helvetica,sans-serif; font-size: small;\"><strong>ZAPRASZAMY !!!!!!!!!<\/strong><\/span><\/p>\n<\/li>\n<\/ul>\n","protected":false},"excerpt":{"rendered":"<p>INFORMACJE BIE\u017b\u0104CE (Pa\u017adziernik 2015) Zaj\u0119cia z psychologii i informatyki z p. Iz\u0105 Haczyk rozpoczn\u0105 si\u0119 od 2 listopada 2015 roku; &hellip;<\/p>\n","protected":false},"author":3,"featured_media":0,"comment_status":"open","ping_status":"open","sticky":true,"template":"","format":"standard","meta":{"footnotes":""},"categories":[1],"tags":[],"_links":{"self":[{"href":"https:\/\/utwstarachowice.pl\/index.php?rest_route=\/wp\/v2\/posts\/50"}],"collection":[{"href":"https:\/\/utwstarachowice.pl\/index.php?rest_route=\/wp\/v2\/posts"}],"about":[{"href":"https:\/\/utwstarachowice.pl\/index.php?rest_route=\/wp\/v2\/types\/post"}],"author":[{"embeddable":true,"href":"https:\/\/utwstarachowice.pl\/index.php?rest_route=\/wp\/v2\/users\/3"}],"replies":[{"embeddable":true,"href":"https:\/\/utwstarachowice.pl\/index.php?rest_route=%2Fwp%2Fv2%2Fcomments&post=50"}],"version-history":[{"count":0,"href":"https:\/\/utwstarachowice.pl\/index.php?rest_route=\/wp\/v2\/posts\/50\/revisions"}],"wp:attachment":[{"href":"https:\/\/utwstarachowice.pl\/index.php?rest_route=%2Fwp%2Fv2%2Fmedia&parent=50"}],"wp:term":[{"taxonomy":"category","embeddable":true,"href":"https:\/\/utwstarachowice.pl\/index.php?rest_route=%2Fwp%2Fv2%2Fcategories&post=50"},{"taxonomy":"post_tag","embeddable":true,"href":"https:\/\/utwstarachowice.pl\/index.php?rest_route=%2Fwp%2Fv2%2Ftags&post=50"}],"curies":[{"name":"wp","href":"https:\/\/api.w.org\/{rel}","templated":true}]}}