{"id":499,"date":"2019-10-01T20:05:26","date_gmt":"2019-10-01T18:05:26","guid":{"rendered":"https:\/\/utwstarachowice.pl\/2019\/10\/01\/tygodniuowy-rozklad-zajec-utw-w-roku-szkolnym-2019-2020\/"},"modified":"2019-10-01T20:05:26","modified_gmt":"2019-10-01T18:05:26","slug":"tygodniuowy-rozklad-zajec-utw-w-roku-szkolnym-2019-2020","status":"publish","type":"post","link":"https:\/\/utwstarachowice.pl\/?p=499","title":{"rendered":"TYGODNIOWY ROZK\u0141AD ZAJ\u0118\u0106 UTW W ROKU SZKOLNYM 2019\/2020"},"content":{"rendered":"<table style=\"width: 789px;\" border=\"1\" cellspacing=\"0\" cellpadding=\"0\">\n<tbody>\n<tr>\n<td width=\"55\">\n<p style=\"text-align: center;\" align=\"center\"><strong>Lp.<\/strong><\/p>\n<\/td>\n<td style=\"text-align: center;\" width=\"165\">\n<p align=\"center\"><strong>Rodzaj zaj\u0119\u0107<\/strong><\/p>\n<\/td>\n<td style=\"text-align: center;\" width=\"129\">\n<p align=\"center\"><strong>Termin \/ godz.<\/strong><\/p>\n<\/td>\n<td style=\"text-align: center;\" width=\"169\">\n<p align=\"center\"><strong>Miejsce zaj\u0119\u0107<\/strong><\/p>\n<\/td>\n<td style=\"text-align: center;\" width=\"160\">\n<p align=\"center\"><strong>prowadz\u0105cy<\/strong><\/p>\n<\/td>\n<td style=\"text-align: center;\" width=\"111\">\n<p align=\"center\"><strong>kontakt<\/strong><\/p>\n<\/td>\n<\/tr>\n<tr>\n<td width=\"55\">\n<div><strong>1.\u00a0\u00a0\u00a0\u00a0\u00a0 <\/strong><strong>\u00a0<\/strong><\/div>\n<\/td>\n<td width=\"165\">\n<p align=\"center\">Sekcja psychologiczna<\/p>\n<\/td>\n<td width=\"129\">\n<p align=\"center\">wtorek<\/p>\n<p align=\"center\">godz. 10<sup>00<\/sup><\/p>\n<p align=\"center\">\u015broda<\/p>\n<p align=\"center\">godz. 16<sup>30<\/sup><\/p>\n<\/td>\n<td width=\"169\">\n<p align=\"center\">sala 33<\/p>\n<\/td>\n<td width=\"160\">\n<p align=\"center\">Wanda Ko\u0142odziejczyk<\/p>\n<\/td>\n<td width=\"111\">\n<p align=\"center\">797844165<\/p>\n<\/td>\n<\/tr>\n<tr>\n<td width=\"55\">\n<div><strong>2.\u00a0\u00a0\u00a0\u00a0\u00a0 <\/strong><strong>\u00a0<\/strong><\/div>\n<\/td>\n<td width=\"165\">\n<p align=\"center\">Sekcja literacka<\/p>\n<\/td>\n<td width=\"129\">\n<p align=\"center\">pierwszy<\/p>\n<p align=\"center\">wtorek<\/p>\n<p align=\"center\">godz. 16<sup>00<\/sup><\/p>\n<\/td>\n<td width=\"169\">\n<p align=\"center\">sala 33<\/p>\n<\/td>\n<td width=\"160\">\n<p align=\"center\">Dorota Kie\u0142ek<\/p>\n<\/td>\n<td width=\"111\">\n<p align=\"center\">41 2743011<\/p>\n<\/td>\n<\/tr>\n<tr>\n<td width=\"55\">\n<div><strong>3.\u00a0\u00a0\u00a0\u00a0\u00a0 <\/strong><strong>\u00a0<\/strong><\/div>\n<\/td>\n<td width=\"165\">\n<p align=\"center\">Sekcja poetycka \u201eFeniks\u201d<\/p>\n<\/td>\n<td width=\"129\">\n<p align=\"center\">drugi czwartek<\/p>\n<p align=\"center\">godz. 15<sup>00<\/sup><\/p>\n<\/td>\n<td width=\"169\">\n<p align=\"center\">Biblioteka Pedagogiczna<\/p>\n<\/td>\n<td width=\"160\">\n<p align=\"center\">Lucjana El\u017cbieta Nowak<\/p>\n<\/td>\n<td width=\"111\">\n<p align=\"center\">5100423294<\/p>\n<\/td>\n<\/tr>\n<tr>\n<td width=\"55\">\n<div><strong>4.\u00a0\u00a0\u00a0\u00a0\u00a0 <\/strong><strong>\u00a0<\/strong><\/div>\n<\/td>\n<td width=\"165\">\n<p align=\"center\">Sekcja historyczna \/ historia sztuki<\/p>\n<\/td>\n<td width=\"129\">\n<p align=\"center\">drugi, czwarty wtorek<\/p>\n<p align=\"center\">godz. 15<sup>00<\/sup><\/p>\n<\/td>\n<td width=\"169\">\n<p align=\"center\">sala 33<\/p>\n<\/td>\n<td width=\"160\">\n<p align=\"center\">Agnieszka Malinowska<\/p>\n<\/td>\n<td width=\"111\">\n<p align=\"center\">603176809<\/p>\n<\/td>\n<\/tr>\n<tr>\n<td width=\"55\">\n<div><strong>5.\u00a0\u00a0\u00a0\u00a0\u00a0 <\/strong><strong>\u00a0<\/strong><\/div>\n<\/td>\n<td width=\"165\">\n<p align=\"center\">J\u0119zyk niemiecki<\/p>\n<\/td>\n<td width=\"129\">\n<p align=\"center\">poniedzia\u0142ek<\/p>\n<p align=\"center\">godz. 12<sup>00<\/sup><\/p>\n<p align=\"center\">(pocz\u0105tk.)<\/p>\n<p align=\"center\">\u015broda<\/p>\n<p align=\"center\">godz. 11<sup>00<\/sup><\/p>\n<p align=\"center\">(kont.)<\/p>\n<\/td>\n<td width=\"169\">\n<p align=\"center\">sala 33<\/p>\n<\/td>\n<td width=\"160\">\n<p align=\"center\">Jolanta \u0141odej<\/p>\n<\/td>\n<td width=\"111\">\n<p align=\"center\">604136047<\/p>\n<\/td>\n<\/tr>\n<tr>\n<td width=\"55\">\n<div><strong>6.\u00a0\u00a0\u00a0\u00a0\u00a0 <\/strong><strong>\u00a0<\/strong><\/div>\n<\/td>\n<td width=\"165\">\n<p align=\"center\">J\u0119zyk rosyjski<\/p>\n<\/td>\n<td width=\"129\">\n<p align=\"center\">\u015broda<\/p>\n<p align=\"center\">godz. 13<sup>00<\/sup><\/p>\n<\/td>\n<td width=\"169\">\n<p align=\"center\">sala 33<\/p>\n<\/td>\n<td width=\"160\">\n<p align=\"center\">Jadwiga Hamera<\/p>\n<\/td>\n<td width=\"111\">\n<p align=\"center\">696913462<\/p>\n<\/td>\n<\/tr>\n<tr>\n<td width=\"55\">\n<div><strong>7.\u00a0\u00a0\u00a0\u00a0\u00a0 <\/strong><strong>\u00a0<\/strong><\/div>\n<\/td>\n<td width=\"165\">\n<p align=\"center\">J\u0119zyk w\u0142oski<\/p>\n<\/td>\n<td width=\"129\">\n<p align=\"center\">czwartek<\/p>\n<p align=\"center\">godz. 9<sup>00<\/sup><\/p>\n<\/td>\n<td width=\"169\">\n<p align=\"center\">sala 32<\/p>\n<\/td>\n<td width=\"160\">\n<p align=\"center\">Agnieszka Iwon<\/p>\n<\/td>\n<td width=\"111\">\n<p align=\"center\">664494795<\/p>\n<\/td>\n<\/tr>\n<tr>\n<td width=\"55\">\n<div><strong>8.\u00a0\u00a0\u00a0\u00a0\u00a0 <\/strong><strong>\u00a0<\/strong><\/div>\n<\/td>\n<td width=\"165\">\n<p align=\"center\">Sekcja informatyczna<\/p>\n<\/td>\n<td width=\"129\">\n<p align=\"center\">poniedzia\u0142ek<\/p>\n<p align=\"center\">godz. 13<sup>30<\/sup><\/p>\n<\/td>\n<td width=\"169\">\n<p align=\"center\">sala 33<\/p>\n<\/td>\n<td width=\"160\">\n<p align=\"center\">Agnieszka Pachocka<\/p>\n<\/td>\n<td width=\"111\">\n<p align=\"center\">\u00a0<\/p>\n<\/td>\n<\/tr>\n<tr>\n<td width=\"55\">\n<div><strong>9.\u00a0\u00a0\u00a0\u00a0\u00a0 <\/strong><strong>\u00a0<\/strong><\/div>\n<\/td>\n<td width=\"165\">\n<p align=\"center\">Sekcja przyrodnicza<\/p>\n<\/td>\n<td width=\"129\">\n<p align=\"center\">pierwszy<\/p>\n<p align=\"center\">i trzeci<\/p>\n<p align=\"center\">czwartek<\/p>\n<p align=\"center\">godz. 11<sup>00<\/sup><\/p>\n<p align=\"center\">ostatni czwartek<\/p>\n<\/td>\n<td width=\"169\">\n<p align=\"center\">sala 33<\/p>\n<p align=\"center\">\u00a0<\/p>\n<p align=\"center\">\u00a0<\/p>\n<p align=\"center\">MPiT<\/p>\n<\/td>\n<td width=\"160\">\n<p align=\"center\">Krystyna Dutkiewicz<\/p>\n<p align=\"center\">\u00a0<\/p>\n<p align=\"center\">Justyna Sadza<\/p>\n<\/td>\n<td width=\"111\">\n<p align=\"center\">791705814<\/p>\n<\/td>\n<\/tr>\n<tr>\n<td width=\"55\">\n<div><strong>10.\u00a0\u00a0 <\/strong><strong>\u00a0<\/strong><\/div>\n<\/td>\n<td width=\"165\">\n<p align=\"center\">Sekcja Edukacji Obywatelskiej<\/p>\n<\/td>\n<td width=\"129\">\n<p align=\"center\">poniedzia\u0142ek<\/p>\n<p align=\"center\">godz. 10<sup>00<\/sup><\/p>\n<\/td>\n<td width=\"169\">\n<p align=\"center\">sala 33<\/p>\n<\/td>\n<td width=\"160\">\n<p align=\"center\">Jerzy Krawczyk<\/p>\n<\/td>\n<td width=\"111\">\n<p align=\"center\">602199268<\/p>\n<\/td>\n<\/tr>\n<tr>\n<td width=\"55\">\n<div><strong>11.\u00a0\u00a0 <\/strong><strong>\u00a0<\/strong><\/div>\n<\/td>\n<td width=\"165\">\n<p align=\"center\">Sekcja plastyczna<\/p>\n<\/td>\n<td width=\"129\">\n<p align=\"center\">\u015broda<\/p>\n<p align=\"center\">godz. 10<sup>00<\/sup><\/p>\n<\/td>\n<td width=\"169\">\n<p align=\"center\">Galeria Ska\u0142ka<\/p>\n<\/td>\n<td width=\"160\">\n<p align=\"center\">Anna Majer<\/p>\n<\/td>\n<td width=\"111\">\n<p align=\"center\">534637114<\/p>\n<\/td>\n<\/tr>\n<tr>\n<td width=\"55\">\n<div><strong>12.\u00a0\u00a0 <\/strong><strong>\u00a0<\/strong><\/div>\n<\/td>\n<td width=\"165\">\n<p align=\"center\">Sekcja fotograficzna<\/p>\n<\/td>\n<td width=\"129\">\n<p align=\"center\">czwartek<\/p>\n<p align=\"center\">godz. 11<sup>00<\/sup><\/p>\n<\/td>\n<td width=\"169\">\n<p align=\"center\">sala 32<\/p>\n<\/td>\n<td width=\"160\">\n<p align=\"center\">Katarzyna Gritzmann<\/p>\n<\/td>\n<td width=\"111\">\n<p align=\"center\">604900613<\/p>\n<\/td>\n<\/tr>\n<tr>\n<td width=\"55\">\n<div><strong>13.\u00a0\u00a0 <\/strong><strong>\u00a0<\/strong><\/div>\n<\/td>\n<td width=\"165\">\n<p align=\"center\">Sekcja geograficzna<\/p>\n<p align=\"center\">&#8211; geografia<\/p>\n<p>\u00a0<\/p>\n<p align=\"center\">&#8211; spacery edukacyjne<\/p>\n<\/td>\n<td width=\"129\">\n<p align=\"center\">pierwszy<\/p>\n<p align=\"center\">i czwarty czwartek<\/p>\n<p align=\"center\">godz. 16<sup>00<\/sup><\/p>\n<p align=\"center\">sobota<\/p>\n<p align=\"center\">godz. 10<sup>00<\/sup><\/p>\n<\/td>\n<td width=\"169\">\n<p align=\"center\">sala 33<\/p>\n<\/td>\n<td width=\"160\">\n<p align=\"center\">El\u017cbieta Durlej<\/p>\n<\/td>\n<td width=\"111\">\n<p align=\"center\">664679672<\/p>\n<\/td>\n<\/tr>\n<tr>\n<td width=\"55\">\n<div><strong>14.\u00a0\u00a0 <\/strong><strong>\u00a0<\/strong><\/div>\n<\/td>\n<td width=\"165\">\n<p align=\"center\">Aerobik na basenie<\/p>\n<\/td>\n<td width=\"129\">\n<p align=\"center\">pi\u0105tek<\/p>\n<p align=\"center\">godz. 10<sup>00<\/sup>, 11<sup>00<\/sup><\/p>\n<\/td>\n<td width=\"169\">\n<p align=\"center\">p\u0142ywalnia miejska<\/p>\n<\/td>\n<td width=\"160\">\n<p align=\"center\">Agata Musia\u0142owska<\/p>\n<\/td>\n<td width=\"111\">\n<p align=\"center\">\u00a0<\/p>\n<\/td>\n<\/tr>\n<tr>\n<td width=\"55\">\n<div><strong>15.\u00a0\u00a0 <\/strong><strong>\u00a0<\/strong><\/div>\n<\/td>\n<td width=\"165\">\n<p align=\"center\">Joga<\/p>\n<\/td>\n<td width=\"129\">\n<p align=\"center\">poniedzia\u0142ek<\/p>\n<p align=\"center\">godz. 8<sup>30<\/sup><\/p>\n<p align=\"center\">\u015broda<\/p>\n<p align=\"center\">godz. 9<sup>30<\/sup><\/p>\n<\/td>\n<td width=\"169\">\n<p align=\"center\">ul. Gliniana 10a<\/p>\n<\/td>\n<td width=\"160\">\n<p align=\"center\">Agata Musia\u0142owska<\/p>\n<\/td>\n<td width=\"111\">\n<p align=\"center\">\u00a0<\/p>\n<\/td>\n<\/tr>\n<tr>\n<td width=\"55\">\n<div><strong>16.\u00a0\u00a0 <\/strong><strong>\u00a0<\/strong><\/div>\n<\/td>\n<td width=\"165\">\n<p align=\"center\">Gimnastyka<\/p>\n<\/td>\n<td width=\"129\">\n<p align=\"center\">wtorek<\/p>\n<p align=\"center\">godz. 9<sup>00<\/sup>, 9<sup>45<\/sup><\/p>\n<p align=\"center\">czwartek<\/p>\n<p align=\"center\">godz. 9<sup>00<\/sup>, 9<sup>45<\/sup><\/p>\n<\/td>\n<td width=\"169\">\n<p align=\"center\">ul. Gliniana 10a<\/p>\n<\/td>\n<td width=\"160\">\n<p align=\"center\">B. Laszczyk<\/p>\n<\/td>\n<td width=\"111\">\n<p align=\"center\">\u00a0<\/p>\n<\/td>\n<\/tr>\n<tr>\n<td width=\"55\">\n<div><strong>17.\u00a0\u00a0 <\/strong><strong>\u00a0<\/strong><\/div>\n<\/td>\n<td width=\"165\">\n<p align=\"center\">Zesp\u00f3\u0142 wokalny Srebrne Nuty<\/p>\n<\/td>\n<td width=\"129\">\n<p align=\"center\">poniedzia\u0142ek<\/p>\n<p align=\"center\">godz. 16<sup>30<\/sup><\/p>\n<\/td>\n<td width=\"169\">\n<p align=\"center\">BM<\/p>\n<p align=\"center\">ul. Kochanowskiego<\/p>\n<p align=\"center\">\u00a0<\/p>\n<\/td>\n<td width=\"160\">\n<p align=\"center\">J. Kowalik<\/p>\n<\/td>\n<td width=\"111\">\n<p align=\"center\">534279094<\/p>\n<\/td>\n<\/tr>\n<tr>\n<td width=\"55\">\n<div><strong>18.\u00a0\u00a0 <\/strong><strong>\u00a0<\/strong><\/div>\n<\/td>\n<td width=\"165\">\n<p align=\"center\">Kabaret z R\u00f3\u017c\u0105<\/p>\n<\/td>\n<td width=\"129\">\n<p align=\"center\">wtorek<\/p>\n<p align=\"center\">godz. 12<sup>00<\/sup><\/p>\n<p align=\"center\">\u00a0<\/p>\n<p align=\"center\">czwartek<\/p>\n<p align=\"center\">godz. 12<sup>00<\/sup><\/p>\n<\/td>\n<td width=\"169\">\n<p align=\"center\">BM<\/p>\n<p align=\"center\">ul. Kochanowskiego<\/p>\n<\/td>\n<td width=\"160\">\n<p align=\"center\">Janusz Zakrzewski<\/p>\n<p align=\"center\">\u00a0<\/p>\n<p align=\"center\">\u00a0<\/p>\n<p align=\"center\">Zofia Skro\u0144ska<\/p>\n<\/td>\n<td width=\"111\">\n<p align=\"center\">667020283<\/p>\n<\/td>\n<\/tr>\n<tr>\n<td width=\"55\">\n<div><strong>19.\u00a0\u00a0 <\/strong><strong>\u00a0<\/strong><\/div>\n<\/td>\n<td width=\"165\">\n<p align=\"center\">Dyskusyjny Klub Filmowy<\/p>\n<\/td>\n<td width=\"129\">\n<p align=\"center\">pierwsza sobota<\/p>\n<p align=\"center\">godz. 16<sup>00<\/sup><\/p>\n<\/td>\n<td width=\"169\">\n<p align=\"center\">SCK<\/p>\n<\/td>\n<td width=\"160\">\n<p align=\"center\">Ewa Przygoda<\/p>\n<\/td>\n<td width=\"111\">\n<p align=\"center\">721030863<\/p>\n<\/td>\n<\/tr>\n<tr>\n<td style=\"text-align: center;\" width=\"55\">\n<div><strong>20.\u00a0\u00a0 <\/strong><strong>\u00a0<\/strong><\/div>\n<\/td>\n<td style=\"text-align: center;\" width=\"165\">\n<p align=\"center\">Dyskusyjny Klub Ksi\u0105\u017cki<\/p>\n<\/td>\n<td width=\"129\">\n<p style=\"text-align: center;\" align=\"center\">ostatni czwartek<\/p>\n<p align=\"center\">godz. 16<sup>00<\/sup><\/p>\n<\/td>\n<td width=\"169\">\n<p align=\"center\">BM<\/p>\n<p align=\"center\">ul. Kochanowskiego<\/p>\n<\/td>\n<td width=\"160\">\n<p align=\"center\">Jolanta Sopi\u0144ska<\/p>\n<\/td>\n<td width=\"111\">\u00a0<\/td>\n<\/tr>\n<\/tbody>\n<\/table>\n","protected":false},"excerpt":{"rendered":"<p>Lp. Rodzaj zaj\u0119\u0107 Termin \/ godz. Miejsce zaj\u0119\u0107 prowadz\u0105cy kontakt 1.\u00a0\u00a0\u00a0\u00a0\u00a0 \u00a0 Sekcja psychologiczna wtorek godz. 1000 \u015broda godz. 1630 &hellip;<\/p>\n","protected":false},"author":3,"featured_media":0,"comment_status":"open","ping_status":"open","sticky":true,"template":"","format":"standard","meta":{"footnotes":""},"categories":[2],"tags":[],"_links":{"self":[{"href":"https:\/\/utwstarachowice.pl\/index.php?rest_route=\/wp\/v2\/posts\/499"}],"collection":[{"href":"https:\/\/utwstarachowice.pl\/index.php?rest_route=\/wp\/v2\/posts"}],"about":[{"href":"https:\/\/utwstarachowice.pl\/index.php?rest_route=\/wp\/v2\/types\/post"}],"author":[{"embeddable":true,"href":"https:\/\/utwstarachowice.pl\/index.php?rest_route=\/wp\/v2\/users\/3"}],"replies":[{"embeddable":true,"href":"https:\/\/utwstarachowice.pl\/index.php?rest_route=%2Fwp%2Fv2%2Fcomments&post=499"}],"version-history":[{"count":0,"href":"https:\/\/utwstarachowice.pl\/index.php?rest_route=\/wp\/v2\/posts\/499\/revisions"}],"wp:attachment":[{"href":"https:\/\/utwstarachowice.pl\/index.php?rest_route=%2Fwp%2Fv2%2Fmedia&parent=499"}],"wp:term":[{"taxonomy":"category","embeddable":true,"href":"https:\/\/utwstarachowice.pl\/index.php?rest_route=%2Fwp%2Fv2%2Fcategories&post=499"},{"taxonomy":"post_tag","embeddable":true,"href":"https:\/\/utwstarachowice.pl\/index.php?rest_route=%2Fwp%2Fv2%2Ftags&post=499"}],"curies":[{"name":"wp","href":"https:\/\/api.w.org\/{rel}","templated":true}]}}