{"id":498,"date":"2019-09-26T20:23:28","date_gmt":"2019-09-26T18:23:28","guid":{"rendered":"https:\/\/utwstarachowice.pl\/2019\/09\/26\/zaproszenie-do-biblioteki\/"},"modified":"2019-09-26T20:23:28","modified_gmt":"2019-09-26T18:23:28","slug":"zaproszenie-do-biblioteki","status":"publish","type":"post","link":"https:\/\/utwstarachowice.pl\/?p=498","title":{"rendered":"Zaproszenie do biblioteki"},"content":{"rendered":"<p style=\"margin-bottom: 0cm;\">Przekazujemy informacje o dw\u00f3ch spotkaniach, na kt\u00f3re serdecznie zapraszamy.<\/p>\n<p style=\"margin-bottom: 0cm;\">Miejska Biblioteka Publiczna zaprasza na spotkanie z cyklu \u201eHistoryczne Czwartki w Bibliotece&#8221; \u2013 3 pa\u017adziernika o godz. 17 do Czytelni MBP przy ul. Kochanowskiego 5. Tematem wyk\u0142adu dr. Krzysztofa G\u0119bury b\u0119dzie \u201eLudno\u015b\u0107 Kres\u00f3w \u2013 jej \u015bwiadomo\u015b\u0107 narodowa&#8221;. Wst\u0119p wolny.<\/p>\n<p style=\"margin-bottom: 0cm;\">Wojew\u00f3dzka Biblioteka Publiczna w Kielcach oraz Miejska Biblioteka Publiczna w Starachowicach zapraszaj\u0105 na spotkanie autorskie z dziennikark\u0105 i reporterk\u0105 Justyn\u0105 Kopi\u0144sk\u0105 &#8211; 4 pa\u017adziernika 2019 r. o godz. 17 do Czytelni MBP przy ul. Kochanowskiego 5. Wst\u0119p wolny.<\/p>\n<p style=\"margin-bottom: 0cm;\"><em>Justyna Kopi\u0144ska zajmuje si\u0119 tematyk\u0105 kryminaln\u0105 zwi\u0105zan\u0105 z prawem karnym, s\u0105dami i wi\u0119ziennictwem. Jest autork\u0105 ksi\u0105\u017cek : \u201eCzy B\u00f3g wybaczy siostrze Bernadetcie?&#8221;, \u201ePolska odwraca oczy&#8221;, \u201eZ nienawi\u015bci do kobiet&#8221;, \u201eOb\u0142\u0119d&#8221;. <\/em><\/p>\n<p style=\"margin-bottom: 0cm;\">\u00a0<\/p>\n<p style=\"font-style: normal; margin-bottom: 0cm;\">\u00a0<\/p>\n<p style=\"font-style: normal; margin-bottom: 0cm;\">\u00a0<\/p>\n","protected":false},"excerpt":{"rendered":"<p>Przekazujemy informacje o dw\u00f3ch spotkaniach, na kt\u00f3re serdecznie zapraszamy. Miejska Biblioteka Publiczna zaprasza na spotkanie z cyklu \u201eHistoryczne Czwartki w &hellip;<\/p>\n","protected":false},"author":3,"featured_media":0,"comment_status":"open","ping_status":"open","sticky":true,"template":"","format":"standard","meta":{"footnotes":""},"categories":[1],"tags":[],"_links":{"self":[{"href":"https:\/\/utwstarachowice.pl\/index.php?rest_route=\/wp\/v2\/posts\/498"}],"collection":[{"href":"https:\/\/utwstarachowice.pl\/index.php?rest_route=\/wp\/v2\/posts"}],"about":[{"href":"https:\/\/utwstarachowice.pl\/index.php?rest_route=\/wp\/v2\/types\/post"}],"author":[{"embeddable":true,"href":"https:\/\/utwstarachowice.pl\/index.php?rest_route=\/wp\/v2\/users\/3"}],"replies":[{"embeddable":true,"href":"https:\/\/utwstarachowice.pl\/index.php?rest_route=%2Fwp%2Fv2%2Fcomments&post=498"}],"version-history":[{"count":0,"href":"https:\/\/utwstarachowice.pl\/index.php?rest_route=\/wp\/v2\/posts\/498\/revisions"}],"wp:attachment":[{"href":"https:\/\/utwstarachowice.pl\/index.php?rest_route=%2Fwp%2Fv2%2Fmedia&parent=498"}],"wp:term":[{"taxonomy":"category","embeddable":true,"href":"https:\/\/utwstarachowice.pl\/index.php?rest_route=%2Fwp%2Fv2%2Fcategories&post=498"},{"taxonomy":"post_tag","embeddable":true,"href":"https:\/\/utwstarachowice.pl\/index.php?rest_route=%2Fwp%2Fv2%2Ftags&post=498"}],"curies":[{"name":"wp","href":"https:\/\/api.w.org\/{rel}","templated":true}]}}