{"id":497,"date":"2019-09-24T18:20:16","date_gmt":"2019-09-24T16:20:16","guid":{"rendered":"https:\/\/utwstarachowice.pl\/2019\/09\/24\/nie-smiecimy-sprzatamy-zbieramy\/"},"modified":"2019-09-24T18:20:16","modified_gmt":"2019-09-24T16:20:16","slug":"nie-smiecimy-sprzatamy-zbieramy","status":"publish","type":"post","link":"https:\/\/utwstarachowice.pl\/?p=497","title":{"rendered":"Nie \u015bmiecimy &#8211; sprz\u0105tamy &#8211; zbieramy"},"content":{"rendered":"<p>W tegorocznej\u00a0 og\u00f3lnopolskiej akcji sprz\u0105tania \u015awiata pn. &#8222;Nie \u015bmiecimy &#8211; sprz\u0105tamy &#8211; zbieramy&#8221; \u00a0udzia\u0142 wzi\u0119\u0142o 19 s\u0142uchaczy UTW. Sprz\u0105tali\u015bmy teren wok\u00f3\u0142 zbiornika wodnego &#8222;Piachy&#8221;. Na zako\u0144czenie akcji zorganizowano ognisko i pieczenie kie\u0142basek. Sp\u0119dzili\u015bmy czas po\u017cytecznie dla \u015brodowiska w mi\u0142ej i weso\u0142ej atmosferze.<\/p>\n<p><img decoding=\"async\" class=\" size-full wp-image-494\" src=\"https:\/\/utwstarachowice.pl\/wp-content\/uploads\/2019\/09\/P1010072-scaled.jpg\" border=\"0\" width=\"512\" style=\"display: block; margin-left: auto; margin-right: auto; vertical-align: middle;\" \/><\/p>\n<p>\u00a0<\/p>\n<p><img decoding=\"async\" class=\" size-full wp-image-495\" src=\"https:\/\/utwstarachowice.pl\/wp-content\/uploads\/2019\/09\/P1010075-scaled.jpg\" border=\"0\" width=\"512\" style=\"vertical-align: middle; display: block; margin-left: auto; margin-right: auto;\" \/><\/p>\n<p>\u00a0<\/p>\n<p><img decoding=\"async\" class=\" size-full wp-image-496\" src=\"https:\/\/utwstarachowice.pl\/wp-content\/uploads\/2019\/09\/P1010078-scaled.jpg\" border=\"0\" width=\"512\" style=\"vertical-align: middle; display: block; margin-left: auto; margin-right: auto;\" \/><\/p>\n<p>\u00a0<\/p>\n","protected":false},"excerpt":{"rendered":"<p>W tegorocznej\u00a0 og\u00f3lnopolskiej akcji sprz\u0105tania \u015awiata pn. &#8222;Nie \u015bmiecimy &#8211; sprz\u0105tamy &#8211; zbieramy&#8221; \u00a0udzia\u0142 wzi\u0119\u0142o 19 s\u0142uchaczy UTW. Sprz\u0105tali\u015bmy teren &hellip;<\/p>\n","protected":false},"author":3,"featured_media":494,"comment_status":"open","ping_status":"open","sticky":true,"template":"","format":"standard","meta":{"footnotes":""},"categories":[2],"tags":[],"_links":{"self":[{"href":"https:\/\/utwstarachowice.pl\/index.php?rest_route=\/wp\/v2\/posts\/497"}],"collection":[{"href":"https:\/\/utwstarachowice.pl\/index.php?rest_route=\/wp\/v2\/posts"}],"about":[{"href":"https:\/\/utwstarachowice.pl\/index.php?rest_route=\/wp\/v2\/types\/post"}],"author":[{"embeddable":true,"href":"https:\/\/utwstarachowice.pl\/index.php?rest_route=\/wp\/v2\/users\/3"}],"replies":[{"embeddable":true,"href":"https:\/\/utwstarachowice.pl\/index.php?rest_route=%2Fwp%2Fv2%2Fcomments&post=497"}],"version-history":[{"count":0,"href":"https:\/\/utwstarachowice.pl\/index.php?rest_route=\/wp\/v2\/posts\/497\/revisions"}],"wp:featuredmedia":[{"embeddable":true,"href":"https:\/\/utwstarachowice.pl\/index.php?rest_route=\/"}],"wp:attachment":[{"href":"https:\/\/utwstarachowice.pl\/index.php?rest_route=%2Fwp%2Fv2%2Fmedia&parent=497"}],"wp:term":[{"taxonomy":"category","embeddable":true,"href":"https:\/\/utwstarachowice.pl\/index.php?rest_route=%2Fwp%2Fv2%2Fcategories&post=497"},{"taxonomy":"post_tag","embeddable":true,"href":"https:\/\/utwstarachowice.pl\/index.php?rest_route=%2Fwp%2Fv2%2Ftags&post=497"}],"curies":[{"name":"wp","href":"https:\/\/api.w.org\/{rel}","templated":true}]}}