{"id":49,"date":"2015-09-09T23:30:53","date_gmt":"2015-09-09T21:30:53","guid":{"rendered":"https:\/\/utwstarachowice.pl\/2015\/09\/09\/komunikaty\/"},"modified":"2015-09-09T23:30:53","modified_gmt":"2015-09-09T21:30:53","slug":"komunikaty","status":"publish","type":"post","link":"https:\/\/utwstarachowice.pl\/?p=49","title":{"rendered":"KOMUNIKATY"},"content":{"rendered":"<p align=\"center\"><strong><span style=\"text-decoration: underline;\"><span style=\"color: #000000;\">Komunikaty dla s\u0142uchaczy UTW<\/span><\/span><\/strong><\/p>\n<p align=\"center\"><strong><span style=\"text-decoration: underline;\"><span style=\"color: #000000;\">na pa\u017adziernik 2015<\/span><\/span><\/strong><\/p>\n<p><strong><span style=\"text-decoration: underline;\"><span style=\"color: #000000; font-family: Calibri;\">\u00a0<\/span><\/span><\/strong><\/p>\n<p><span style=\"color: #000000;\"><strong><span style=\"text-decoration: underline;\">02-10-1015 r. <\/span><\/strong><span style=\"text-decoration: underline;\">(pi\u0105tek)<\/span><\/span><\/p>\n<p><span style=\"color: #000000;\">Inauguracja roku akad. \u00a02015\/2016 o godz. <strong>16.00<\/strong> w Urz\u0119dzie Miasta w sali \u201eOlimpia\u201d.<\/span><\/p>\n<p><strong><span style=\"text-decoration: underline;\"><span style=\"color: #000000; font-family: Calibri;\">\u00a0<\/span><\/span><\/strong><\/p>\n<p><span style=\"color: #000000;\"><strong><span style=\"text-decoration: underline;\">03-10-1015 r.<\/span><\/strong><span style=\"text-decoration: underline;\"> (sobota) <\/span><\/span><\/p>\n<p><span style=\"color: #000000;\">Spotkanie integracyjne\u00a0 pod wiat\u0105 przy krytej p\u0142ywalni (ul. Szkolna) <strong>od godz. 15.00 do 19.00.<\/strong><\/span><\/p>\n<p><span style=\"text-decoration: underline;\"><span style=\"color: #000000;\">\u00a0<\/span><\/span><\/p>\n<p><span style=\"color: #000000;\"><strong><span style=\"text-decoration: underline;\">09-10-2015 r. <\/span><\/strong><span style=\"text-decoration: underline;\">(pi\u0105tek)<\/span><\/span><\/p>\n<p><span style=\"color: #000000; font-family: Calibri;\">Wycieczka do Warszawy (w programie zwiedzanie Stadionu Narodowego i wystawy \u201dPompeje\u201d). Wp\u0142ata 75 z\u0142 w biurze UTW do 21.IX.2015 r. <\/span><\/p>\n<p><span style=\"color: #000000; font-family: Calibri;\">\u00a0<\/span><\/p>\n<p><span style=\"color: #000000;\"><strong><span style=\"text-decoration: underline;\">16-10-2015 r.<\/span><\/strong><span style=\"text-decoration: underline;\"> (\u015broda<\/span><span style=\"text-decoration: underline;\"><span style=\"font-family: Calibri;\">)<\/span><\/span><\/span><\/p>\n<p><span style=\"color: #000000;\">I Starachowicki Dzie\u0144 Seniora:<\/span><\/p>\n<ul>\n<li>\n<p>zbi\u00f3rka cz\u0142onk\u00f3w UTW na parkingu przy krytej p\u0142ywalni przy ul. Szkolnej o godz.<strong><span style=\"text-decoration: underline;\">14.30<\/span><\/strong>, sk\u0105d rusza \u201eMARSZ KOLOROWYCH KAPELUSZY\u201d pod Urz\u0105d Miasta.<\/p>\n<p>Organizatorzy serdecznie zapraszaj\u0105 cz\u0142onk\u00f3w starachowickiego UTW do licznego oraz aktywnego wzi\u0119cia udzia\u0142u w uroczysto\u015bciach. Jednocze\u015bnie uczestnicy marszu bardzo proszeni s\u0105 o przygotowanie sobie ciekawych, barwnych nakry\u0107 g\u0142owy;<\/p>\n<\/li>\n<li>\n<p>w ramach I Starachowickiego Dnia Seniora odb\u0119dzie si\u0119 mi\u0119dzy innymi I Konferencja Senioralna w Urz\u0119dzie Miasta w sali \u201eOlimpia\u201d <strong><span style=\"text-decoration: underline;\">oko\u0142o godz. 16.00<\/span><\/strong>. Wiod\u0105cym tematem konferencji b\u0119dzie zdrowie, aktywno\u015b\u0107, bezpiecze\u0144stwo i jako\u015b\u0107 \u017cycia senior\u00f3w.<\/p>\n<p align=\"center\"><span style=\"text-decoration: underline;\">Organizatorzy konferencji gwarantuj\u0105 pocz\u0119stunek<\/span><\/p>\n<\/li>\n<\/ul>\n<p><strong>\u00a0\u00a0\u00a0\u00a0\u00a0\u00a0\u00a0\u00a0\u00a0\u00a0\u00a0\u00a0\u00a0\u00a0\u00a0 <\/strong><\/p>\n<p align=\"center\"><strong><span style=\"text-decoration: underline;\">Aktualny, szczeg\u00f3\u0142owy program obchod\u00f3w I STARACHOWICKIEGO DNIA SENIORA zostanie podany na prze\u0142omie wrze\u015bnia i pa\u017adziernika na blogu i stronie internetowej UTW w Starachowicach<\/span><\/strong><\/p>\n<p><strong><span style=\"text-decoration: underline;\"><span style=\"color: #000000;\">\u00a0<\/span><\/span><\/strong><\/p>\n<p align=\"center\"><strong><span style=\"text-decoration: underline;\"><span style=\"color: #000000;\">UWAGA<\/span><\/span><\/strong><\/p>\n<p align=\"center\"><strong><span style=\"color: #000000;\">Jest organizowany kurs nauki p\u0142ywania dla senior\u00f3w. Bli\u017csze informacje w biurze UTW.<\/span><\/strong><\/p>\n","protected":false},"excerpt":{"rendered":"<p>Komunikaty dla s\u0142uchaczy UTW na pa\u017adziernik 2015 \u00a0 02-10-1015 r. (pi\u0105tek) Inauguracja roku akad. \u00a02015\/2016 o godz. 16.00 w Urz\u0119dzie &hellip;<\/p>\n","protected":false},"author":3,"featured_media":0,"comment_status":"open","ping_status":"open","sticky":false,"template":"","format":"standard","meta":{"footnotes":""},"categories":[1],"tags":[],"_links":{"self":[{"href":"https:\/\/utwstarachowice.pl\/index.php?rest_route=\/wp\/v2\/posts\/49"}],"collection":[{"href":"https:\/\/utwstarachowice.pl\/index.php?rest_route=\/wp\/v2\/posts"}],"about":[{"href":"https:\/\/utwstarachowice.pl\/index.php?rest_route=\/wp\/v2\/types\/post"}],"author":[{"embeddable":true,"href":"https:\/\/utwstarachowice.pl\/index.php?rest_route=\/wp\/v2\/users\/3"}],"replies":[{"embeddable":true,"href":"https:\/\/utwstarachowice.pl\/index.php?rest_route=%2Fwp%2Fv2%2Fcomments&post=49"}],"version-history":[{"count":0,"href":"https:\/\/utwstarachowice.pl\/index.php?rest_route=\/wp\/v2\/posts\/49\/revisions"}],"wp:attachment":[{"href":"https:\/\/utwstarachowice.pl\/index.php?rest_route=%2Fwp%2Fv2%2Fmedia&parent=49"}],"wp:term":[{"taxonomy":"category","embeddable":true,"href":"https:\/\/utwstarachowice.pl\/index.php?rest_route=%2Fwp%2Fv2%2Fcategories&post=49"},{"taxonomy":"post_tag","embeddable":true,"href":"https:\/\/utwstarachowice.pl\/index.php?rest_route=%2Fwp%2Fv2%2Ftags&post=49"}],"curies":[{"name":"wp","href":"https:\/\/api.w.org\/{rel}","templated":true}]}}