{"id":489,"date":"2019-09-04T19:32:43","date_gmt":"2019-09-04T17:32:43","guid":{"rendered":"https:\/\/utwstarachowice.pl\/2019\/09\/04\/zegnaj-panie-profesorze\/"},"modified":"2019-09-04T19:32:43","modified_gmt":"2019-09-04T17:32:43","slug":"zegnaj-panie-profesorze","status":"publish","type":"post","link":"https:\/\/utwstarachowice.pl\/?p=489","title":{"rendered":"\u017begnaj Panie Profesorze"},"content":{"rendered":"<p><span style=\"font-size: medium;\">Ze smutkiem przyj\u0119li\u015bmy wiadomo\u015b\u0107 o \u015bmierci <strong>mgr<\/strong><strong> J\u00f3zefa Kowalskiego<\/strong>, d\u0142ugoletniego nauczyciela geografii w I LO (w naszym mie\u015bcie). <\/span><img loading=\"lazy\" decoding=\"async\" class=\" size-full wp-image-484\" src=\"https:\/\/utwstarachowice.pl\/wp-content\/uploads\/2019\/09\/DSCN7232-scaled.jpg\" border=\"0\" alt=\"\" width=\"3262\" height=\"2448\" style=\"width: 426px; height: 333px; margin-right: auto; margin-left: auto; display: block;\" \/><\/p>\n<p style=\"text-align: justify;\"><span style=\"font-size: medium;\">Przez kilka lat przekazywa\u0142 te\u017c wiedz\u0119 s\u0142uchaczom UTW. \u015awietny nauczyciel, zawsze starannie przygotowany &#8211; cz\u0142owiek z pasj\u0105. Znawca \u015awi\u0119tokrzyskiego &#8211; jego geografii, historii, przyrody, kultury.<\/span><\/p>\n<p style=\"text-align: justify;\"><span style=\"font-size: medium;\">Wycieczki dla s\u0142uchaczy przygotowywa\u0142 perfekcyjnie &#8211; rozdawa\u0142 mapki, materia\u0142y historyczne, opowiada\u0142 ciekawostki, ilustrowa\u0142 muzycznie.<\/span><\/p>\n<p><img loading=\"lazy\" decoding=\"async\" class=\" size-full wp-image-485\" src=\"https:\/\/utwstarachowice.pl\/wp-content\/uploads\/2019\/09\/IMG_1756-scaled.jpg\" border=\"0\" alt=\"\" width=\"4000\" height=\"2999\" style=\"width: 626px; height: 531px; margin-right: auto; margin-left: auto; display: block;\" \/><\/p>\n<p style=\"text-align: justify;\">\u00a0<\/p>\n<p style=\"text-align: justify;\"><span style=\"font-size: medium;\">By\u0142 \u017cywo zainteresowany rozwojem naszego regionu. Przedstawi\u0142 sw\u00f3j projekt tras rowerowych dla miasta i okolic wg zasady: dobro cz\u0142owieka w zgodzie ze \u015brodowiskiem naturalnym.<\/span><\/p>\n<p style=\"text-align: justify;\">\u00a0<\/p>\n<p><img loading=\"lazy\" decoding=\"async\" class=\" size-full wp-image-486\" src=\"https:\/\/utwstarachowice.pl\/wp-content\/uploads\/2019\/09\/IMG_1757-scaled.jpg\" border=\"0\" alt=\"\" width=\"3999\" height=\"2999\" style=\"width: 562px; height: 557px; margin-right: auto; margin-left: auto; display: block;\" \/><\/p>\n<p style=\"text-align: justify;\"><span style=\"font-size: medium;\">S\u0142uchacze UTW korzystali z us\u0142ug Jego biura turystycznego &#8211; wyje\u017cd\u017cali na turnusy wypoczynkowe w g\u00f3ry i nad morze. Wracali bardzo zadowoleni.<\/span><\/p>\n<p><img loading=\"lazy\" decoding=\"async\" class=\" size-full wp-image-487\" src=\"https:\/\/utwstarachowice.pl\/wp-content\/uploads\/2019\/09\/IMG_2166-scaled.jpg\" border=\"0\" alt=\"\" width=\"3997\" height=\"2997\" style=\"width: 630px; height: 447px; margin-right: auto; margin-left: auto; display: block;\" \/><\/p>\n<p style=\"text-align: justify;\">\u00a0<\/p>\n<p style=\"text-align: justify;\"><span style=\"font-size: medium;\">Odszed\u0142 ciep\u0142y, \u017cyczliwy ludziom, uczciwy cz\u0142owiek. Z wdzi\u0119czno\u015bci\u0105 zawsze b\u0119dziemy o Nim pami\u0119ta\u0107.<\/span><\/p>\n<p style=\"text-align: right;\"><img loading=\"lazy\" decoding=\"async\" class=\" size-full wp-image-488\" src=\"https:\/\/utwstarachowice.pl\/wp-content\/uploads\/2019\/09\/IMG_1758-scaled.jpg\" border=\"0\" alt=\"\" width=\"3997\" height=\"3000\" style=\"width: 608px; height: 581px; margin-right: auto; margin-left: auto; display: block;\" \/><span style=\"font-size: medium;\">Zarz\u0105d i s\u0142uchacze UTW.<\/span><\/p>\n<p style=\"text-align: center;\">\u00a0<\/p>\n<p style=\"text-align: center;\"><span style=\"font-size: medium;\">\u00a0<em><strong>Msza \u017ca\u0142obna odb\u0119dzie si\u0119 6.09 w ko\u015bciele \u015awi\u0119tej Tr\u00f3jcy o godzinie 14.00.<\/strong><\/em><\/span><\/p>\n","protected":false},"excerpt":{"rendered":"<p>Ze smutkiem przyj\u0119li\u015bmy wiadomo\u015b\u0107 o \u015bmierci mgr J\u00f3zefa Kowalskiego, d\u0142ugoletniego nauczyciela geografii w I LO (w naszym mie\u015bcie). Przez kilka &hellip;<\/p>\n","protected":false},"author":3,"featured_media":484,"comment_status":"open","ping_status":"open","sticky":true,"template":"","format":"standard","meta":{"footnotes":""},"categories":[2],"tags":[],"_links":{"self":[{"href":"https:\/\/utwstarachowice.pl\/index.php?rest_route=\/wp\/v2\/posts\/489"}],"collection":[{"href":"https:\/\/utwstarachowice.pl\/index.php?rest_route=\/wp\/v2\/posts"}],"about":[{"href":"https:\/\/utwstarachowice.pl\/index.php?rest_route=\/wp\/v2\/types\/post"}],"author":[{"embeddable":true,"href":"https:\/\/utwstarachowice.pl\/index.php?rest_route=\/wp\/v2\/users\/3"}],"replies":[{"embeddable":true,"href":"https:\/\/utwstarachowice.pl\/index.php?rest_route=%2Fwp%2Fv2%2Fcomments&post=489"}],"version-history":[{"count":0,"href":"https:\/\/utwstarachowice.pl\/index.php?rest_route=\/wp\/v2\/posts\/489\/revisions"}],"wp:featuredmedia":[{"embeddable":true,"href":"https:\/\/utwstarachowice.pl\/index.php?rest_route=\/"}],"wp:attachment":[{"href":"https:\/\/utwstarachowice.pl\/index.php?rest_route=%2Fwp%2Fv2%2Fmedia&parent=489"}],"wp:term":[{"taxonomy":"category","embeddable":true,"href":"https:\/\/utwstarachowice.pl\/index.php?rest_route=%2Fwp%2Fv2%2Fcategories&post=489"},{"taxonomy":"post_tag","embeddable":true,"href":"https:\/\/utwstarachowice.pl\/index.php?rest_route=%2Fwp%2Fv2%2Ftags&post=489"}],"curies":[{"name":"wp","href":"https:\/\/api.w.org\/{rel}","templated":true}]}}