{"id":480,"date":"2019-08-22T11:05:52","date_gmt":"2019-08-22T09:05:52","guid":{"rendered":"https:\/\/utwstarachowice.pl\/2019\/08\/22\/parada-seniorow-w-warszawie-2\/"},"modified":"2019-08-22T11:05:52","modified_gmt":"2019-08-22T09:05:52","slug":"parada-seniorow-w-warszawie-2","status":"publish","type":"post","link":"https:\/\/utwstarachowice.pl\/?p=480","title":{"rendered":"parada senior\u00f3w w Warszawie"},"content":{"rendered":"<p><span style=\"text-decoration: underline;\"><span style=\"color: #ff0000; font-size: x-large;\"><strong>PARADA SENIOR\u00d3W W WARSZAWIE.<\/strong><\/span><\/span><\/p>\n<p><span style=\"color: #000080;\"><strong><span style=\"font-size: medium;\">WYJAZD AUTOKARU Z UCZESTNIKAMI NA SENIORAD\u0118 24.O9. o GODZ.8.00 z parkingu przy ko\u015bciele (ul. Z\u0142ota).<\/span><\/strong><\/span><\/p>\n","protected":false},"excerpt":{"rendered":"<p>PARADA SENIOR\u00d3W W WARSZAWIE. WYJAZD AUTOKARU Z UCZESTNIKAMI NA SENIORAD\u0118 24.O9. o GODZ.8.00 z parkingu przy ko\u015bciele (ul. Z\u0142ota).<\/p>\n","protected":false},"author":3,"featured_media":0,"comment_status":"open","ping_status":"open","sticky":false,"template":"","format":"standard","meta":{"footnotes":""},"categories":[2],"tags":[],"_links":{"self":[{"href":"https:\/\/utwstarachowice.pl\/index.php?rest_route=\/wp\/v2\/posts\/480"}],"collection":[{"href":"https:\/\/utwstarachowice.pl\/index.php?rest_route=\/wp\/v2\/posts"}],"about":[{"href":"https:\/\/utwstarachowice.pl\/index.php?rest_route=\/wp\/v2\/types\/post"}],"author":[{"embeddable":true,"href":"https:\/\/utwstarachowice.pl\/index.php?rest_route=\/wp\/v2\/users\/3"}],"replies":[{"embeddable":true,"href":"https:\/\/utwstarachowice.pl\/index.php?rest_route=%2Fwp%2Fv2%2Fcomments&post=480"}],"version-history":[{"count":0,"href":"https:\/\/utwstarachowice.pl\/index.php?rest_route=\/wp\/v2\/posts\/480\/revisions"}],"wp:attachment":[{"href":"https:\/\/utwstarachowice.pl\/index.php?rest_route=%2Fwp%2Fv2%2Fmedia&parent=480"}],"wp:term":[{"taxonomy":"category","embeddable":true,"href":"https:\/\/utwstarachowice.pl\/index.php?rest_route=%2Fwp%2Fv2%2Fcategories&post=480"},{"taxonomy":"post_tag","embeddable":true,"href":"https:\/\/utwstarachowice.pl\/index.php?rest_route=%2Fwp%2Fv2%2Ftags&post=480"}],"curies":[{"name":"wp","href":"https:\/\/api.w.org\/{rel}","templated":true}]}}