{"id":4733,"date":"2025-01-16T18:52:16","date_gmt":"2025-01-16T17:52:16","guid":{"rendered":"https:\/\/utwstarachowice.pl\/?p=4733"},"modified":"2025-01-16T18:52:16","modified_gmt":"2025-01-16T17:52:16","slug":"specjalna-strefa-ekonomiczna-starachowice-sa-znaczenie-dla-naszego-miasta-i-regionu","status":"publish","type":"post","link":"https:\/\/utwstarachowice.pl\/?p=4733","title":{"rendered":"Specjalna Strefa Ekonomiczna &#8222;Starachowice&#8221; SA-znaczenie dla naszego miasta i regionu"},"content":{"rendered":"\n<p>13.01.2025 r. w ramach zaj\u0119\u0107 sekcji obywatelskiej UTW go\u015bcili\u015bmy cz\u0142onka Zarz\u0105du Starachowickiej Strefy Ekonomicznej Eligiusza Mich. Temat jego wyk\u0142adu: Specjalna Strefa Ekonomiczna &#8222;Starachowice&#8221; SA- znaczenie dla naszego miasta i regionu wzbudzi\u0142 w\u015br\u00f3d s\u0142uchaczy du\u017ce zainteresowanie.<\/p>\n\n\n\n<p>SSE &#8222;Starachowice&#8221; SA zosta\u0142a ustanowiona rozporz\u0105dzeniem Rady Ministr\u00f3w z dnia 9 wrze\u015bnia 1997r. z powodu zagro\u017cenia gospodarczego regionu. Funkcjonuje do 31 grudnia 2026r. Zajmuje \u0142\u0105cznie <a><\/a>powierzchni\u0119 707,9814 ha. Tereny strefy s\u0105 dobrze wyposa\u017cone w infrastruktur\u0119 techniczn\u0105. Oferowane inwestorom obejmuj\u0105 obszary zabudowane obiektami przemys\u0142owymi- budynki magazynowe, biurowe i hale produkcyjne. Na obszarze nale\u017c\u0105cym do strefy dzia\u0142aj\u0105 firmy m.in. Cersanit II, Man Bus, Cerrad Do strefy nale\u017c\u0105 zak\u0142ady z Kielc, Ostrowca \u015awi\u0119tokrzyskiego, Pu\u0142aw, Skar\u017cyska Kamiennej, Starachowic oraz gmin Bli\u017cyn, I\u0142u\u017ca, Ko\u0144skie, Mieszk\u00f3w, Morawica, Piekosz\u00f3w, Po\u0142aniec, Pu\u0142awy, S\u0119dzisz\u00f3w,Stasz\u00f3w,St\u0105pork\u00f3w, Suchedni\u00f3w, Szyd\u0142owiec i Tu\u0142owice.<\/p>\n\n\n\n<p>Specjalne strefy ekonomiczne to wyodr\u0119bnione obszary kraju, gdzie inwestorzy mog\u0105 prowadzi\u0107 biznes, uzyskuj\u0105c zwolnienie z podatku dochodowego. W 2024r. Starachowicka SSE wyda\u0142a 16 decyzji o wsparciu na oko\u0142o 700 milion\u00f3w z\u0142 inwestycji z Dyckerhoff Polska Sp. z.o.o jako najwi\u0119kszego inwestora. Kolejni przedsi\u0119biorcy ju\u017c wyrazili zainteresowanie na oferowane przez stref\u0119 udogodnienia dla rozwoju ich dzia\u0142alno\u015bci. Dzi\u0119ki SSE &#8222;Starachowice&#8221; nasze miasto podnios\u0142o si\u0119 z zapa\u015bci gospodarczej i ci\u0105gle si\u0119 rozwija.<\/p>\n\n\n\n<figure class=\"wp-block-gallery has-nested-images columns-default is-cropped wp-block-gallery-1 is-layout-flex wp-block-gallery-is-layout-flex\">\n<figure class=\"wp-block-image size-large\"><img loading=\"lazy\" decoding=\"async\" width=\"771\" height=\"1024\" data-id=\"4734\" src=\"https:\/\/utwstarachowice.pl\/wp-content\/uploads\/2025\/01\/IMG_20250113_123130-771x1024.jpg\" alt=\"\" class=\"wp-image-4734\" srcset=\"https:\/\/utwstarachowice.pl\/wp-content\/uploads\/2025\/01\/IMG_20250113_123130-771x1024.jpg 771w, https:\/\/utwstarachowice.pl\/wp-content\/uploads\/2025\/01\/IMG_20250113_123130-226x300.jpg 226w, https:\/\/utwstarachowice.pl\/wp-content\/uploads\/2025\/01\/IMG_20250113_123130-768x1020.jpg 768w, https:\/\/utwstarachowice.pl\/wp-content\/uploads\/2025\/01\/IMG_20250113_123130-1157x1536.jpg 1157w, https:\/\/utwstarachowice.pl\/wp-content\/uploads\/2025\/01\/IMG_20250113_123130-1542x2048.jpg 1542w, https:\/\/utwstarachowice.pl\/wp-content\/uploads\/2025\/01\/IMG_20250113_123130-scaled.jpg 1928w\" sizes=\"(max-width: 771px) 100vw, 771px\" \/><\/figure>\n<\/figure>\n\n\n\n<figure class=\"wp-block-gallery has-nested-images columns-default is-cropped wp-block-gallery-2 is-layout-flex wp-block-gallery-is-layout-flex\">\n<figure class=\"wp-block-image size-large\"><img loading=\"lazy\" decoding=\"async\" width=\"1024\" height=\"624\" data-id=\"4735\" src=\"https:\/\/utwstarachowice.pl\/wp-content\/uploads\/2025\/01\/IMG_20250113_110448-1024x624.jpg\" alt=\"\" class=\"wp-image-4735\" srcset=\"https:\/\/utwstarachowice.pl\/wp-content\/uploads\/2025\/01\/IMG_20250113_110448-1024x624.jpg 1024w, https:\/\/utwstarachowice.pl\/wp-content\/uploads\/2025\/01\/IMG_20250113_110448-300x183.jpg 300w, https:\/\/utwstarachowice.pl\/wp-content\/uploads\/2025\/01\/IMG_20250113_110448-768x468.jpg 768w, https:\/\/utwstarachowice.pl\/wp-content\/uploads\/2025\/01\/IMG_20250113_110448-1536x936.jpg 1536w, https:\/\/utwstarachowice.pl\/wp-content\/uploads\/2025\/01\/IMG_20250113_110448-2048x1248.jpg 2048w\" sizes=\"(max-width: 1024px) 100vw, 1024px\" \/><\/figure>\n<\/figure>\n\n\n\n<figure class=\"wp-block-gallery has-nested-images columns-default is-cropped wp-block-gallery-3 is-layout-flex wp-block-gallery-is-layout-flex\">\n<figure class=\"wp-block-image size-large\"><img loading=\"lazy\" decoding=\"async\" width=\"1024\" height=\"771\" data-id=\"4736\" src=\"https:\/\/utwstarachowice.pl\/wp-content\/uploads\/2025\/01\/IMG_20250113_110430-1024x771.jpg\" alt=\"\" class=\"wp-image-4736\" srcset=\"https:\/\/utwstarachowice.pl\/wp-content\/uploads\/2025\/01\/IMG_20250113_110430-1024x771.jpg 1024w, https:\/\/utwstarachowice.pl\/wp-content\/uploads\/2025\/01\/IMG_20250113_110430-300x226.jpg 300w, https:\/\/utwstarachowice.pl\/wp-content\/uploads\/2025\/01\/IMG_20250113_110430-768x578.jpg 768w, https:\/\/utwstarachowice.pl\/wp-content\/uploads\/2025\/01\/IMG_20250113_110430-1536x1157.jpg 1536w, https:\/\/utwstarachowice.pl\/wp-content\/uploads\/2025\/01\/IMG_20250113_110430-2048x1542.jpg 2048w\" sizes=\"(max-width: 1024px) 100vw, 1024px\" \/><\/figure>\n<\/figure>\n\n\n\n<figure class=\"wp-block-gallery has-nested-images columns-default is-cropped wp-block-gallery-4 is-layout-flex wp-block-gallery-is-layout-flex\">\n<figure class=\"wp-block-image size-large\"><img loading=\"lazy\" decoding=\"async\" width=\"1024\" height=\"771\" data-id=\"4737\" src=\"https:\/\/utwstarachowice.pl\/wp-content\/uploads\/2025\/01\/IMG_20250113_110834-1024x771.jpg\" alt=\"\" class=\"wp-image-4737\" srcset=\"https:\/\/utwstarachowice.pl\/wp-content\/uploads\/2025\/01\/IMG_20250113_110834-1024x771.jpg 1024w, https:\/\/utwstarachowice.pl\/wp-content\/uploads\/2025\/01\/IMG_20250113_110834-300x226.jpg 300w, https:\/\/utwstarachowice.pl\/wp-content\/uploads\/2025\/01\/IMG_20250113_110834-768x578.jpg 768w, https:\/\/utwstarachowice.pl\/wp-content\/uploads\/2025\/01\/IMG_20250113_110834-1536x1157.jpg 1536w, https:\/\/utwstarachowice.pl\/wp-content\/uploads\/2025\/01\/IMG_20250113_110834-2048x1542.jpg 2048w\" sizes=\"(max-width: 1024px) 100vw, 1024px\" \/><\/figure>\n<\/figure>\n\n\n\n<figure class=\"wp-block-gallery has-nested-images columns-default is-cropped wp-block-gallery-5 is-layout-flex wp-block-gallery-is-layout-flex\"><\/figure>\n","protected":false},"excerpt":{"rendered":"<p>13.01.2025 r. w ramach zaj\u0119\u0107 sekcji obywatelskiej UTW go\u015bcili\u015bmy cz\u0142onka Zarz\u0105du Starachowickiej Strefy Ekonomicznej Eligiusza Mich. Temat jego wyk\u0142adu: Specjalna &hellip;<\/p>\n","protected":false},"author":3,"featured_media":0,"comment_status":"open","ping_status":"open","sticky":true,"template":"","format":"standard","meta":{"footnotes":""},"categories":[2],"tags":[],"_links":{"self":[{"href":"https:\/\/utwstarachowice.pl\/index.php?rest_route=\/wp\/v2\/posts\/4733"}],"collection":[{"href":"https:\/\/utwstarachowice.pl\/index.php?rest_route=\/wp\/v2\/posts"}],"about":[{"href":"https:\/\/utwstarachowice.pl\/index.php?rest_route=\/wp\/v2\/types\/post"}],"author":[{"embeddable":true,"href":"https:\/\/utwstarachowice.pl\/index.php?rest_route=\/wp\/v2\/users\/3"}],"replies":[{"embeddable":true,"href":"https:\/\/utwstarachowice.pl\/index.php?rest_route=%2Fwp%2Fv2%2Fcomments&post=4733"}],"version-history":[{"count":1,"href":"https:\/\/utwstarachowice.pl\/index.php?rest_route=\/wp\/v2\/posts\/4733\/revisions"}],"predecessor-version":[{"id":4738,"href":"https:\/\/utwstarachowice.pl\/index.php?rest_route=\/wp\/v2\/posts\/4733\/revisions\/4738"}],"wp:attachment":[{"href":"https:\/\/utwstarachowice.pl\/index.php?rest_route=%2Fwp%2Fv2%2Fmedia&parent=4733"}],"wp:term":[{"taxonomy":"category","embeddable":true,"href":"https:\/\/utwstarachowice.pl\/index.php?rest_route=%2Fwp%2Fv2%2Fcategories&post=4733"},{"taxonomy":"post_tag","embeddable":true,"href":"https:\/\/utwstarachowice.pl\/index.php?rest_route=%2Fwp%2Fv2%2Ftags&post=4733"}],"curies":[{"name":"wp","href":"https:\/\/api.w.org\/{rel}","templated":true}]}}