{"id":473,"date":"2019-07-23T17:08:36","date_gmt":"2019-07-23T15:08:36","guid":{"rendered":"https:\/\/utwstarachowice.pl\/2019\/07\/23\/parada-seniorow\/"},"modified":"2019-07-23T17:08:36","modified_gmt":"2019-07-23T15:08:36","slug":"parada-seniorow","status":"publish","type":"post","link":"https:\/\/utwstarachowice.pl\/?p=473","title":{"rendered":"parada  senior\u00f3w"},"content":{"rendered":"<p>Parada\u00a0 Senior\u00f3w\u00a0 odb\u0119dzie si\u0119 24.08.2019 w Warszawie. Wyjazd autokaru ze\u00a0Starachowic\u00a0z parkingu\u00a0przy ko\u015bciele (ul. Z\u0142ota 1),planowany jest na godz. 8<sup>00<\/sup>, powr\u00f3t oko\u0142o 22<sup>00<\/sup>.<\/p>\n","protected":false},"excerpt":{"rendered":"<p>Parada\u00a0 Senior\u00f3w\u00a0 odb\u0119dzie si\u0119 24.08.2019 w Warszawie. Wyjazd autokaru ze\u00a0Starachowic\u00a0z parkingu\u00a0przy ko\u015bciele (ul. Z\u0142ota 1),planowany jest na godz. 800, powr\u00f3t &hellip;<\/p>\n","protected":false},"author":3,"featured_media":0,"comment_status":"open","ping_status":"open","sticky":true,"template":"","format":"standard","meta":{"footnotes":""},"categories":[2],"tags":[],"_links":{"self":[{"href":"https:\/\/utwstarachowice.pl\/index.php?rest_route=\/wp\/v2\/posts\/473"}],"collection":[{"href":"https:\/\/utwstarachowice.pl\/index.php?rest_route=\/wp\/v2\/posts"}],"about":[{"href":"https:\/\/utwstarachowice.pl\/index.php?rest_route=\/wp\/v2\/types\/post"}],"author":[{"embeddable":true,"href":"https:\/\/utwstarachowice.pl\/index.php?rest_route=\/wp\/v2\/users\/3"}],"replies":[{"embeddable":true,"href":"https:\/\/utwstarachowice.pl\/index.php?rest_route=%2Fwp%2Fv2%2Fcomments&post=473"}],"version-history":[{"count":0,"href":"https:\/\/utwstarachowice.pl\/index.php?rest_route=\/wp\/v2\/posts\/473\/revisions"}],"wp:attachment":[{"href":"https:\/\/utwstarachowice.pl\/index.php?rest_route=%2Fwp%2Fv2%2Fmedia&parent=473"}],"wp:term":[{"taxonomy":"category","embeddable":true,"href":"https:\/\/utwstarachowice.pl\/index.php?rest_route=%2Fwp%2Fv2%2Fcategories&post=473"},{"taxonomy":"post_tag","embeddable":true,"href":"https:\/\/utwstarachowice.pl\/index.php?rest_route=%2Fwp%2Fv2%2Ftags&post=473"}],"curies":[{"name":"wp","href":"https:\/\/api.w.org\/{rel}","templated":true}]}}