{"id":472,"date":"2019-07-10T18:04:58","date_gmt":"2019-07-10T16:04:58","guid":{"rendered":"https:\/\/utwstarachowice.pl\/2019\/07\/10\/ogolnopolska-parada-seniorow\/"},"modified":"2019-07-10T18:04:58","modified_gmt":"2019-07-10T16:04:58","slug":"ogolnopolska-parada-seniorow","status":"publish","type":"post","link":"https:\/\/utwstarachowice.pl\/?p=472","title":{"rendered":"Og\u00f3lnopolska Parada Senior\u00f3w"},"content":{"rendered":"<p>24 sierpnia organizowany jest wyjazd do Warszawy na Og\u00f3lnopolsk\u0105 Parad\u0119 Senior\u00f3w. Mamy zarezerwowane 30 miejsc. Prowadz\u0105cy poszczeg\u00f3lne sekcje wytypuj\u0105 do wyjazdu <span style=\"color: #008000;\">osoby szczeg\u00f3lnie zaanga\u017cowane w dzia\u0142alno\u015b\u0107 UTW.<\/span><\/p>\n<p style=\"text-align: right;\">\u00a0\u00a0\u00a0\u00a0\u00a0\u00a0\u00a0\u00a0\u00a0\u00a0\u00a0\u00a0\u00a0\u00a0\u00a0\u00a0\u00a0\u00a0\u00a0\u00a0\u00a0\u00a0\u00a0\u00a0\u00a0\u00a0\u00a0\u00a0\u00a0\u00a0\u00a0\u00a0\u00a0\u00a0\u00a0\u00a0\u00a0\u00a0\u00a0\u00a0\u00a0\u00a0\u00a0\u00a0\u00a0\u00a0\u00a0\u00a0\u00a0\u00a0\u00a0\u00a0\u00a0\u00a0\u00a0\u00a0\u00a0\u00a0\u00a0\u00a0\u00a0\u00a0\u00a0\u00a0\u00a0\u00a0\u00a0\u00a0\u00a0\u00a0\u00a0\u00a0\u00a0\u00a0\u00a0\u00a0\u00a0\u00a0\u00a0\u00a0\u00a0\u00a0\u00a0\u00a0\u00a0\u00a0\u00a0\u00a0\u00a0\u00a0\u00a0\u00a0\u00a0\u00a0\u00a0\u00a0\u00a0\u00a0\u00a0\u00a0\u00a0\u00a0\u00a0\u00a0\u00a0\u00a0\u00a0\u00a0\u00a0\u00a0\u00a0\u00a0\u00a0\u00a0\u00a0\u00a0\u00a0<em>\u00a0\u00a0~ Jadwiga Sar (Sekretarz UTW)<\/em><\/p>\n","protected":false},"excerpt":{"rendered":"<p>24 sierpnia organizowany jest wyjazd do Warszawy na Og\u00f3lnopolsk\u0105 Parad\u0119 Senior\u00f3w. Mamy zarezerwowane 30 miejsc. Prowadz\u0105cy poszczeg\u00f3lne sekcje wytypuj\u0105 do &hellip;<\/p>\n","protected":false},"author":3,"featured_media":0,"comment_status":"open","ping_status":"open","sticky":true,"template":"","format":"standard","meta":{"footnotes":""},"categories":[2],"tags":[],"_links":{"self":[{"href":"https:\/\/utwstarachowice.pl\/index.php?rest_route=\/wp\/v2\/posts\/472"}],"collection":[{"href":"https:\/\/utwstarachowice.pl\/index.php?rest_route=\/wp\/v2\/posts"}],"about":[{"href":"https:\/\/utwstarachowice.pl\/index.php?rest_route=\/wp\/v2\/types\/post"}],"author":[{"embeddable":true,"href":"https:\/\/utwstarachowice.pl\/index.php?rest_route=\/wp\/v2\/users\/3"}],"replies":[{"embeddable":true,"href":"https:\/\/utwstarachowice.pl\/index.php?rest_route=%2Fwp%2Fv2%2Fcomments&post=472"}],"version-history":[{"count":0,"href":"https:\/\/utwstarachowice.pl\/index.php?rest_route=\/wp\/v2\/posts\/472\/revisions"}],"wp:attachment":[{"href":"https:\/\/utwstarachowice.pl\/index.php?rest_route=%2Fwp%2Fv2%2Fmedia&parent=472"}],"wp:term":[{"taxonomy":"category","embeddable":true,"href":"https:\/\/utwstarachowice.pl\/index.php?rest_route=%2Fwp%2Fv2%2Fcategories&post=472"},{"taxonomy":"post_tag","embeddable":true,"href":"https:\/\/utwstarachowice.pl\/index.php?rest_route=%2Fwp%2Fv2%2Ftags&post=472"}],"curies":[{"name":"wp","href":"https:\/\/api.w.org\/{rel}","templated":true}]}}