{"id":4692,"date":"2025-01-16T18:09:23","date_gmt":"2025-01-16T17:09:23","guid":{"rendered":"https:\/\/utwstarachowice.pl\/?p=4692"},"modified":"2025-01-16T18:09:23","modified_gmt":"2025-01-16T17:09:23","slug":"zaproszenie-wieczor-koled","status":"publish","type":"post","link":"https:\/\/utwstarachowice.pl\/?p=4692","title":{"rendered":"Zaproszenie- Wiecz\u00f3r Kol\u0119d"},"content":{"rendered":"\n<p>Zapraszamy S\u0142uchaczy i Sympatyk\u00f3w UTW na &#8222;Wiecz\u00f3r kol\u0119d&#8221;, kt\u00f3ry odb\u0119dzie si\u0119 9 stycznia o godzinie 15.00 w Centrum Kreatywno\u015bci Pa\u0142acyk. Wiecz\u00f3r zako\u0144czymy spotkaniem przy herbatce i kawie. Mili go\u015bcie, je\u017celi nie smakuje Wam herbata bez owoc\u00f3w, a kawa bez ciasteczek, bardzo prosimy o zabranie ich ze sob\u0105 i po\u0142o\u017cenie na &#8222;szwedzkim stole&#8221; do wsp\u00f3lnej konsumpcji.<\/p>\n\n\n\n<p>Do mi\u0142ego zobaczenia.<\/p>\n","protected":false},"excerpt":{"rendered":"<p>Zapraszamy S\u0142uchaczy i Sympatyk\u00f3w UTW na &#8222;Wiecz\u00f3r kol\u0119d&#8221;, kt\u00f3ry odb\u0119dzie si\u0119 9 stycznia o godzinie 15.00 w Centrum Kreatywno\u015bci Pa\u0142acyk. &hellip;<\/p>\n","protected":false},"author":3,"featured_media":0,"comment_status":"open","ping_status":"open","sticky":true,"template":"","format":"standard","meta":{"footnotes":""},"categories":[2],"tags":[],"_links":{"self":[{"href":"https:\/\/utwstarachowice.pl\/index.php?rest_route=\/wp\/v2\/posts\/4692"}],"collection":[{"href":"https:\/\/utwstarachowice.pl\/index.php?rest_route=\/wp\/v2\/posts"}],"about":[{"href":"https:\/\/utwstarachowice.pl\/index.php?rest_route=\/wp\/v2\/types\/post"}],"author":[{"embeddable":true,"href":"https:\/\/utwstarachowice.pl\/index.php?rest_route=\/wp\/v2\/users\/3"}],"replies":[{"embeddable":true,"href":"https:\/\/utwstarachowice.pl\/index.php?rest_route=%2Fwp%2Fv2%2Fcomments&post=4692"}],"version-history":[{"count":1,"href":"https:\/\/utwstarachowice.pl\/index.php?rest_route=\/wp\/v2\/posts\/4692\/revisions"}],"predecessor-version":[{"id":4693,"href":"https:\/\/utwstarachowice.pl\/index.php?rest_route=\/wp\/v2\/posts\/4692\/revisions\/4693"}],"wp:attachment":[{"href":"https:\/\/utwstarachowice.pl\/index.php?rest_route=%2Fwp%2Fv2%2Fmedia&parent=4692"}],"wp:term":[{"taxonomy":"category","embeddable":true,"href":"https:\/\/utwstarachowice.pl\/index.php?rest_route=%2Fwp%2Fv2%2Fcategories&post=4692"},{"taxonomy":"post_tag","embeddable":true,"href":"https:\/\/utwstarachowice.pl\/index.php?rest_route=%2Fwp%2Fv2%2Ftags&post=4692"}],"curies":[{"name":"wp","href":"https:\/\/api.w.org\/{rel}","templated":true}]}}