{"id":467,"date":"2019-01-31T20:09:37","date_gmt":"2019-01-31T19:09:37","guid":{"rendered":"https:\/\/utwstarachowice.pl\/2019\/01\/31\/luty-komunikaty-dla-sluchaczy\/"},"modified":"2019-01-31T20:09:37","modified_gmt":"2019-01-31T19:09:37","slug":"luty-komunikaty-dla-sluchaczy","status":"publish","type":"post","link":"https:\/\/utwstarachowice.pl\/?p=467","title":{"rendered":"LUTY 2019 &#8211; KOMUNIKATY DLA S\u0141UCHACZY &#8230;&#8230;."},"content":{"rendered":"<p style=\"margin-bottom: 0cm;\" lang=\"pl-PL\" align=\"CENTER\"><span style=\"color: #000000;\"><span style=\"font-family: Arial, sans-serif;\"><span style=\"font-size: x-large;\"><span style=\"text-decoration: underline;\"><strong>Komunikaty dla s\u0142uchaczy UTW &#8211; LUTY 2019r.<\/strong><\/span><\/span><\/span><\/span><\/p>\n<p style=\"margin-bottom: 0cm; line-height: 0.18cm;\" lang=\"pl-PL\" align=\"JUSTIFY\"><strong><span style=\"color: #000000; font-size: small;\"><span style=\"font-family: Arial, sans-serif;\"><span style=\"text-decoration: underline;\">04-02-2019 r. (poniedzia\u0142ek)<\/span><\/span><\/span><\/strong><\/p>\n<p style=\"margin-bottom: 0cm; line-height: 0.18cm;\" lang=\"pl-PL\" align=\"JUSTIFY\"><strong><span style=\"color: #000000; font-size: small;\"><span style=\"font-family: Arial, sans-serif;\">Wyk\u0142ad w DDP \u201eSENIOR-Wigor\u201d w galerii \u201eSka\u0142ka\u201d na I pi\u0119trze o godz 16.15. Jacek<\/span><\/span><\/strong><\/p>\n<p style=\"margin-bottom: 0cm; line-height: 0.18cm;\" lang=\"pl-PL\" align=\"JUSTIFY\"><strong><span style=\"color: #000000; font-size: small;\"><span style=\"font-family: Arial, sans-serif;\"> \u0141api\u0144ski opowie o tym, \u017ce rozw\u00f3j osobisty jest mo\u017cliwy w ka\u017cdym wieku. (Wyk\u0142adowca<\/span><\/span><\/strong><\/p>\n<p style=\"margin-bottom: 0cm; line-height: 0.18cm;\" lang=\"pl-PL\" align=\"JUSTIFY\"><strong><span style=\"color: #000000; font-size: small;\"><span style=\"font-family: Arial, sans-serif;\"> znany nam jest ze spotkania w Starachowickim Centrum Kultury podczas Gali 10-lecia<\/span><\/span><\/strong><\/p>\n<p style=\"margin-bottom: 0cm; line-height: 0.18cm;\" lang=\"pl-PL\" align=\"JUSTIFY\"><strong><span style=\"color: #000000; font-size: small;\"><span style=\"font-family: Arial, sans-serif;\"> UTW w Starachowicach). <\/span><\/span><\/strong><\/p>\n<p style=\"margin-bottom: 0cm; line-height: 0.18cm;\" lang=\"pl-PL\" align=\"JUSTIFY\"><strong><span style=\"color: #000000; font-size: small;\"><span style=\"font-family: Arial, sans-serif;\"><span style=\"text-decoration: underline;\">04-02-2019 r., 11.02.2019 r., 18.02.2019r., 25.02.2019r. (poniedzia\u0142ek)<\/span><\/span><\/span><\/strong><\/p>\n<p style=\"margin-bottom: 0cm; line-height: 0.18cm;\" lang=\"pl-PL\" align=\"JUSTIFY\"><strong><span style=\"color: #000000; font-size: small;\"><span style=\"font-family: Calibri, serif;\"><span style=\"font-family: Arial, sans-serif;\">Spotkania, na kt\u00f3re zaprasza ch\u0119tnych s\u0142uchaczy UTW Sekcja Edukacji Obywatelskiej<\/span><\/span><\/span><\/strong><\/p>\n<p style=\"margin-bottom: 0cm; line-height: 0.18cm;\" lang=\"pl-PL\" align=\"JUSTIFY\"><strong><span style=\"color: #000000; font-size: small;\"><span style=\"font-family: Calibri, serif;\"><span style=\"font-family: Arial, sans-serif;\"> do siedziby ZDZ-u przy ul. Wojska Polskiego. W tych dniach zaplanowane zosta\u0142y<\/span><\/span><\/span><\/strong><\/p>\n<p style=\"margin-bottom: 0cm; line-height: 0.18cm;\" lang=\"pl-PL\" align=\"JUSTIFY\"><strong><span style=\"color: #000000; font-size: small;\"><span style=\"font-family: Calibri, serif;\"><span style=\"font-family: Arial, sans-serif;\"> prelekcje na nast\u0119puj\u0105ce tematy: u<\/span><span style=\"font-family: Arial, sans-serif;\">mowy zawierane na odleg\u0142o\u015b\u0107, r\u0119kojmie oraz <\/span><\/span><\/span><\/strong><\/p>\n<p style=\"margin-bottom: 0cm; line-height: 0.18cm;\" lang=\"pl-PL\" align=\"JUSTIFY\"><strong><span style=\"color: #000000; font-size: small;\"><span style=\"font-family: Calibri, serif;\"><span style=\"font-family: Arial, sans-serif;\">gwarancje, a tak\u017ce sk\u0142adanie zezna\u0144 podatkowych za rok 2018. Zaproszeni s\u0105 r\u00f3wnie\u017c<\/span><\/span><\/span><\/strong><\/p>\n<p style=\"margin-bottom: 0cm; line-height: 0.18cm;\" lang=\"pl-PL\" align=\"JUSTIFY\"><strong><span style=\"color: #000000; font-size: small;\"><span style=\"font-family: Calibri, serif;\"><span style=\"font-family: Arial, sans-serif;\"> do rozmowy z naszymi s\u0142uchaczami: pracownik Nadle\u015bnictwa Starachowice oraz radna <\/span><\/span><\/span><\/strong><\/p>\n<p style=\"margin-bottom: 0cm; line-height: 0.18cm;\" lang=\"pl-PL\" align=\"JUSTIFY\"><strong><span style=\"color: #000000; font-size: small;\"><span style=\"font-family: Calibri, serif;\"><span style=\"font-family: Arial, sans-serif;\">Rady Miasta.<\/span><\/span><\/span><\/strong><\/p>\n<p style=\"margin-bottom: 0cm; line-height: 0.18cm;\" lang=\"pl-PL\" align=\"JUSTIFY\"><strong><span style=\"color: #000000; font-size: small;\"><span style=\"font-family: Arial, sans-serif;\"><span style=\"text-decoration: underline;\">06-02-2019 r. (\u015broda) i 09-02-2019 r. (sobota)<\/span><\/span><\/span><\/strong><\/p>\n<p style=\"margin-bottom: 0cm; line-height: 0.18cm;\" lang=\"pl-PL\" align=\"JUSTIFY\"><strong><span style=\"color: #000000; font-size: small;\"><span style=\"font-family: Arial, sans-serif;\">W\u0119dr\u00f3wka Starachowice-Radkowice. Spotkanie na przystanku autobusowym przy<\/span><\/span><\/strong><\/p>\n<p style=\"margin-bottom: 0cm; line-height: 0.18cm;\" lang=\"pl-PL\" align=\"JUSTIFY\"><strong><span style=\"color: #000000; font-size: small;\"><span style=\"font-family: Arial, sans-serif;\">\u201eBISTRO\u201d w \u015brod\u0119 o godz. 9.45, a w sobot\u0119 o godz.9.20. Przejazd autobusem nr 5 do <\/span><\/span><\/strong><\/p>\n<p style=\"margin-bottom: 0cm; line-height: 0.18cm;\" lang=\"pl-PL\" align=\"JUSTIFY\"><strong><span style=\"color: #000000; font-size: small;\"><span style=\"font-family: Arial, sans-serif;\">Micha\u0142owa.<\/span><\/span><\/strong><\/p>\n<p style=\"margin-bottom: 0cm; line-height: 0.18cm;\" lang=\"pl-PL\" align=\"JUSTIFY\"><strong><span style=\"color: #000000; font-size: small;\"><span style=\"font-family: Arial, sans-serif;\"><span style=\"text-decoration: underline;\">09-02-2019 r. (sobota)<\/span><\/span><\/span><\/strong><\/p>\n<p style=\"margin-bottom: 0cm; line-height: 0.18cm;\" lang=\"pl-PL\" align=\"JUSTIFY\"><strong><span style=\"font-size: small;\"><span style=\"color: #000000;\"><span style=\"font-family: Arial, sans-serif;\">Koszyczkowa zabawa karnawa\u0142owa planowana jest w <\/span><\/span><\/span><span style=\"color: #000000; font-size: small;\"><span style=\"font-family: Arial, sans-serif;\">Starachowickiej Sp\u00f3\u0142dzielni<\/span><\/span><\/strong><\/p>\n<p style=\"margin-bottom: 0cm; line-height: 0.18cm;\" lang=\"pl-PL\" align=\"JUSTIFY\"><strong><span style=\"color: #000000; font-size: small;\"><span style=\"font-family: Arial, sans-serif;\"> Mieszkaniowej (ul.Wojska Polskiego) wgodz.16.00-21.00. Zapewniamy muzyk\u0119, zastaw\u0119 <\/span><\/span><\/strong><\/p>\n<p style=\"margin-bottom: 0cm; line-height: 0.18cm;\" lang=\"pl-PL\" align=\"JUSTIFY\"><strong><span style=\"color: #000000; font-size: small;\"><span style=\"font-family: Arial, sans-serif;\">sto\u0142ow\u0105, wod\u0119 mineraln\u0105, kaw\u0119 i herbat\u0119. Zapisy oraz op\u0142aty (20,-z\u0142 od osoby) w biurze<\/span><\/span><\/strong><\/p>\n<p style=\"margin-bottom: 0cm;\" lang=\"pl-PL\" align=\"LEFT\"><strong><span style=\"color: #000000; font-size: small;\"><span style=\"font-family: Arial, sans-serif;\"> UTW w czasie dy\u017cur\u00f3w (poniedzia\u0142ek, \u015broda, pi\u0105tek 10.00-12.00)<\/span><\/span><\/strong><\/p>\n<p style=\"margin-bottom: 0cm;\" lang=\"pl-PL\" align=\"LEFT\"><strong><span style=\"font-size: small;\"><span style=\"color: #000000;\"><span style=\"font-family: Arial, sans-serif;\"><span style=\"text-decoration: underline;\">18-02-2019 r.<\/span><span style=\"text-decoration: underline;\"> (poniedzia\u0142ek)<\/span><\/span><\/span><\/span><\/strong><\/p>\n<p style=\"margin-bottom: 0cm; line-height: 0.18cm;\" lang=\"pl-PL\" align=\"JUSTIFY\"><strong><span style=\"color: #000000; font-size: small;\"><span style=\"font-family: Arial, sans-serif;\">Wyjazd do Solca na baseny siarczkowe. Zbi\u00f3rka o godz. 7.00 na przystanku <\/span><\/span><\/strong><\/p>\n<p style=\"margin-bottom: 0cm; line-height: 0.18cm;\" lang=\"pl-PL\" align=\"JUSTIFY\"><strong><span style=\"color: #000000; font-size: small;\"><span style=\"font-family: Arial, sans-serif;\">autobusowym przy galerii \u201eSka\u0142ka\u201d. Zapisy i op\u0142aty tradycyjnie u Haliny Sidor we wtorki<\/span><\/span><\/strong><\/p>\n<p style=\"margin-bottom: 0cm; line-height: 0.18cm;\" lang=\"pl-PL\" align=\"JUSTIFY\"><strong><span style=\"color: #000000; font-size: small;\"><span style=\"font-family: Arial, sans-serif;\">w kawiarence internetowej w galerii \u201eSka\u0142ka\u201d do 12.02.2019r.w godz. 12.00-14.00.<\/span><\/span><\/strong><\/p>\n<p style=\"margin-bottom: 0cm;\"><strong><span style=\"color: #000000; font-size: small;\"><span style=\"font-family: Arial, sans-serif;\"><span style=\"text-decoration: underline;\">19.02-2019 r. (wtorek)<\/span><\/span><\/span><\/strong><\/p>\n<p style=\"margin-bottom: 0cm; line-height: 0.18cm;\" lang=\"pl-PL\" align=\"JUSTIFY\"><strong><span style=\"color: #000000; font-size: small;\"><span style=\"font-family: Arial, sans-serif;\">Wyk\u0142ad A. Malinwskiej pt.: \u201ePolskie malarki okresu 20-lecia mi\u0119dzywojennego\u201d, dla <\/span><\/span><\/strong><\/p>\n<p style=\"margin-bottom: 0cm; line-height: 0.18cm;\" lang=\"pl-PL\" align=\"JUSTIFY\"><strong><span style=\"color: #000000; font-size: small;\"><span style=\"font-family: Arial, sans-serif;\">wszystkich ch\u0119tnych s\u0142uchaczy UTW w DDP \u201eSenior-Wigor\u201d w galerii \u201eSka\u0142ka\u201d (I pi\u0119tro) <\/span><\/span><\/strong><\/p>\n<p style=\"margin-bottom: 0cm; line-height: 0.18cm;\" lang=\"pl-PL\" align=\"JUSTIFY\"><strong><span style=\"color: #000000; font-size: small;\"><span style=\"font-family: Arial, sans-serif;\">o godz.16.15. <\/span><\/span><\/strong><\/p>\n<p style=\"margin-bottom: 0cm; line-height: 0.18cm;\" lang=\"pl-PL\" align=\"JUSTIFY\"><strong><span style=\"color: #000000; font-size: small;\"><span style=\"font-family: Arial, sans-serif;\"><span style=\"text-decoration: underline;\">20.02- 2019r. (\u015broda) i 23-02-2019 r. (sobota)<\/span><\/span><\/span><\/strong><\/p>\n<p style=\"margin-bottom: 0cm; line-height: 0.18cm;\" align=\"JUSTIFY\"><strong><span style=\"color: #000000; font-size: small;\"><span style=\"font-family: Arial, sans-serif;\">Spacer wok\u00f3\u0142 Lubianki. <\/span><span style=\"font-family: Arial, sans-serif;\">Spotkanie na przystanku przy \u201e\u0412ISTRO\u201d w \u015brod\u0119 o godz. 9.50, <\/span><\/span><\/strong><\/p>\n<p style=\"margin-bottom: 0cm; line-height: 0.18cm;\" align=\"JUSTIFY\"><strong><span style=\"color: #000000; font-size: small;\"><span style=\"font-family: Arial, sans-serif;\">za\u015b w sobot\u0119 o godz.10.10. Przejazd autobusem linii \u201eN\u201d na ul. Po\u0142udniow\u0105.<\/span><\/span><\/strong><\/p>\n<p style=\"margin-bottom: 0cm; line-height: 0.18cm; text-align: center;\" lang=\"pl-PL\" align=\"JUSTIFY\"><strong><span style=\"color: #000000; font-size: small;\"> <span style=\"font-family: Arial, sans-serif;\">UWAGA !!!!<\/span><\/span><\/strong><\/p>\n<ul>\n<li><strong><span style=\"color: #000000; font-size: small;\"><span style=\"font-family: Arial, sans-serif;\">Koszyczkowa zabawa ostatkowa, po\u0142\u0105czona z obchodami Dnia Kobiet, planowana jest w Starachowickiej Sp\u00f3\u0142dzielni Mieszkaniowej (ul. Wojska Polskiego) 05.III.2019r. (wtorek) w godz.: 16.00-21.00. Zapewniamy muzyk\u0119, zastaw\u0119 sto\u0142ow\u0105, wod\u0119 mineraln\u0105, kaw\u0119 i herbat\u0119. Kabaret \u201eZ R\u00f3\u017c\u0105\u201d przygotuje na t\u0119 okazj\u0119 nowy repertuar. Zapisy oraz op\u0142aty (20,-z\u0142 od os.) w biurze UTW w czasie dy\u017cur\u00f3w(poniedzia\u0142ek, \u015broda, pi\u0105tek 10.00-12.00).<\/span><\/span><\/strong><\/li>\n<li><strong><span style=\"color: #000000; font-size: small;\"><span style=\"font-family: Calibri, serif;\"><span style=\"color: #000000;\"><span style=\"font-family: Arial, sans-serif;\">9.03.2019r. jest organizowany wyjazd do Kielc do Filharmonii na &#8222;Gor\u0105ce Kuba\u0144skie Rytmy. Salsa jest kobiet\u0105&#8221;. Spektakl zaczyna si\u0119 o godz. 19.00. Zapisy wraz z wp\u0142atami(80,-z\u0142<\/span><\/span><span style=\"color: #000000;\"><span style=\"font-family: Arial, sans-serif;\">od osoby) w biurze UTW w czasie dy\u017cur\u00f3w (poniedzia\u0142ek, \u015broda, pi\u0105tek od 10.00do 12.00).<\/span><\/span><\/span><\/span><\/strong><\/li>\n<li><strong><span style=\"color: #000000; font-size: small;\"><span style=\"font-family: Calibri, serif;\"><span style=\"color: #000000;\"><span style=\"font-family: Arial, sans-serif;\">Na 22.03.2019r. (pi\u0105tek) zaplanowane jest Walne Zebranie S\u0142uchaczy UTW, podsumowuj\u0105ce dzia\u0142alno\u015b\u0107 stowarzyszenia w 2018 roku. Szczeg\u00f3\u0142y (miejsce i\u00a0 godzina spotkania) podane zostan\u0105 w komunikatach marcowych.<\/span><\/span><\/span><\/span><span style=\"font-size: small;\">\u00a0<\/span><\/strong><\/li>\n<\/ul>\n","protected":false},"excerpt":{"rendered":"<p>Komunikaty dla s\u0142uchaczy UTW &#8211; LUTY 2019r. 04-02-2019 r. (poniedzia\u0142ek) Wyk\u0142ad w DDP \u201eSENIOR-Wigor\u201d w galerii \u201eSka\u0142ka\u201d na I pi\u0119trze &hellip;<\/p>\n","protected":false},"author":3,"featured_media":0,"comment_status":"open","ping_status":"open","sticky":true,"template":"","format":"standard","meta":{"footnotes":""},"categories":[1],"tags":[],"_links":{"self":[{"href":"https:\/\/utwstarachowice.pl\/index.php?rest_route=\/wp\/v2\/posts\/467"}],"collection":[{"href":"https:\/\/utwstarachowice.pl\/index.php?rest_route=\/wp\/v2\/posts"}],"about":[{"href":"https:\/\/utwstarachowice.pl\/index.php?rest_route=\/wp\/v2\/types\/post"}],"author":[{"embeddable":true,"href":"https:\/\/utwstarachowice.pl\/index.php?rest_route=\/wp\/v2\/users\/3"}],"replies":[{"embeddable":true,"href":"https:\/\/utwstarachowice.pl\/index.php?rest_route=%2Fwp%2Fv2%2Fcomments&post=467"}],"version-history":[{"count":0,"href":"https:\/\/utwstarachowice.pl\/index.php?rest_route=\/wp\/v2\/posts\/467\/revisions"}],"wp:attachment":[{"href":"https:\/\/utwstarachowice.pl\/index.php?rest_route=%2Fwp%2Fv2%2Fmedia&parent=467"}],"wp:term":[{"taxonomy":"category","embeddable":true,"href":"https:\/\/utwstarachowice.pl\/index.php?rest_route=%2Fwp%2Fv2%2Fcategories&post=467"},{"taxonomy":"post_tag","embeddable":true,"href":"https:\/\/utwstarachowice.pl\/index.php?rest_route=%2Fwp%2Fv2%2Ftags&post=467"}],"curies":[{"name":"wp","href":"https:\/\/api.w.org\/{rel}","templated":true}]}}