{"id":4656,"date":"2024-12-10T19:12:59","date_gmt":"2024-12-10T18:12:59","guid":{"rendered":"https:\/\/utwstarachowice.pl\/?p=4656"},"modified":"2024-12-10T19:12:59","modified_gmt":"2024-12-10T18:12:59","slug":"iskry-niepodleglosci","status":"publish","type":"post","link":"https:\/\/utwstarachowice.pl\/?p=4656","title":{"rendered":"&#8222;Iskry Niepodleg\u0142o\u015bci&#8221;"},"content":{"rendered":"\n<p>W dniu 5.12.2024 r. grupa S\u0142uchaczy UTW uczestniczy\u0142a w fantastycznej multimedialnej wystawie pt. Iskry Niepodleg\u0142o\u015bci wyprodukowanej przez Konsorcjum polskich firm z udzia\u0142 sztucznej inteligencji. By\u0142a to lekcja, z kt\u00f3rej mo\u017cna by\u0142o pozna\u0107 g\u0142\u0119biej nasz\u0105 histori\u0119 z zakresu historii, kultury, techniki i sportu z okresu ostatnich stu lat. Mo\u017cna by\u0142o pozna\u0107 Polak\u00f3w, kt\u00f3rzy rozs\u0142awili Polsk\u0119 na ca\u0142y \u015bwiat. Warto by\u0142o  obejrze\u0107 Iskry Niepodleg\u0142o\u015bci.<\/p>\n\n\n\n<figure class=\"wp-block-gallery has-nested-images columns-default is-cropped wp-block-gallery-1 is-layout-flex wp-block-gallery-is-layout-flex\">\n<figure class=\"wp-block-image size-large\"><img loading=\"lazy\" decoding=\"async\" width=\"723\" height=\"964\" data-id=\"4657\" src=\"https:\/\/utwstarachowice.pl\/wp-content\/uploads\/2024\/12\/IMG_20241205_201159.jpg\" alt=\"\" class=\"wp-image-4657\" srcset=\"https:\/\/utwstarachowice.pl\/wp-content\/uploads\/2024\/12\/IMG_20241205_201159.jpg 723w, https:\/\/utwstarachowice.pl\/wp-content\/uploads\/2024\/12\/IMG_20241205_201159-225x300.jpg 225w\" sizes=\"(max-width: 723px) 100vw, 723px\" \/><\/figure>\n<\/figure>\n\n\n\n<figure class=\"wp-block-gallery has-nested-images columns-default is-cropped wp-block-gallery-2 is-layout-flex wp-block-gallery-is-layout-flex\">\n<figure class=\"wp-block-image size-large\"><img loading=\"lazy\" decoding=\"async\" width=\"642\" height=\"482\" data-id=\"4658\" src=\"https:\/\/utwstarachowice.pl\/wp-content\/uploads\/2024\/12\/IMG_20241205_201211.jpg\" alt=\"\" class=\"wp-image-4658\" srcset=\"https:\/\/utwstarachowice.pl\/wp-content\/uploads\/2024\/12\/IMG_20241205_201211.jpg 642w, https:\/\/utwstarachowice.pl\/wp-content\/uploads\/2024\/12\/IMG_20241205_201211-300x225.jpg 300w\" sizes=\"(max-width: 642px) 100vw, 642px\" \/><\/figure>\n<\/figure>\n","protected":false},"excerpt":{"rendered":"<p>W dniu 5.12.2024 r. grupa S\u0142uchaczy UTW uczestniczy\u0142a w fantastycznej multimedialnej wystawie pt. Iskry Niepodleg\u0142o\u015bci wyprodukowanej przez Konsorcjum polskich firm &hellip;<\/p>\n","protected":false},"author":3,"featured_media":0,"comment_status":"open","ping_status":"open","sticky":true,"template":"","format":"standard","meta":{"footnotes":""},"categories":[2],"tags":[],"_links":{"self":[{"href":"https:\/\/utwstarachowice.pl\/index.php?rest_route=\/wp\/v2\/posts\/4656"}],"collection":[{"href":"https:\/\/utwstarachowice.pl\/index.php?rest_route=\/wp\/v2\/posts"}],"about":[{"href":"https:\/\/utwstarachowice.pl\/index.php?rest_route=\/wp\/v2\/types\/post"}],"author":[{"embeddable":true,"href":"https:\/\/utwstarachowice.pl\/index.php?rest_route=\/wp\/v2\/users\/3"}],"replies":[{"embeddable":true,"href":"https:\/\/utwstarachowice.pl\/index.php?rest_route=%2Fwp%2Fv2%2Fcomments&post=4656"}],"version-history":[{"count":1,"href":"https:\/\/utwstarachowice.pl\/index.php?rest_route=\/wp\/v2\/posts\/4656\/revisions"}],"predecessor-version":[{"id":4659,"href":"https:\/\/utwstarachowice.pl\/index.php?rest_route=\/wp\/v2\/posts\/4656\/revisions\/4659"}],"wp:attachment":[{"href":"https:\/\/utwstarachowice.pl\/index.php?rest_route=%2Fwp%2Fv2%2Fmedia&parent=4656"}],"wp:term":[{"taxonomy":"category","embeddable":true,"href":"https:\/\/utwstarachowice.pl\/index.php?rest_route=%2Fwp%2Fv2%2Fcategories&post=4656"},{"taxonomy":"post_tag","embeddable":true,"href":"https:\/\/utwstarachowice.pl\/index.php?rest_route=%2Fwp%2Fv2%2Ftags&post=4656"}],"curies":[{"name":"wp","href":"https:\/\/api.w.org\/{rel}","templated":true}]}}