{"id":457,"date":"2018-11-05T17:23:12","date_gmt":"2018-11-05T16:23:12","guid":{"rendered":"https:\/\/utwstarachowice.pl\/2018\/11\/05\/wieczornica-patriotyczna-zaproszenie\/"},"modified":"2018-11-05T17:23:12","modified_gmt":"2018-11-05T16:23:12","slug":"wieczornica-patriotyczna-zaproszenie","status":"publish","type":"post","link":"https:\/\/utwstarachowice.pl\/?p=457","title":{"rendered":"WIECZORNICA PATRIOTYCZNA &#8211; ZAPROSZENIE &#8230;&#8230;."},"content":{"rendered":"<p><strong><span style=\"font-family: arial, helvetica, sans-serif; font-size: large;\">Sekcja literacka, grupa poetycka Feniks i zesp\u00f3\u0142 wokalny &#8222;Srebrne nuty&#8221; zapraszaj\u0105 Zarz\u0105d,\u00a0 Kole\u017canki i Koleg\u00f3w z UTW na wieczornic\u0119 patriotyczn\u0105 &#8222;Ta co nie zgin\u0119\u0142a&#8221; wg scenariusza Doroty Kie\u0142ek, kt\u00f3ra odb\u0119dzie si\u0119 \u00a0dnia <span style=\"text-decoration: underline;\">13 XI (wtorek) o godz. 16.15 na du\u017cej sali w galerii &#8222;Ska\u0142ka&#8221;.<\/span><\/span><\/strong><\/p>\n","protected":false},"excerpt":{"rendered":"<p>Sekcja literacka, grupa poetycka Feniks i zesp\u00f3\u0142 wokalny &#8222;Srebrne nuty&#8221; zapraszaj\u0105 Zarz\u0105d,\u00a0 Kole\u017canki i Koleg\u00f3w z UTW na wieczornic\u0119 patriotyczn\u0105 &hellip;<\/p>\n","protected":false},"author":3,"featured_media":0,"comment_status":"open","ping_status":"open","sticky":true,"template":"","format":"standard","meta":{"footnotes":""},"categories":[1],"tags":[],"_links":{"self":[{"href":"https:\/\/utwstarachowice.pl\/index.php?rest_route=\/wp\/v2\/posts\/457"}],"collection":[{"href":"https:\/\/utwstarachowice.pl\/index.php?rest_route=\/wp\/v2\/posts"}],"about":[{"href":"https:\/\/utwstarachowice.pl\/index.php?rest_route=\/wp\/v2\/types\/post"}],"author":[{"embeddable":true,"href":"https:\/\/utwstarachowice.pl\/index.php?rest_route=\/wp\/v2\/users\/3"}],"replies":[{"embeddable":true,"href":"https:\/\/utwstarachowice.pl\/index.php?rest_route=%2Fwp%2Fv2%2Fcomments&post=457"}],"version-history":[{"count":0,"href":"https:\/\/utwstarachowice.pl\/index.php?rest_route=\/wp\/v2\/posts\/457\/revisions"}],"wp:attachment":[{"href":"https:\/\/utwstarachowice.pl\/index.php?rest_route=%2Fwp%2Fv2%2Fmedia&parent=457"}],"wp:term":[{"taxonomy":"category","embeddable":true,"href":"https:\/\/utwstarachowice.pl\/index.php?rest_route=%2Fwp%2Fv2%2Fcategories&post=457"},{"taxonomy":"post_tag","embeddable":true,"href":"https:\/\/utwstarachowice.pl\/index.php?rest_route=%2Fwp%2Fv2%2Ftags&post=457"}],"curies":[{"name":"wp","href":"https:\/\/api.w.org\/{rel}","templated":true}]}}