{"id":454,"date":"2018-10-25T15:06:39","date_gmt":"2018-10-25T13:06:39","guid":{"rendered":"https:\/\/utwstarachowice.pl\/2018\/10\/25\/muzeum-przyrody-i-techniki-zaprasza\/"},"modified":"2018-10-25T15:06:39","modified_gmt":"2018-10-25T13:06:39","slug":"muzeum-przyrody-i-techniki-zaprasza","status":"publish","type":"post","link":"https:\/\/utwstarachowice.pl\/?p=454","title":{"rendered":"Muzeum Przyrody i Techniki zaprasza &#8230;."},"content":{"rendered":"<p><span style=\"font-size: medium;\"><strong>W 76 rocznic\u0119\u00a0 likwidacji \u017cydowskiego getta w Wierzbniku \u00a0w \u00a0Muzeum Przyrody i Techniki w Starachowicach\u00a0 od 26 do 28\u00a0 pa\u017adziernika b\u0119dziemy go\u015bci\u0107 projekt objazdowego przegl\u0105du film\u00f3w o tematyce \u017cydowskiej \u201ePrzestrze\u0144 Obrazu: Lokalnie\u201d. Projekt realizowany przez \u017bydowskie Muzeum Galicja, finansowany jest ze \u015brodk\u00f3w Narodowego Centrum Kultury.<\/strong><\/span><\/p>\n<p><span style=\"font-size: medium;\"><strong>W programie:<\/strong><\/span><\/p>\n<p><span style=\"font-size: medium;\"><strong>26.10.2018 godz. 17.00 \u2013 wernisa\u017c wystawy \u201eWszystkie drogi\u2026\u201d \u2013 historie \u017byd\u00f3w ocalonych z Zag\u0142ady.<\/strong><\/span><\/p>\n<p><span style=\"font-size: medium;\"><strong>26.10.2018, godz. 18:00 \u2013 \u201eDroga Aszera\u201d<\/strong><\/span><\/p>\n<p><span style=\"font-size: medium;\"><strong>27.10.2018, godz. 18:00 \u2013 \u201eFoxtrot\u201d<\/strong><\/span><\/p>\n<p><span style=\"font-size: medium;\"><strong>28.10.2018, godz. 18:00 \u2013 \u201eMoos\u201d<\/strong><\/span><\/p>\n<p><span style=\"font-size: medium;\"><strong>26.10.2018\u00a0 Droga\u00a0 Aszera<\/strong><\/span><\/p>\n<p><span style=\"font-size: medium;\"><strong>Film opowiada losy 17-letniego Aszera, kt\u00f3remu impulsywna natura przysparza k\u0142opot\u00f3w w szkole i poza ni\u0105. Ojciec widzi w nim spadkobierc\u0119 rodzinnej firmy buduj\u0105cej rusztowania. Tymczasem Aszer nawi\u0105zuje blisk\u0105 relacj\u0119 z nauczycielem literatury Ramim, dzi\u0119ki kt\u00f3remu odkrywa, \u017ce istnieje te\u017c \u015bwiat poza biznesem ojca. Przynajmniej do chwili, kiedy tragiczny wypadek wszystko zmienia\u2026<\/strong><\/span><\/p>\n<p><span style=\"font-size: medium;\"><strong>27.10.2018 Fokstrot<\/strong><\/span><\/p>\n<p><span style=\"font-size: medium;\"><strong>Nietypowy i zaskakuj\u0105cy dramat izraelskiej rodziny w obliczu \u015bmierci syna. Pewnego dnia zwyczajne izraelskie ma\u0142\u017ce\u0144stwo, Michael i Daphna Feldmannowie, zostaje zdruzgotane niespodziewan\u0105 wiadomo\u015bci\u0105. U progu ich domu pojawiaj\u0105 si\u0119 \u017candarmi i informuj\u0105 o \u015bmierci ich syna Jonathana podczas s\u0142u\u017cby na niemal opustosza\u0142ym posterunku wojskowym. Z biegiem czasu Michael staje si\u0119 coraz bardziej sfrustrowany nieko\u0144cz\u0105cymi si\u0119 wizytami ca\u0142ej armii krewnych i biurokrat\u00f3w. Podczas gdy jego \u017cona prze\u017cywa \u017ca\u0142ob\u0119 w ciszy i spokoju, Michael wpada w spiral\u0119 gniewu, kt\u00f3ry przybiera<\/strong><\/span><\/p>\n<p><span style=\"font-size: medium;\"><strong>coraz bardziej absurdalne rozmiary \u2013 analogicznie do surrealistycznych do\u015bwiadcze\u0144 wojennych jego syna\u2026 W g\u0142\u00f3wnej roli wyst\u0119puje znakomity aktor izraelski Lior Aszkenazi, gwiazda doskonale znanej r\u00f3wnie\u017c w Polsce czarnej komedii \u201eDu\u017ce z\u0142e wilki\u201d, jednego z ulubionych film\u00f3w Quentina Tarantino.<\/strong><\/span><\/p>\n<p><span style=\"font-size: medium;\"><strong>28.10.2018\u00a0 Moos godz. 18.00<\/strong><\/span><\/p>\n<p><span style=\"font-size: medium;\"><strong>W wiecz\u00f3r Chanuki w domu m\u0142odej nie\u015bmia\u0142ej \u017byd\u00f3wki z Amsterdamu niespodziewanie pojawia si\u0119 przyjaciel z dzieci\u0144stwa. Jego powr\u00f3t z Izraela wywraca \u015bwiat dziewczyny do g\u00f3ry nogami. Moos u\u015bwiadamia sobie, \u017ce musi w ko\u0144cu zacz\u0105\u0107 pod\u0105\u017ca\u0107 za swoimi marzeniami. Postanawia rozpocz\u0105\u0107 nauk\u0119 w szkole artystycznej. Na przek\u00f3r przeciwno\u015bciom losu i opiniom nieprzyjaznych ludzi dziewczyna stara si\u0119 ze wszystkich si\u0142 rozwija\u0107 sw\u00f3j talent i ambicje. Urocza telewizyjna komedia, kt\u00f3ry opowiada o sile ludzkich pragnie\u0144.<\/strong><\/span><\/p>\n","protected":false},"excerpt":{"rendered":"<p>W 76 rocznic\u0119\u00a0 likwidacji \u017cydowskiego getta w Wierzbniku \u00a0w \u00a0Muzeum Przyrody i Techniki w Starachowicach\u00a0 od 26 do 28\u00a0 pa\u017adziernika &hellip;<\/p>\n","protected":false},"author":3,"featured_media":0,"comment_status":"open","ping_status":"open","sticky":true,"template":"","format":"standard","meta":{"footnotes":""},"categories":[1],"tags":[],"_links":{"self":[{"href":"https:\/\/utwstarachowice.pl\/index.php?rest_route=\/wp\/v2\/posts\/454"}],"collection":[{"href":"https:\/\/utwstarachowice.pl\/index.php?rest_route=\/wp\/v2\/posts"}],"about":[{"href":"https:\/\/utwstarachowice.pl\/index.php?rest_route=\/wp\/v2\/types\/post"}],"author":[{"embeddable":true,"href":"https:\/\/utwstarachowice.pl\/index.php?rest_route=\/wp\/v2\/users\/3"}],"replies":[{"embeddable":true,"href":"https:\/\/utwstarachowice.pl\/index.php?rest_route=%2Fwp%2Fv2%2Fcomments&post=454"}],"version-history":[{"count":0,"href":"https:\/\/utwstarachowice.pl\/index.php?rest_route=\/wp\/v2\/posts\/454\/revisions"}],"wp:attachment":[{"href":"https:\/\/utwstarachowice.pl\/index.php?rest_route=%2Fwp%2Fv2%2Fmedia&parent=454"}],"wp:term":[{"taxonomy":"category","embeddable":true,"href":"https:\/\/utwstarachowice.pl\/index.php?rest_route=%2Fwp%2Fv2%2Fcategories&post=454"},{"taxonomy":"post_tag","embeddable":true,"href":"https:\/\/utwstarachowice.pl\/index.php?rest_route=%2Fwp%2Fv2%2Ftags&post=454"}],"curies":[{"name":"wp","href":"https:\/\/api.w.org\/{rel}","templated":true}]}}