{"id":451,"date":"2018-09-29T18:24:47","date_gmt":"2018-09-29T16:24:47","guid":{"rendered":"https:\/\/utwstarachowice.pl\/2018\/09\/29\/pazdziernik-2018-kmunikaty-dla-sluchaczy\/"},"modified":"2018-09-29T18:24:47","modified_gmt":"2018-09-29T16:24:47","slug":"pazdziernik-2018-kmunikaty-dla-sluchaczy","status":"publish","type":"post","link":"https:\/\/utwstarachowice.pl\/?p=451","title":{"rendered":"PA\u0179DZIERNIK 2018 &#8211; kmunikaty dla s\u0142uchaczy &#8230;&#8230;"},"content":{"rendered":"<p style=\"margin-right: 0.38cm; margin-bottom: 0cm;\" align=\"CENTER\"><span style=\"color: #000000; font-size: small;\"><span style=\"font-family: Calibri, serif;\"><span style=\"text-decoration: underline;\"><strong><span style=\"font-family: Arial, serif;\">Komunikaty dla s\u0142uchaczy UTW <\/span><span style=\"font-family: Arial, sans-serif;\">pa\u017adziernik 2018r.<\/span><\/strong><\/span><\/span><\/span><\/p>\n<p style=\"margin-bottom: 0cm; line-height: 0.18cm;\" align=\"LEFT\"><span style=\"color: #000000; font-size: small;\"><span style=\"font-family: Arial, sans-serif;\"><span style=\"text-decoration: underline;\"><strong>04-10-2018 r. <\/strong><\/span><span style=\"text-decoration: underline;\">(czwartek)<\/span><\/span><\/span><\/p>\n<p style=\"margin-bottom: 0cm; line-height: 0.18cm;\"><span style=\"font-family: Arial, sans-serif; font-size: small;\">Sekcja Edukacji Obywatelskiej zaprasza o godz. 10.00 do budynku Komendy Pow. Policji<\/span><\/p>\n<p style=\"margin-bottom: 0cm; line-height: 0.18cm;\"><span style=\"font-family: Arial, sans-serif; font-size: small;\"> wszystkich s\u0142uchaczy UTW na Konferencj\u0119 nt.: \u201eRazem bezpieczniej dla senior\u00f3w\u201d<\/span><\/p>\n<p style=\"margin-bottom: 0cm; line-height: 0.18cm;\"><span style=\"font-family: Arial, sans-serif; font-size: small;\"> organizowan\u0105 przez Komend\u0119 Powiatow\u0105 Policji w Starachowicach. <\/span><\/p>\n<p style=\"margin-bottom: 0cm; line-height: 0.18cm;\"><span style=\"font-family: Arial, sans-serif; font-size: small;\">Osoby zainteresowane udzia\u0142em w konferencji proszone s\u0105 o zg\u0142oszenie ch\u0119ci udzia\u0142u do<\/span><\/p>\n<p style=\"margin-bottom: 0cm; line-height: 0.18cm;\"><span style=\"font-family: Arial, sans-serif; font-size: small;\"> dnia 2.10.2018r. pod numer telefonu 602 199 268.<\/span><\/p>\n<p style=\"margin-bottom: 0cm; line-height: 0.18cm;\" align=\"LEFT\"><span style=\"color: #000000; font-size: small;\"><span style=\"font-family: Arial, sans-serif;\"><span style=\"text-decoration: underline;\"><strong>05-10-2018 r. <\/strong><\/span><span style=\"text-decoration: underline;\">(pi\u0105tek)<\/span><\/span><\/span><\/p>\n<p style=\"margin-bottom: 0cm; line-height: 0.18cm;\" align=\"JUSTIFY\"><span style=\"color: #000000; font-size: small;\"><span style=\"font-family: Arial, sans-serif;\">Inauguracja roku akad. 2018\/19 odb\u0119dzie si\u0119 o godz. 16.00 w Starachowickiej Sp\u00f3\u0142dzielni<\/span><\/span><\/p>\n<p style=\"margin-bottom: 0cm; line-height: 0.18cm;\" align=\"JUSTIFY\"><span style=\"color: #000000; font-size: small;\"><span style=\"font-family: Arial, sans-serif;\"> Mieszkaniowej(ul. Wojska Polskiego)<strong>. <\/strong><\/span><\/span><\/p>\n<p style=\"margin-bottom: 0cm; line-height: 0.18cm;\" align=\"JUSTIFY\"><span style=\"color: #000000; font-size: small;\"><span style=\"font-family: Arial, sans-serif;\"><span style=\"text-decoration: underline;\"><strong>06-10-2018 r.<\/strong> (sobota) <\/span><\/span><\/span><\/p>\n<p style=\"margin-bottom: 0cm; line-height: 0.18cm;\" align=\"JUSTIFY\"><span style=\"color: #000000; font-size: small;\"><span style=\"font-family: Arial, sans-serif;\">Zapraszamy s\u0142uchaczy UTW na ognisko integracyjne, kt\u00f3re odb\u0119dzie si\u0119 na terenie <\/span><\/span><\/p>\n<p style=\"margin-bottom: 0cm; line-height: 0.18cm;\" align=\"JUSTIFY\"><span style=\"color: #000000; font-size: small;\"><span style=\"font-family: Arial, sans-serif;\">Muzeum Przyrody i Techniki od godz. 14.00 do 18.00. Zabieramy ze sob\u0105 dobry nastr\u00f3j<\/span><\/span><\/p>\n<p style=\"margin-bottom: 0cm; line-height: 0.18cm;\" align=\"JUSTIFY\"><span style=\"color: #000000; font-size: small;\"><span style=\"font-family: Arial, sans-serif;\"> oraz u\u015bmiech.<\/span><\/span><\/p>\n<p style=\"margin-bottom: 0cm; line-height: 0.18cm;\" align=\"JUSTIFY\"><span style=\"color: #000000; font-size: small;\"><span style=\"font-family: Arial, sans-serif;\"><span style=\"text-decoration: underline;\"><strong>10-10-2018 r. <\/strong>(\u015broda)i<strong> 13-10-2018 <\/strong>(sobota)<\/span><\/span><\/span><\/p>\n<p style=\"margin-bottom: 0cm; line-height: 0.18cm;\" align=\"JUSTIFY\"><span style=\"color: #000000; font-size: small;\"><span style=\"font-family: Arial, sans-serif;\">Spacer po Starachowicach: ul. Po\u0142udniowa \u2013 zalew Pasternik ok. 4 km.). Spotkanie na<\/span><\/span><\/p>\n<p style=\"margin-bottom: 0cm; line-height: 0.18cm;\" align=\"JUSTIFY\"><span style=\"color: #000000; font-size: small;\"><span style=\"font-family: Arial, sans-serif;\"> przystanku MZK przy PZU. <strong>(\u015broda godz. 09.50, sobota godz. 10.10). <\/strong>Przejazd\u00a0 <\/span><\/span><\/p>\n<p style=\"margin-bottom: 0cm; line-height: 0.18cm;\" align=\"JUSTIFY\"><span style=\"color: #000000; font-size: small;\"><span style=\"font-family: Arial, sans-serif;\">autobusem linii \u201eN\u201d na ul. Po\u0142udniow\u0105.<\/span><\/span><\/p>\n<p style=\"margin-bottom: 0cm;\"><span style=\"color: #000000; font-size: small;\"><span style=\"font-family: Arial, sans-serif;\"><span style=\"text-decoration: underline;\"><strong>22-10-2018 r.<\/strong> (poniedzia\u0142ek)<\/span><\/span><\/span><\/p>\n<p style=\"margin-bottom: 0cm;\"><span style=\"font-family: Arial, sans-serif; font-size: small;\">Spotkanie z p. A. Kroner, funkcjonariuszem Komendy Powiatowej Policji o godz. 11.00 w ZDZ (ul. Kwiatkowskiego).<\/span><\/p>\n<p style=\"margin-bottom: 0cm; line-height: 0.18cm;\" align=\"JUSTIFY\"><span style=\"color: #000000; font-size: small;\"><span style=\"font-family: Arial, sans-serif;\"><span style=\"text-decoration: underline;\"><strong>23-10-2018 r.<\/strong> (wtorek)<\/span><\/span><\/span><\/p>\n<p style=\"margin-bottom: 0cm; line-height: 0.18cm;\" align=\"JUSTIFY\"><span style=\"color: #000000; font-size: small;\"><span style=\"font-family: Arial, sans-serif;\">Wyjazd do Solca na baseny siarczkowe.Zbi\u00f3rka o godz. 7.00 na przystanku aut. przy<\/span><\/span><\/p>\n<p style=\"margin-bottom: 0cm; line-height: 0.18cm;\" align=\"JUSTIFY\"><span style=\"color: #000000; font-size: small;\"><span style=\"font-family: Arial, sans-serif;\"> galerii \u201eSka\u0142ka\u201d. Op\u0142aty u Haliny Sidor we wtorki w kawiarence internetowej w galerii <\/span><\/span><\/p>\n<p style=\"margin-bottom: 0cm; line-height: 0.18cm;\" align=\"JUSTIFY\"><span style=\"color: #000000; font-size: small;\"><span style=\"font-family: Arial, sans-serif;\">\u201eSka\u0142ka\u201d do 17.10.2018r.w godz. 12.00-14.00.<\/span><\/span><\/p>\n<p style=\"margin-bottom: 0cm; line-height: 0.18cm;\" align=\"JUSTIFY\"><span style=\"color: #000000; font-size: small;\"><span style=\"font-family: Arial, sans-serif;\"><span style=\"text-decoration: underline;\"><strong>24-10-2018 r. <\/strong>(\u015broda) i<strong> 27.10.2018 r. <\/strong>(sobota)<\/span><\/span><\/span><\/p>\n<p style=\"margin-bottom: 0cm; line-height: 0.18cm;\" align=\"JUSTIFY\"><span style=\"color: #000000; font-size: small;\"><span style=\"font-family: Arial, sans-serif;\">Spacer po Starachowicach: ul. Po\u0142udniowa \u2013 Zalew \u201ePiachy\u201d &#8211; parowozownia SKW. <\/span><\/span><\/p>\n<p style=\"margin-bottom: 0cm; line-height: 0.18cm;\" align=\"JUSTIFY\"><span style=\"color: #000000; font-size: small;\"><span style=\"font-family: Arial, sans-serif;\">Spotkanie na przystanku MZK \/PZU <strong>(\u015broda godz. 09.50, sobota godz.10.10)<\/strong>. Przejazd<\/span><\/span><\/p>\n<p style=\"margin-bottom: 0cm; line-height: 0.18cm;\" align=\"JUSTIFY\"><span style=\"color: #000000; font-size: small;\"><span style=\"font-family: Arial, sans-serif;\"> autobusem linii \u201eN\u201d na ul. Po\u0142udniow\u0105.<\/span><\/span><\/p>\n<p style=\"margin-bottom: 0cm; line-height: 0.18cm;\" align=\"JUSTIFY\"><span style=\"color: #000000; font-size: small;\"><span style=\"font-family: Arial, sans-serif;\"><span style=\"text-decoration: underline;\"><strong>26-10-2018 r.<\/strong> (pi\u0105tek)<\/span><\/span><\/span><\/p>\n<p style=\"margin-bottom: 0cm; line-height: 0.18cm;\" align=\"JUSTIFY\"><span style=\"color: #000000; font-size: small;\"><span style=\"font-family: Arial, sans-serif;\">Wyk\u0142ad p. Krzysztofa Figarskiego na temat: \u201eKsi\u0119\u017cyc jakiego nie znamy. Jego wp\u0142yw na<\/span><\/span><\/p>\n<p style=\"margin-bottom: 0cm; line-height: 0.18cm;\" align=\"JUSTIFY\"><span style=\"color: #000000; font-size: small;\"><span style=\"font-family: Arial, sans-serif;\"> Ziemi\u0119 i cz\u0142owieka\u201d o godz. 16.15 w du\u017cej sali w galerii \u201eSka\u0142ka\u201d.<\/span><\/span><\/p>\n<p style=\"margin-bottom: 0cm; line-height: 0.18cm;\" align=\"JUSTIFY\"><span style=\"color: #000000; font-size: small;\"><span style=\"font-family: Arial, sans-serif;\"><span style=\"text-decoration: underline;\"><strong>29-10-2018 r.<\/strong> (poniedzia\u0142ek)<\/span><\/span><\/span><\/p>\n<p style=\"margin-bottom: 0cm;\"><span style=\"font-family: Arial, sans-serif; font-size: small;\">Spotkanie z pracownikiem Urz\u0119du Miasta, p. Eliz\u0105 Strzelec nt. \u201eOchrona \u015brodowiska naturalnego w Starachowicach\u201d o godz.11,00 w siedzibie ZDZ (ul. E. Kwiatkowskiego).<\/span><\/p>\n<p style=\"margin-bottom: 0cm;\" align=\"CENTER\"><span style=\"font-family: Arial, sans-serif; font-size: small;\"><span style=\"text-decoration: underline;\"><strong>UWAGA !!!!!<\/strong><\/span><\/span><\/p>\n<ol>\n<li><span style=\"color: #000000; font-size: small;\"><span style=\"font-family: Arial, sans-serif;\"><strong>Zaj\u0119cia w ramach projektu \u201eZUMBA 60+\u201d odbywaj\u0105 si\u0119 w ka\u017cdy <\/strong><\/span><\/span><br \/><span style=\"color: #000000; font-size: small;\"><span style=\"font-family: Arial, sans-serif;\"><strong>poniedzia\u0142ek(grupa I) oraz czwartek (grupa II) w Gimnazjum nr 3 i trwa\u0107<\/strong><\/span><\/span><br \/><span style=\"color: #000000; font-size: small;\"><span style=\"font-family: Arial, sans-serif;\"><strong> b\u0119d\u0105 do do ko\u0144ca listopada 2018r. (ka\u017cda grupa po 10 spotka\u0144).<\/strong><\/span><\/span><\/li>\n<li><span style=\"color: #000000; font-size: small;\"><span style=\"font-family: Arial, sans-serif;\"><strong>Sekcja Edukacji Obywatelskiej od tego roku b\u0119dzie si\u0119 spotyka\u0142a w budynku<\/strong><\/span><\/span><br \/><span style=\"color: #000000; font-size: small;\"><span style=\"font-family: Arial, sans-serif;\"><strong> ZDZ ul. E. Kwiatkowskiego (przy 8 bramie na terenie Strefy Ekonomicznej).<\/strong><\/span><\/span><\/li>\n<li><span style=\"color: #000000; font-size: small;\"><span style=\"font-family: Arial, sans-serif;\"><strong>Wysoko\u015b\u0107 czesnego w roku ak. 2018\/2019 nie ulega zmianie (40,-z\u0142 za<\/strong><\/span><\/span><br \/><span style=\"color: #000000; font-size: small;\"><span style=\"font-family: Arial, sans-serif;\"><strong> sem.). Jednocze\u015bnie bardzo prosimy o terminowe wp\u0142aty.<\/strong><\/span><\/span><\/li>\n<li><span style=\"color: #000000; font-size: small;\"><span style=\"font-family: Arial, sans-serif;\"><strong>Tygodniowy Rozk\u0142ad Zaj\u0119\u0107 na rok akad. 2018\/2019 b\u0119dzie og\u0142oszony na<\/strong><\/span><\/span><br \/><span style=\"color: #000000; font-size: small;\"><span style=\"font-family: Arial, sans-serif;\"><strong> inauguracji. Planowe spotkania sekcji rozpoczynaj\u0105 si\u0119 od 8 pa\u017adziernika <\/strong><\/span><\/span><br \/><span style=\"color: #000000; font-size: small;\"><span style=\"font-family: Arial, sans-serif;\"><strong>2018r.<\/strong><\/span><\/span><\/li>\n<li><span style=\"color: #000000; font-size: small;\"><span style=\"font-family: Arial, sans-serif;\"><span style=\"text-decoration: underline;\"><strong>Ch\u0119tnych s\u0142uchaczy do uczestniczenia w sekcji informatycznej bardzo prosimy, <\/strong><\/span><\/span><\/span><span style=\"color: #000000; font-size: small;\"><span style=\"font-family: Arial, sans-serif;\"><span style=\"text-decoration: underline;\"><strong>aby zg\u0142aszali si\u0119 osobi\u015bcie lub telefonicznie do biura UTW w czasie dy\u017cur\u00f3w <\/strong><\/span><\/span><\/span><span style=\"color: #000000; font-size: small;\"><span style=\"font-family: Arial, sans-serif;\"><span style=\"text-decoration: underline;\"><strong>(poniedzia\u0142ki, \u015brody, pi\u0105tki w godz. 10.00-12.00) do 5 pa\u017adziernika 2018r.<\/strong><\/span><\/span><\/span><br \/><span style=\"color: #000000; font-size: small;\"><span style=\"font-family: Arial, sans-serif;\"><span style=\"text-decoration: underline;\"><strong> Prowadz\u0105c\u0105 b\u0119dzie Iza Haczyk-\u0106wik (jak dotychczas).<br \/><\/strong><\/span><\/span><\/span><\/li>\n<\/ol>\n","protected":false},"excerpt":{"rendered":"<p>Komunikaty dla s\u0142uchaczy UTW pa\u017adziernik 2018r. 04-10-2018 r. (czwartek) Sekcja Edukacji Obywatelskiej zaprasza o godz. 10.00 do budynku Komendy Pow. &hellip;<\/p>\n","protected":false},"author":3,"featured_media":0,"comment_status":"open","ping_status":"open","sticky":true,"template":"","format":"standard","meta":{"footnotes":""},"categories":[1],"tags":[],"_links":{"self":[{"href":"https:\/\/utwstarachowice.pl\/index.php?rest_route=\/wp\/v2\/posts\/451"}],"collection":[{"href":"https:\/\/utwstarachowice.pl\/index.php?rest_route=\/wp\/v2\/posts"}],"about":[{"href":"https:\/\/utwstarachowice.pl\/index.php?rest_route=\/wp\/v2\/types\/post"}],"author":[{"embeddable":true,"href":"https:\/\/utwstarachowice.pl\/index.php?rest_route=\/wp\/v2\/users\/3"}],"replies":[{"embeddable":true,"href":"https:\/\/utwstarachowice.pl\/index.php?rest_route=%2Fwp%2Fv2%2Fcomments&post=451"}],"version-history":[{"count":0,"href":"https:\/\/utwstarachowice.pl\/index.php?rest_route=\/wp\/v2\/posts\/451\/revisions"}],"wp:attachment":[{"href":"https:\/\/utwstarachowice.pl\/index.php?rest_route=%2Fwp%2Fv2%2Fmedia&parent=451"}],"wp:term":[{"taxonomy":"category","embeddable":true,"href":"https:\/\/utwstarachowice.pl\/index.php?rest_route=%2Fwp%2Fv2%2Fcategories&post=451"},{"taxonomy":"post_tag","embeddable":true,"href":"https:\/\/utwstarachowice.pl\/index.php?rest_route=%2Fwp%2Fv2%2Ftags&post=451"}],"curies":[{"name":"wp","href":"https:\/\/api.w.org\/{rel}","templated":true}]}}