{"id":450,"date":"2018-09-22T16:05:57","date_gmt":"2018-09-22T14:05:57","guid":{"rendered":"https:\/\/utwstarachowice.pl\/2018\/09\/22\/zaczynamy-rok-akad-2018-2019\/"},"modified":"2018-09-22T16:05:57","modified_gmt":"2018-09-22T14:05:57","slug":"zaczynamy-rok-akad-2018-2019","status":"publish","type":"post","link":"https:\/\/utwstarachowice.pl\/?p=450","title":{"rendered":"Zaczynamy rok akad. 2018\/2019 &#8230;&#8230;.."},"content":{"rendered":"<p style=\"text-align: center;\"><span style=\"text-decoration: underline;\"><strong><span style=\"font-family: arial, helvetica, sans-serif; font-size: medium;\">UWAGA !!!!!<\/span><\/strong><\/span><\/p>\n<p><strong><span style=\"font-family: arial, helvetica, sans-serif; font-size: medium;\">1. <span style=\"text-decoration: underline;\">27\u00a0 wrze\u015bnia 2018r.<\/span> (czwartek)<span style=\"text-decoration: underline;\"> o godz. 17.00<\/span> w Miejskiej Bibliotece Publicznej (ul. Kochanowskiego) b\u0119dzie wyk\u0142ad prof. B. Kozery (Uniwersytet Opolski) pt : &#8222;O przyjemno\u015bci, przyja\u017ani i m\u0142o\u015bci&#8221;. Ch\u0119tnych s\u0142uchaczy UTW zapraszaj\u0105: Dyrekcja Biblioteki i sekcja literacka UTW. <\/span><\/strong><\/p>\n<p><strong><span style=\"font-family: arial, helvetica, sans-serif; font-size: medium;\">2.\u00a0 Wszystkie\u00a0 zaj\u0119cia s\u0142uchaczy UTW zaczynaj\u0105 si\u0119 od<span style=\"text-decoration: underline;\"> 8 pa\u017adziernika 2018r. (poniedzia\u0142ek).<\/span><\/span><\/strong><\/p>\n<p><strong><span style=\"font-family: arial, helvetica, sans-serif; font-size: medium;\">3. Pierwsze zaj\u0119cia sekcji gimnastycznej odb\u0119d\u0105 si\u0119 <span style=\"text-decoration: underline;\">9 pa\u017adziernika 2018r. (wtorek).<\/span><\/span><\/strong><\/p>\n<p><strong><span style=\"font-family: arial, helvetica, sans-serif; font-size: medium;\">4. Sekcja psychologiczna zaczyna swoje zaj\u0119cia od <span style=\"text-decoration: underline;\">16 pa\u017adziernika 2018r. (wtorek).<\/span><\/span><\/strong><\/p>\n<p><strong><span style=\"font-family: arial, helvetica, sans-serif; font-size: medium;\">5. Dok\u0142adne komunikaty dla s\u0142uchaczy UTW b\u0119d\u0105 og\u0142oszone po 27 wrze\u015bnia. Jest to podyktowane zebraniem wszystkich potwierdze\u0144 od prowadz\u0105cych. <\/span><\/strong><\/p>\n<p><strong><span style=\"font-family: arial, helvetica, sans-serif; font-size: medium;\">6. Inauguracja roku akad. 2018\/2019 odb\u0119dzie si\u0119 w Starachowickiej Sp\u00f3\u0142dzielni Mieszkaniowej (ul. Wojska Polskiego) <\/span><span style=\"text-decoration: underline;\"><span style=\"font-family: arial, helvetica, sans-serif; font-size: medium;\">5 pa\u017adziernika 2018r. (pi\u0105tek) o godz. 16.00, a 6 pa\u017adziernika 2018r. (sobota) o godz. 14.00<\/span><\/span><span style=\"font-family: arial, helvetica, sans-serif; font-size: medium;\"> zapraszamy do Muzeum Przyrody i Techniki na ognisko integracyjne.<\/span><\/strong><\/p>\n<p style=\"text-align: center;\"><strong><span style=\"font-family: arial, helvetica, sans-serif; font-size: medium;\">DO ZOBACZENIA !!!!!<\/span><\/strong><\/p>\n","protected":false},"excerpt":{"rendered":"<p>UWAGA !!!!! 1. 27\u00a0 wrze\u015bnia 2018r. (czwartek) o godz. 17.00 w Miejskiej Bibliotece Publicznej (ul. Kochanowskiego) b\u0119dzie wyk\u0142ad prof. B. &hellip;<\/p>\n","protected":false},"author":3,"featured_media":0,"comment_status":"open","ping_status":"open","sticky":true,"template":"","format":"standard","meta":{"footnotes":""},"categories":[1],"tags":[],"_links":{"self":[{"href":"https:\/\/utwstarachowice.pl\/index.php?rest_route=\/wp\/v2\/posts\/450"}],"collection":[{"href":"https:\/\/utwstarachowice.pl\/index.php?rest_route=\/wp\/v2\/posts"}],"about":[{"href":"https:\/\/utwstarachowice.pl\/index.php?rest_route=\/wp\/v2\/types\/post"}],"author":[{"embeddable":true,"href":"https:\/\/utwstarachowice.pl\/index.php?rest_route=\/wp\/v2\/users\/3"}],"replies":[{"embeddable":true,"href":"https:\/\/utwstarachowice.pl\/index.php?rest_route=%2Fwp%2Fv2%2Fcomments&post=450"}],"version-history":[{"count":0,"href":"https:\/\/utwstarachowice.pl\/index.php?rest_route=\/wp\/v2\/posts\/450\/revisions"}],"wp:attachment":[{"href":"https:\/\/utwstarachowice.pl\/index.php?rest_route=%2Fwp%2Fv2%2Fmedia&parent=450"}],"wp:term":[{"taxonomy":"category","embeddable":true,"href":"https:\/\/utwstarachowice.pl\/index.php?rest_route=%2Fwp%2Fv2%2Fcategories&post=450"},{"taxonomy":"post_tag","embeddable":true,"href":"https:\/\/utwstarachowice.pl\/index.php?rest_route=%2Fwp%2Fv2%2Ftags&post=450"}],"curies":[{"name":"wp","href":"https:\/\/api.w.org\/{rel}","templated":true}]}}