{"id":446,"date":"2018-06-09T14:07:17","date_gmt":"2018-06-09T12:07:17","guid":{"rendered":"https:\/\/utwstarachowice.pl\/2018\/06\/09\/inscenizacja-jas-i-malgosia-zmiana-godziny\/"},"modified":"2018-06-09T14:07:17","modified_gmt":"2018-06-09T12:07:17","slug":"inscenizacja-jas-i-malgosia-zmiana-godziny","status":"publish","type":"post","link":"https:\/\/utwstarachowice.pl\/?p=446","title":{"rendered":"Inscenizacja &#8222;Ja\u015b i Ma\u0142gosia&#8221; (zmiana godziny) &#8230;.."},"content":{"rendered":"<p style=\"margin-bottom: 0cm; line-height: 0.18cm;\" lang=\"hi-IN\" align=\"JUSTIFY\"><span style=\"color: #3366ff; font-size: medium;\"><strong><span style=\"font-family: Arial, sans-serif;\"><span style=\"color: #000000;\">Ze wzgl\u0119d\u00f3w organizacyjnych konieczna jest zmiana godziny <\/span><\/span><\/strong><\/span><\/p>\n<p style=\"margin-bottom: 0cm; line-height: 0.18cm;\" lang=\"hi-IN\" align=\"JUSTIFY\"><span style=\"color: #3366ff; font-size: medium;\"><strong><span style=\"font-family: Arial, sans-serif;\"><span style=\"color: #000000;\">rozpocz\u0119cia spotkania na godzin\u0119 12.00. Jest to niezale\u017cne od<\/span><\/span><\/strong><\/span><\/p>\n<p style=\"margin-bottom: 0cm; line-height: 0.18cm;\" lang=\"hi-IN\" align=\"JUSTIFY\"><span style=\"color: #3366ff; font-size: medium;\"><strong><span style=\"font-family: Arial, sans-serif;\"><span style=\"color: #000000;\"> organizator\u00f3w PRZEPRASZAMY I ZAPRASZAMY !!!!<br \/><\/span><\/span><\/strong><\/span><\/p>\n<p style=\"margin-bottom: 0cm; line-height: 0.18cm;\" lang=\"hi-IN\" align=\"JUSTIFY\"><span style=\"color: #3366ff; font-size: medium;\"><strong><span style=\"font-family: Arial, sans-serif;\">W DDP &#8222;Senior-Vigor&#8221; w galerii &#8222;Ska\u0142ka&#8221; na I pi\u0119trze o godz. <span style=\"text-decoration: underline;\">12.00<\/span><\/span><\/strong><\/span><\/p>\n<p style=\"margin-bottom: 0cm; line-height: 0.18cm;\" lang=\"hi-IN\" align=\"JUSTIFY\"><span style=\"color: #3366ff; font-size: medium;\"><strong><span style=\"font-family: Arial, sans-serif;\"> inscenizacja bajki &#8222;Ja\u015b i Ma\u0142gosia&#8221; przygotowana przez Sekcj\u0119<\/span><\/strong><\/span><\/p>\n<p style=\"margin-bottom: 0cm; line-height: 0.18cm;\" lang=\"hi-IN\" align=\"JUSTIFY\"><span style=\"color: #3366ff; font-size: medium;\"><strong><span style=\"font-family: Arial, sans-serif;\"> Wolontariatu UTW oraz m\u0142odzie\u017c z o\u015brodka szkolno-wychowawczego <\/span><\/strong><\/span><\/p>\n<p style=\"margin-bottom: 0cm; line-height: 0.18cm;\" lang=\"hi-IN\" align=\"JUSTIFY\"><span style=\"color: #3366ff; font-size: medium;\"><strong><span style=\"font-family: Arial, sans-serif;\">w ramach projektu&#8221;Dla Spo\u0142eczno\u015bci-Wolontariat &#8222;\u0119&#8221;. Zapraszamy<\/span><\/strong><\/span><\/p>\n<p style=\"margin-bottom: 0cm; line-height: 0.18cm;\" lang=\"hi-IN\" align=\"JUSTIFY\"><span style=\"color: #3366ff; font-size: medium;\"><strong><span style=\"font-family: Arial, sans-serif;\"> ch\u0119tnych s\u0142uchaczy UTW.<\/span><\/strong><\/span><\/p>\n","protected":false},"excerpt":{"rendered":"<p>Ze wzgl\u0119d\u00f3w organizacyjnych konieczna jest zmiana godziny rozpocz\u0119cia spotkania na godzin\u0119 12.00. Jest to niezale\u017cne od organizator\u00f3w PRZEPRASZAMY I ZAPRASZAMY &hellip;<\/p>\n","protected":false},"author":3,"featured_media":0,"comment_status":"open","ping_status":"open","sticky":true,"template":"","format":"standard","meta":{"footnotes":""},"categories":[1],"tags":[],"_links":{"self":[{"href":"https:\/\/utwstarachowice.pl\/index.php?rest_route=\/wp\/v2\/posts\/446"}],"collection":[{"href":"https:\/\/utwstarachowice.pl\/index.php?rest_route=\/wp\/v2\/posts"}],"about":[{"href":"https:\/\/utwstarachowice.pl\/index.php?rest_route=\/wp\/v2\/types\/post"}],"author":[{"embeddable":true,"href":"https:\/\/utwstarachowice.pl\/index.php?rest_route=\/wp\/v2\/users\/3"}],"replies":[{"embeddable":true,"href":"https:\/\/utwstarachowice.pl\/index.php?rest_route=%2Fwp%2Fv2%2Fcomments&post=446"}],"version-history":[{"count":0,"href":"https:\/\/utwstarachowice.pl\/index.php?rest_route=\/wp\/v2\/posts\/446\/revisions"}],"wp:attachment":[{"href":"https:\/\/utwstarachowice.pl\/index.php?rest_route=%2Fwp%2Fv2%2Fmedia&parent=446"}],"wp:term":[{"taxonomy":"category","embeddable":true,"href":"https:\/\/utwstarachowice.pl\/index.php?rest_route=%2Fwp%2Fv2%2Fcategories&post=446"},{"taxonomy":"post_tag","embeddable":true,"href":"https:\/\/utwstarachowice.pl\/index.php?rest_route=%2Fwp%2Fv2%2Ftags&post=446"}],"curies":[{"name":"wp","href":"https:\/\/api.w.org\/{rel}","templated":true}]}}