{"id":4457,"date":"2024-10-20T17:21:05","date_gmt":"2024-10-20T15:21:05","guid":{"rendered":"https:\/\/utwstarachowice.pl\/?p=4457"},"modified":"2024-10-20T17:21:05","modified_gmt":"2024-10-20T15:21:05","slug":"nasi-w-nowym-saczu","status":"publish","type":"post","link":"https:\/\/utwstarachowice.pl\/?p=4457","title":{"rendered":"Nasi w Nowym S\u0105czu"},"content":{"rendered":"\n<p>W dniach 15 &#8211; 16 pa\u017adziernika w Nowym S\u0105czu mia\u0142y miejsce dwa og\u00f3lnopolskie wydarzenia zorganizowane przez Og\u00f3lnopolsk\u0105 Federacj\u0119 Stowarzysze\u0144 Uniwersytet\u00f3w Trzeciego Wieku .<\/p>\n\n\n\n<p>W wydarzeniach tych uczestniczy\u0142o oko\u0142o 150 przedstawicieli organizacji seniorskich, w tym liderzy Uniwersytet\u00f3w Trzeciego Wieku z r\u00f3\u017cnych cz\u0119\u015bci Polski.<\/p>\n\n\n\n<p>UTW w Starachowicach reprezentowali: Dorota Jantos &#8211; wiceprezes Zarz\u0105du UTW i W\u0142odzimierz Gierada &#8211; cz\u0142onek Zarz\u0105du UTW.<\/p>\n\n\n\n<p>Otwarcia Konferencji, <a><\/a>przywitania go\u015bci i uczestnik\u00f3w dokona\u0142a mecenas Wies\u0142awa Borczyk, Prezes Zarz\u0105du OFSUTW.<\/p>\n\n\n\n<p>15 pa\u017adziernika odby\u0142o si\u0119 II Forum Turystyki Senioralnej.@<\/p>\n\n\n\n<p>Patronat honorowy nad Forum obj\u0119\u0142o Ministerstwo Sportu i Turystyki.<\/p>\n\n\n\n<p>W ramach konferencji g\u0142os zabrali prelegenci przybli\u017caj\u0105c nam tematy:<\/p>\n\n\n\n<p>&#8211; &#8222;Seniorzy na rynku us\u0142ug turystycznych\u201d \u2013 dr hab. Zygmunt Kruczek, prof. Akademii<\/p>\n\n\n\n<p>Wychowania Fizycznego, Zak\u0142ad Geografii Turystyki i Ekologii, Krak\u00f3w.<\/p>\n\n\n\n<p>&#8211; &#8222;Obowi\u0105zki organizacji pozarz\u0105dowych w realizacji dzia\u0142a\u0144 turystycznych dla os\u00f3b<\/p>\n\n\n\n<p>starszych\u201d \u2013 mec. Wojciech Nalepa, Daniel Jachimowicz, Pe\u0142nomocnicy Zarz\u0105du,<\/p>\n\n\n\n<p>Og\u00f3lnopolska Federacja Stowarzysze\u0144 Uniwersytet\u00f3w Trzeciego Wieku.<\/p>\n\n\n\n<p>&#8211; &#8222;Turystyka aktywna z kijkami do Nordic Walking jako wa\u017cny aspekt w promocji sportu powszechnego w polskim spo\u0142ecze\u0144stwie \u2013 przyk\u0142ady realizacji zada\u0144 przez Polskie Stowarzyszenie Nordic Walking od 2010 roku\u201d\u2013 Paulina Ruta, Prezes, Polskie Stowarzyszenie Nordic Walking, Z\u0142otoryja Paulina Ruta .<\/p>\n\n\n\n<p>&#8211; Dobra praktyka: S\u0105decka Grupa Nordic Walking \u2013 Anna Mieczkowska, instruktorka Nordic Walking.<\/p>\n\n\n\n<p>&#8211; &#8222;Apiturystyka\u201d \u2013 Arkadiusz Cio\u0142kowski, Cz\u0142onek Polskiego Komitetu Zielarskiego oraz Polskiego Towarzystwa Zielarzy i Fitoterapeut\u00f3w, wsp\u00f3\u0142praca Bartnik S\u0105decki, Str\u00f3\u017ce.<\/p>\n\n\n\n<p>&#8211; \u201ePraktyczne aspekty uprawiania bezpiecznej turystyki w starszym wieku\u201d \u2013 Sebastian K\u0142osok, Centralny O\u015brodek Turystyki G\u00f3rskiej PTTK, Krak\u00f3w.<\/p>\n\n\n\n<p>&#8211; \u201eTurystyka i rekreacja wodna \u2013 podstawowe zasady bezpiecze\u0144stwa\u201d\u2013 Dariusz Gerhardt, Prezes Zarz\u0105du, S\u0105deckie Wodne Ochotnicze Pogotowie Ratunkowe, Nowy S\u0105cz.<\/p>\n\n\n\n<p>16 pa\u017adziernika odby\u0142a sie konferencja \u201e Uniwersytety Trzeciego Wieku w Polsce &#8211; perspektywy rozwoju w kontek\u015bcie systemowej polityki senioralnej\u201d.<\/p>\n\n\n\n<p>Wyst\u0105pienia zaproszonych go\u015bci:<\/p>\n\n\n\n<p>&#8211; \u201eKoncepcja uczenia si\u0119 przez ca\u0142e \u017cycie. Rola Uniwersytet\u00f3w Trzeciego Wieku. Opieka naukowa uczelni wy\u017cszych\u201d &#8211; prof. nazw. dr hab. Zofia Szarota, Akademia WSB D\u0105browa G\u00f3rnicza.<\/p>\n\n\n\n<p>&#8211; \u201eRola uczelni w realizacji koncepcji uczenia si\u0119 przez ca\u0142e \u017cycie, od politechniki juniora, po politechnik\u0119 trzeciego wieku\u201d &#8211; prof. dr hab. Aleksandra Ziembi\u0144ska &#8211; Buczy\u0144ska, Dyrektor Centrum Popularyzacji Nauki, Politechnika \u015al\u0105ska w Gliwicach<\/p>\n\n\n\n<p>&#8211; \u201eEdukacja Obywatelska w przestrzeni lokalnej. Kompetencje potrzebne do \u015bwiadomego uczestnictwa w \u017cyciu publicznym i spo\u0142ecznym\u201d. &#8211; dr hab. Dorota Gierszewski, Uniwersytet Jagiello\u0144ski<\/p>\n\n\n\n<p>&#8211; \u015awi\u0119tokrzyski Klaster Uniwersytet\u00f3w Trzeciego Wieku &#8211; dr Renata Miszczuk, Federacja Restart, UJK w Kielcach<\/p>\n\n\n\n<p>&#8211; \u201eO VII Ma\u0142opolskim Kongresie Srebrnej Gospodarki\u201d &#8211; Aneta Widak, Kierownik Zespo\u0142u ds. Funduszy Zewn\u0119trznych, DRR UM Wij. Ma\u0142opolskiego, Krak\u00f3w<\/p>\n\n\n\n<p>&#8211; \u201eWyzwania rozwojowe UTW. Wybrane aspekty formalne i organizacyjne\u201d. &#8211; mec. Wojciech Nalepa, Daniel Jachimowicz , Pe\u0142nomocnicy Zarz\u0105du OFSUTW<\/p>\n\n\n\n<p>&#8211; \u201eOferta edukacyjna Erasmus+ dla \u015brodowiska UTW &#8211; wyjazdy edukacyjne i wsp\u00f3\u0142praca europejska\u201d &#8211; Alina Respondek, ekspert, sektor Edukacja doros\u0142ych programu Erasmus+, Micha\u0142 Chodniewicz, FRSE, Warszawa.<\/p>\n\n\n\n<figure class=\"wp-block-gallery has-nested-images columns-default is-cropped wp-block-gallery-1 is-layout-flex wp-block-gallery-is-layout-flex\">\n<figure class=\"wp-block-image size-large\"><img loading=\"lazy\" decoding=\"async\" width=\"1024\" height=\"768\" data-id=\"4458\" src=\"https:\/\/utwstarachowice.pl\/wp-content\/uploads\/2024\/10\/FB_IMG_1729171775597-1024x768.jpg\" alt=\"\" class=\"wp-image-4458\" srcset=\"https:\/\/utwstarachowice.pl\/wp-content\/uploads\/2024\/10\/FB_IMG_1729171775597-1024x768.jpg 1024w, https:\/\/utwstarachowice.pl\/wp-content\/uploads\/2024\/10\/FB_IMG_1729171775597-300x225.jpg 300w, https:\/\/utwstarachowice.pl\/wp-content\/uploads\/2024\/10\/FB_IMG_1729171775597-768x576.jpg 768w, https:\/\/utwstarachowice.pl\/wp-content\/uploads\/2024\/10\/FB_IMG_1729171775597.jpg 1080w\" sizes=\"(max-width: 1024px) 100vw, 1024px\" \/><\/figure>\n<\/figure>\n\n\n\n<figure class=\"wp-block-gallery has-nested-images columns-default is-cropped wp-block-gallery-2 is-layout-flex wp-block-gallery-is-layout-flex\">\n<figure class=\"wp-block-image size-large\"><img loading=\"lazy\" decoding=\"async\" width=\"768\" height=\"1024\" data-id=\"4459\" src=\"https:\/\/utwstarachowice.pl\/wp-content\/uploads\/2024\/10\/FB_IMG_1729171818813-768x1024.jpg\" alt=\"\" class=\"wp-image-4459\" srcset=\"https:\/\/utwstarachowice.pl\/wp-content\/uploads\/2024\/10\/FB_IMG_1729171818813-768x1024.jpg 768w, https:\/\/utwstarachowice.pl\/wp-content\/uploads\/2024\/10\/FB_IMG_1729171818813-225x300.jpg 225w, https:\/\/utwstarachowice.pl\/wp-content\/uploads\/2024\/10\/FB_IMG_1729171818813.jpg 1080w\" sizes=\"(max-width: 768px) 100vw, 768px\" \/><\/figure>\n<\/figure>\n\n\n\n<figure class=\"wp-block-gallery has-nested-images columns-default is-cropped wp-block-gallery-3 is-layout-flex wp-block-gallery-is-layout-flex\">\n<figure class=\"wp-block-image size-large\"><img loading=\"lazy\" decoding=\"async\" width=\"768\" height=\"1024\" data-id=\"4460\" src=\"https:\/\/utwstarachowice.pl\/wp-content\/uploads\/2024\/10\/FB_IMG_1729171823580-768x1024.jpg\" alt=\"\" class=\"wp-image-4460\" srcset=\"https:\/\/utwstarachowice.pl\/wp-content\/uploads\/2024\/10\/FB_IMG_1729171823580-768x1024.jpg 768w, https:\/\/utwstarachowice.pl\/wp-content\/uploads\/2024\/10\/FB_IMG_1729171823580-225x300.jpg 225w, https:\/\/utwstarachowice.pl\/wp-content\/uploads\/2024\/10\/FB_IMG_1729171823580.jpg 1080w\" sizes=\"(max-width: 768px) 100vw, 768px\" \/><\/figure>\n<\/figure>\n\n\n\n<figure class=\"wp-block-gallery has-nested-images columns-default is-cropped wp-block-gallery-4 is-layout-flex wp-block-gallery-is-layout-flex\">\n<figure class=\"wp-block-image size-large\"><img loading=\"lazy\" decoding=\"async\" width=\"1024\" height=\"768\" data-id=\"4461\" src=\"https:\/\/utwstarachowice.pl\/wp-content\/uploads\/2024\/10\/FB_IMG_1729171829208-1024x768.jpg\" alt=\"\" class=\"wp-image-4461\" srcset=\"https:\/\/utwstarachowice.pl\/wp-content\/uploads\/2024\/10\/FB_IMG_1729171829208-1024x768.jpg 1024w, https:\/\/utwstarachowice.pl\/wp-content\/uploads\/2024\/10\/FB_IMG_1729171829208-300x225.jpg 300w, https:\/\/utwstarachowice.pl\/wp-content\/uploads\/2024\/10\/FB_IMG_1729171829208-768x576.jpg 768w, https:\/\/utwstarachowice.pl\/wp-content\/uploads\/2024\/10\/FB_IMG_1729171829208.jpg 1080w\" sizes=\"(max-width: 1024px) 100vw, 1024px\" \/><\/figure>\n<\/figure>\n","protected":false},"excerpt":{"rendered":"<p>W dniach 15 &#8211; 16 pa\u017adziernika w Nowym S\u0105czu mia\u0142y miejsce dwa og\u00f3lnopolskie wydarzenia zorganizowane przez Og\u00f3lnopolsk\u0105 Federacj\u0119 Stowarzysze\u0144 Uniwersytet\u00f3w &hellip;<\/p>\n","protected":false},"author":3,"featured_media":0,"comment_status":"open","ping_status":"open","sticky":true,"template":"","format":"standard","meta":{"footnotes":""},"categories":[2],"tags":[],"_links":{"self":[{"href":"https:\/\/utwstarachowice.pl\/index.php?rest_route=\/wp\/v2\/posts\/4457"}],"collection":[{"href":"https:\/\/utwstarachowice.pl\/index.php?rest_route=\/wp\/v2\/posts"}],"about":[{"href":"https:\/\/utwstarachowice.pl\/index.php?rest_route=\/wp\/v2\/types\/post"}],"author":[{"embeddable":true,"href":"https:\/\/utwstarachowice.pl\/index.php?rest_route=\/wp\/v2\/users\/3"}],"replies":[{"embeddable":true,"href":"https:\/\/utwstarachowice.pl\/index.php?rest_route=%2Fwp%2Fv2%2Fcomments&post=4457"}],"version-history":[{"count":1,"href":"https:\/\/utwstarachowice.pl\/index.php?rest_route=\/wp\/v2\/posts\/4457\/revisions"}],"predecessor-version":[{"id":4462,"href":"https:\/\/utwstarachowice.pl\/index.php?rest_route=\/wp\/v2\/posts\/4457\/revisions\/4462"}],"wp:attachment":[{"href":"https:\/\/utwstarachowice.pl\/index.php?rest_route=%2Fwp%2Fv2%2Fmedia&parent=4457"}],"wp:term":[{"taxonomy":"category","embeddable":true,"href":"https:\/\/utwstarachowice.pl\/index.php?rest_route=%2Fwp%2Fv2%2Fcategories&post=4457"},{"taxonomy":"post_tag","embeddable":true,"href":"https:\/\/utwstarachowice.pl\/index.php?rest_route=%2Fwp%2Fv2%2Ftags&post=4457"}],"curies":[{"name":"wp","href":"https:\/\/api.w.org\/{rel}","templated":true}]}}