{"id":443,"date":"2018-04-27T19:55:56","date_gmt":"2018-04-27T17:55:56","guid":{"rendered":"https:\/\/utwstarachowice.pl\/2018\/04\/27\/maj-2018-komunikaty-dla-sluchaczy-utw\/"},"modified":"2018-04-27T19:55:56","modified_gmt":"2018-04-27T17:55:56","slug":"maj-2018-komunikaty-dla-sluchaczy-utw","status":"publish","type":"post","link":"https:\/\/utwstarachowice.pl\/?p=443","title":{"rendered":"MAJ 2018 &#8211; komunikaty dla s\u0142uchaczy UTW"},"content":{"rendered":"<p style=\"margin-bottom: 0cm;\" align=\"CENTER\"><span style=\"font-family: Arial, sans-serif;\"><span lang=\"hi-IN\"><span style=\"text-decoration: underline;\"><strong>Komunikaty dla s<\/strong><\/span><\/span><\/span><span style=\"font-family: Lucida\\ Sans\\ Unicode;\"><span style=\"text-decoration: underline;\"><strong>\u0142<\/strong><\/span><\/span><span style=\"font-family: Arial, sans-serif;\"><span lang=\"hi-IN\"><span style=\"text-decoration: underline;\"><strong>uchaczy UTW &#8211; MAJ 2018r.<\/strong><\/span><\/span><\/span><\/p>\n<p style=\"margin-bottom: 0cm; line-height: 0.18cm;\" lang=\"hi-IN\"><span style=\"font-family: Arial, sans-serif;\"><span style=\"text-decoration: underline;\"><strong>07-05-2018r. <\/strong>(poniedzia\u0142ek) <\/span><\/span><\/p>\n<p style=\"margin-bottom: 0cm; line-height: 0.18cm;\" align=\"JUSTIFY\"><span style=\"font-family: Arial, sans-serif;\"><span lang=\"hi-IN\">Sekcja Edukacji Obywatelskiej <\/span>zaprasza s\u0142uchaczy UTW na spotkanie z pe\u0142nomocnikiem<\/span><\/p>\n<p style=\"margin-bottom: 0cm; line-height: 0.18cm;\" align=\"JUSTIFY\"><span style=\"font-family: Arial, sans-serif;\"> Prezydenta miasta Starachowice Anet\u0105 Nasternak-Kmie\u0107 nt.: Realizacja Gminnego<\/span><\/p>\n<p style=\"margin-bottom: 0cm; line-height: 0.18cm;\" align=\"JUSTIFY\"><span style=\"font-family: Arial, sans-serif;\"> <span lang=\"hi-IN\">Programu rewitalizacji w latach 2016-2025&#8243;, kt\u00f3re odb\u0119dzie si\u0119 w ZDZ-cie (ul. Wojska <\/span><\/span><\/p>\n<p style=\"margin-bottom: 0cm; line-height: 0.18cm;\" align=\"JUSTIFY\"><span style=\"font-family: Arial, sans-serif;\"><span lang=\"hi-IN\">Polskiego) o godz.13.00.<\/span><\/span><\/p>\n<p style=\"margin-bottom: 0cm; line-height: 0.18cm;\" lang=\"hi-IN\" align=\"JUSTIFY\"><span style=\"font-family: Arial, sans-serif;\"><span style=\"text-decoration: underline;\"><strong>09-05-2018r. <\/strong>(\u015broda) <\/span><\/span><\/p>\n<p style=\"margin-bottom: 0cm; line-height: 0.18cm;\" align=\"JUSTIFY\"><span style=\"font-family: Arial, sans-serif;\"><span lang=\"hi-IN\">Spacer od Starachowic do W\u0105chocka z ogniskiem w programie (ok 6 km.) <\/span>Spotkanie <\/span><\/p>\n<p style=\"margin-bottom: 0cm; line-height: 0.18cm;\" align=\"JUSTIFY\"><span style=\"font-family: Arial, sans-serif;\">o godz.9.20 na przystanku MZK &#8222;Bistro&#8221; (przejazd na ko\u0144cowy przystanek linii &#8222;N&#8221;).<\/span><\/p>\n<p style=\"margin-bottom: 0cm; line-height: 0.18cm;\" lang=\"hi-IN\" align=\"JUSTIFY\"><span style=\"font-family: Arial, sans-serif;\"><span style=\"text-decoration: underline;\"><strong>12-05-2018r. <\/strong>(sobota)<\/span><\/span><\/p>\n<p style=\"margin-bottom: 0cm; line-height: 0.18cm;\" lang=\"hi-IN\" align=\"JUSTIFY\"><span style=\"font-family: Arial, sans-serif;\">&#8222;VI Og\u00f3lnopolskiego Rajdu Nordic Walking&#8221;, kt\u00f3ry tradycyjnie organizuje UTW<\/span><\/p>\n<p style=\"margin-bottom: 0cm; line-height: 0.18cm;\" lang=\"hi-IN\" align=\"JUSTIFY\"><span style=\"font-family: Arial, sans-serif;\"> w Wejherowie. Trasa w\u0119dr\u00f3wki \u2013 podobnie, jak 09.05.2018r.- prowadzi od Starachowic do<\/span><\/p>\n<p style=\"margin-bottom: 0cm; line-height: 0.18cm;\" lang=\"hi-IN\" align=\"JUSTIFY\"><span style=\"font-family: Arial, sans-serif;\"> W\u0105chocka z ogniskiem w programie (ok.6km.). Spotkanie o 9.30 na przystanku MZK<\/span><\/p>\n<p style=\"margin-bottom: 0cm; line-height: 0.18cm;\" lang=\"hi-IN\" align=\"JUSTIFY\"><span style=\"font-family: Arial, sans-serif;\"> &#8222;Bistro&#8221; (przejazd na ko\u0144cowy przystanek linii &#8222;N&#8221;). Zapisy ch\u0119tnych i wp\u0142aty (5,- z\u0142 od<\/span><\/p>\n<p style=\"margin-bottom: 0cm; line-height: 0.18cm;\" lang=\"hi-IN\" align=\"JUSTIFY\"><span style=\"font-family: Arial, sans-serif;\"> osoby) od pocz\u0105tku maja w biurze UTW w czasie dy\u017cur\u00f3w (poniedzia\u0142ki, \u015brody, pi\u0105tki od<\/span><\/p>\n<p style=\"margin-bottom: 0cm; line-height: 0.18cm;\" lang=\"hi-IN\" align=\"JUSTIFY\"><span style=\"font-family: Arial, sans-serif;\"> godz. 10.00-12.00) do 11.05.2018r. (pi\u0105tek) w\u0142\u0105cznie.<\/span><\/p>\n<p style=\"margin-bottom: 0cm; line-height: 0.18cm;\" lang=\"hi-IN\" align=\"JUSTIFY\"><span style=\"font-family: Arial, sans-serif;\"><span style=\"text-decoration: underline;\"><strong>14-05-2018r.<\/strong> (poniedzia\u0142ek)<\/span><\/span><\/p>\n<p style=\"margin-bottom: 0cm; line-height: 0.18cm;\" align=\"JUSTIFY\"><span style=\"font-family: Arial, sans-serif;\"><span lang=\"hi-IN\">Sekcja Edukacji Obywatelskiej zapraszana na prelekcj\u0119 <\/span>my\u015bliwego Zygmunta Roka pt.: <\/span><\/p>\n<p style=\"margin-bottom: 0cm; line-height: 0.18cm;\" align=\"JUSTIFY\"><span style=\"font-family: Arial, sans-serif;\">\u201e\u041cy\u015blistwo za i przeciw, zadania my\u015bliwych <span lang=\"hi-IN\">w ochronie fauny i flory&#8221;, kt\u00f3ra odb\u0119dzie si\u0119 w <\/span><\/span><\/p>\n<p style=\"margin-bottom: 0cm; line-height: 0.18cm;\" align=\"JUSTIFY\"><span style=\"font-family: Arial, sans-serif;\"><span lang=\"hi-IN\">ZDZ-cie (ul. Wojska Polskiego) o godz.13.00.<\/span><\/span><\/p>\n<p style=\"margin-bottom: 0cm; line-height: 0.18cm;\" lang=\"hi-IN\" align=\"JUSTIFY\"><span style=\"font-family: Arial, sans-serif;\"><span style=\"text-decoration: underline;\"><strong>16-05-2018r. <\/strong>(\u015broda)<\/span><\/span><\/p>\n<p style=\"margin-bottom: 0cm;\" align=\"JUSTIFY\"><span style=\"font-family: Arial, sans-serif;\">Dyrekcja Szko\u0142y Podstawowe nr 6 im. Obro\u0144c\u00f3w Westerplatte zaprasza na program pt. \u201eMi\u0142o\u015b\u0107 nie jedno ma imi\u0119\u201d w wykonaniu nauczycieli, uczni\u00f3w oraz s\u0142uchaczy Sekcji Edukacji Obywatelskiej Uniwersytetu Trzeciego Wieku, kt\u00f3ry odb\u0119dzie si\u0119 o godz.17,00 w S P nr 6 (ul. Moniuszki 117). <span lang=\"hi-IN\">Dojazd autobusami MPK nr \u201eB\u201d i \u201eN\u201d. <\/span><\/span><\/p>\n<p style=\"margin-bottom: 0cm; line-height: 0.18cm;\" lang=\"hi-IN\"><span style=\"font-family: Arial, sans-serif;\"><span style=\"text-decoration: underline;\"><strong>18-05-2018r. <\/strong>(pi\u0105tek)<\/span><\/span><\/p>\n<p style=\"margin-bottom: 0cm; line-height: 0.18cm;\" lang=\"hi-IN\" align=\"JUSTIFY\"><span style=\"font-family: Arial, sans-serif;\">W du\u017cej sali DDP &#8222;Senior-Wigor&#8221; w galerii &#8222;Ska\u0142ka &#8221; na I pi\u0119trze o godz. 16.15 \u0141ukasz<\/span><\/p>\n<p style=\"margin-bottom: 0cm; line-height: 0.18cm;\" lang=\"hi-IN\" align=\"JUSTIFY\"><span style=\"font-family: Arial, sans-serif;\"> Lam\u017ca, filozof przyrody i popularyzator nauki, specjalizuj\u0105cy si\u0119 w kosmologii, astrofizyce<\/span><\/p>\n<p style=\"margin-bottom: 0cm; line-height: 0.18cm;\" lang=\"hi-IN\" align=\"JUSTIFY\"><span style=\"font-family: Arial, sans-serif;\"> oraz zagadnieniach filozoficznych zwi\u0105zanych z tymi dziedzinami nauk, wyg\u0142osi wyk\u0142ad<\/span><\/p>\n<p style=\"margin-bottom: 0cm; line-height: 0.18cm;\" lang=\"hi-IN\" align=\"JUSTIFY\"><span style=\"font-family: Arial, sans-serif;\"> pt.: &#8222;Od niczego do wszystkiego w 30 prostych krokach&#8221;. Mowa b\u0119dzie o stopniowym <\/span><\/p>\n<p style=\"margin-bottom: 0cm; line-height: 0.18cm;\" lang=\"hi-IN\" align=\"JUSTIFY\"><span style=\"font-family: Arial, sans-serif;\">organizowaniu si\u0119 wszech\u015bwiata, kosmologii, planetach i \u017cyciu.<\/span><\/p>\n<p style=\"margin-bottom: 0cm; line-height: 0.18cm;\" lang=\"hi-IN\" align=\"JUSTIFY\"><span style=\"font-family: Arial, sans-serif;\"><span style=\"text-decoration: underline;\"><strong>19-05-2018 r. <\/strong>(sobota)<\/span><\/span><\/p>\n<p style=\"margin-bottom: 0cm; line-height: 0.18cm;\" lang=\"hi-IN\" align=\"JUSTIFY\"><span style=\"font-family: Arial, sans-serif;\">Zarz\u0105d UTW organizuje aktywn\u0105 form\u0119 sp\u0119dzenia wolnego czasu w plenerze w\u015br\u00f3d<\/span><\/p>\n<p style=\"margin-bottom: 0cm; line-height: 0.18cm;\" lang=\"hi-IN\" align=\"JUSTIFY\"><span style=\"font-family: Arial, sans-serif;\"> r\u00f3\u017cnych grup wiekowych w ramach projektu: &#8222;AKTYWNE \u015aWI\u0118TOKRZYSKIE&#8221;. Spotkanie<\/span><\/p>\n<p style=\"margin-bottom: 0cm; line-height: 0.18cm;\" lang=\"hi-IN\" align=\"JUSTIFY\"><span style=\"font-family: Arial, sans-serif;\"> odb\u0119dzie si\u0119 pod has\u0142em: &#8222;SPORTOWO \u2013 MI\u0118DZYPOKOLENIOWO&#8221; na placu &#8222;Pod<\/span><\/p>\n<p style=\"margin-bottom: 0cm; line-height: 0.18cm;\" lang=\"hi-IN\" align=\"JUSTIFY\"><span style=\"font-family: Arial, sans-serif;\"> Ska\u0142kami&#8221; w godz.10.00 \u2013 13.00. <\/span><\/p>\n<p style=\"margin-bottom: 0cm; line-height: 0.18cm;\" lang=\"hi-IN\" align=\"JUSTIFY\"><span style=\"font-family: Arial, sans-serif;\">W programie b\u0119d\u0105 gry i zabawy sportowe. Ka\u017cdy uczestnik dostanie koszulk\u0119 startow\u0105.<\/span><\/p>\n<p style=\"margin-bottom: 0cm; line-height: 0.18cm;\" lang=\"hi-IN\" align=\"JUSTIFY\"><span style=\"font-family: Arial, sans-serif;\">Przewidziano r\u00f3wnie\u017c pocz\u0119stunek. <strong>Na spotkanie zapraszamy senior\u00f3w z wnukami.<\/strong><\/span><\/p>\n<p style=\"margin-bottom: 0cm; line-height: 0.18cm;\" lang=\"hi-IN\" align=\"JUSTIFY\"><span style=\"font-family: Arial, sans-serif;\">Zapisy w biurze UTW w czasie dy\u017cur\u00f3w (poniedzia\u0142ki, \u015brody, pi\u0105tki w godz 10.00-12.00) <\/span><\/p>\n<p style=\"margin-bottom: 0cm; line-height: 0.18cm;\" lang=\"hi-IN\" align=\"JUSTIFY\"><span style=\"font-family: Arial, sans-serif;\">do 16.05.2018r. w\u0142\u0105cznie.<\/span><\/p>\n<p style=\"margin-bottom: 0cm; line-height: 0.18cm;\" lang=\"hi-IN\" align=\"JUSTIFY\"><a name=\"__DdeLink__0_848579251\"><\/a> <span style=\"font-family: Arial, sans-serif;\"><span style=\"text-decoration: underline;\"><strong>21-05-2018 r. <\/strong>(poniedzia\u0142ek)<\/span><\/span><\/p>\n<p style=\"margin-bottom: 0cm; line-height: 0.18cm;\" lang=\"hi-IN\" align=\"JUSTIFY\"><span style=\"font-family: Arial, sans-serif;\">Wyjazd do Solca na baseny siarczkowe. Zbi\u00f3rka na nowym przystanku autobusowym<\/span><\/p>\n<p style=\"margin-bottom: 0cm; line-height: 0.18cm;\" lang=\"hi-IN\" align=\"JUSTIFY\"><span style=\"font-family: Arial, sans-serif;\"> ko\u0142o galerii &#8222;Ska\u0142ka&#8221; o godz. 7.50. <\/span><\/p>\n<p style=\"margin-bottom: 0cm; line-height: 0.18cm;\" lang=\"hi-IN\" align=\"JUSTIFY\"><span style=\"font-family: Arial, sans-serif;\">Zapisy i op\u0142aty u Haliny Sidor we wtorki w godz.12.00-14.00 w kawiarence internetowej <\/span><\/p>\n<p style=\"margin-bottom: 0cm; line-height: 0.18cm;\" lang=\"hi-IN\" align=\"JUSTIFY\"><span style=\"font-family: Arial, sans-serif;\">&#8222;E-Seniorek&#8221;.<\/span><\/p>\n<p style=\"margin-bottom: 0cm; line-height: 0.18cm;\" lang=\"hi-IN\" align=\"JUSTIFY\"><span style=\"font-family: Arial, sans-serif;\"><span style=\"text-decoration: underline;\"><strong>21-05-2018 r. <\/strong>(poniedzia\u0142ek)<\/span><\/span><\/p>\n<p style=\"margin-bottom: 0cm; line-height: 0.18cm;\" lang=\"hi-IN\" align=\"JUSTIFY\"><span style=\"font-family: Arial, sans-serif;\">Sekcja Edukacji Obywatelskiej zaprasza na spotkanie z Ann\u0105 St\u0119pie\u0144 z Nadle\u015bnictwa<\/span><\/p>\n<p style=\"margin-bottom: 0cm; line-height: 0.18cm;\" lang=\"hi-IN\" align=\"JUSTIFY\"><span style=\"font-family: Arial, sans-serif;\"> Starachowice nt.: &#8222;Zadania le\u015bnik\u00f3w w ochronie przyrody&#8221;, kt\u00f3re odb\u0119dzie si\u0119 w ZDZ-cie<\/span><\/p>\n<p style=\"margin-bottom: 0cm; line-height: 0.18cm;\" lang=\"hi-IN\" align=\"JUSTIFY\"><span style=\"font-family: Arial, sans-serif;\"> (ul. Wojska Polskiego) o godz.13.00.<\/span><\/p>\n<p style=\"margin-bottom: 0cm; line-height: 0.18cm;\" lang=\"hi-IN\" align=\"JUSTIFY\"><span style=\"font-family: Arial, sans-serif;\"><span style=\"text-decoration: underline;\"><strong>23-05-2018 r. (\u015broda) i 26-05-2018r. (sobota)<\/strong><\/span><\/span><\/p>\n<p style=\"margin-bottom: 0cm; line-height: 0.18cm;\" lang=\"hi-IN\" align=\"JUSTIFY\"><span style=\"font-family: Arial, sans-serif;\">Spacer po okolicy Suchedniowa (oko\u0142o 6 km). Spotkanie na stacji PKP Starachowice <\/span><\/p>\n<p style=\"margin-bottom: 0cm; line-height: 0.18cm;\" lang=\"hi-IN\" align=\"JUSTIFY\"><span style=\"font-family: Arial, sans-serif;\">Wsch. o godz. 9.10.<\/span><\/p>\n<p style=\"margin-bottom: 0cm; line-height: 0.18cm;\" lang=\"hi-IN\" align=\"JUSTIFY\"><span style=\"font-family: Arial, sans-serif;\"><span style=\"text-decoration: underline;\"><strong>28-05-2018 r. <\/strong><\/span><span style=\"text-decoration: underline;\">(poniedzia\u0142ek)<\/span><\/span><\/p>\n<p style=\"margin-bottom: 0cm; line-height: 0.18cm;\" align=\"JUSTIFY\"><span style=\"font-family: Arial, sans-serif;\"><span lang=\"hi-IN\">Sekcja Edukacji Obywatelskiej zaprasza na spacer \u015bcie\u017ck\u0105 <\/span>edukacyjn\u0105. Spacer<\/span><\/p>\n<p style=\"margin-bottom: 0cm; line-height: 0.18cm;\" align=\"JUSTIFY\"><span style=\"font-family: Arial, sans-serif;\"> poprowadz\u0105 pracownicy Nadle\u015bnictwa Starachowice. Spotkanie na nowym rondzie przy<\/span><\/p>\n<p style=\"margin-bottom: 0cm; line-height: 0.18cm;\" lang=\"hi-IN\" align=\"JUSTIFY\"><span style=\"font-family: Arial, sans-serif;\"> ul. Szkolnej \/ na parkingu\/ o godz. 11.00.<\/span><\/p>\n<p style=\"line-height: 0.18cm;\" lang=\"hi-IN\" align=\"CENTER\"><span style=\"font-family: Arial, sans-serif;\"><span style=\"font-size: small;\"><span style=\"text-decoration: underline;\"><strong>UWAGA !!!!!<\/strong><\/span><\/span><\/span><\/p>\n<p style=\"margin-bottom: 0cm;\" lang=\"hi-IN\"><span style=\"font-family: Arial, sans-serif;\"><span style=\"font-size: small;\"><strong>8 czerwca 2018r. (pi\u0105tek) Zarz\u0105d UTW organizuje X &#8211; jubileuszowy Rajd Nordic Walking szlakiem 100-lecia Niepodleg\u0142o\u015bci Polski. Trasa rajdu: Starachowice (wyjazd autokarem o godz. 8.00 z nowego przystanku kolo galerii &#8222;Ska\u0142ka&#8221;) do Osin, nast\u0119pnie: Micha\u0142\u00f3w Pakos\u0142awski, Pakos\u0142aw, Starosiedlice, I\u0142\u017ca (rynek). Dok\u0142adniejsze informacje w czerwcowych komunikatach oraz w biurze UTW. Zapisy ch\u0119tnych (53 miejsca) i wp\u0142aty (5,- z\u0142 od osoby) od pocz\u0105tku maja w biurze UTW w czasie dy\u017cur\u00f3w (poniedzia\u0142ki, \u015brody, pi\u0105tki od godz. 10.00-12.00)<\/strong><\/span><\/span><\/p>\n","protected":false},"excerpt":{"rendered":"<p>Komunikaty dla s\u0142uchaczy UTW &#8211; MAJ 2018r. 07-05-2018r. (poniedzia\u0142ek) Sekcja Edukacji Obywatelskiej zaprasza s\u0142uchaczy UTW na spotkanie z pe\u0142nomocnikiem Prezydenta &hellip;<\/p>\n","protected":false},"author":3,"featured_media":0,"comment_status":"open","ping_status":"open","sticky":true,"template":"","format":"standard","meta":{"footnotes":""},"categories":[1],"tags":[],"_links":{"self":[{"href":"https:\/\/utwstarachowice.pl\/index.php?rest_route=\/wp\/v2\/posts\/443"}],"collection":[{"href":"https:\/\/utwstarachowice.pl\/index.php?rest_route=\/wp\/v2\/posts"}],"about":[{"href":"https:\/\/utwstarachowice.pl\/index.php?rest_route=\/wp\/v2\/types\/post"}],"author":[{"embeddable":true,"href":"https:\/\/utwstarachowice.pl\/index.php?rest_route=\/wp\/v2\/users\/3"}],"replies":[{"embeddable":true,"href":"https:\/\/utwstarachowice.pl\/index.php?rest_route=%2Fwp%2Fv2%2Fcomments&post=443"}],"version-history":[{"count":0,"href":"https:\/\/utwstarachowice.pl\/index.php?rest_route=\/wp\/v2\/posts\/443\/revisions"}],"wp:attachment":[{"href":"https:\/\/utwstarachowice.pl\/index.php?rest_route=%2Fwp%2Fv2%2Fmedia&parent=443"}],"wp:term":[{"taxonomy":"category","embeddable":true,"href":"https:\/\/utwstarachowice.pl\/index.php?rest_route=%2Fwp%2Fv2%2Fcategories&post=443"},{"taxonomy":"post_tag","embeddable":true,"href":"https:\/\/utwstarachowice.pl\/index.php?rest_route=%2Fwp%2Fv2%2Ftags&post=443"}],"curies":[{"name":"wp","href":"https:\/\/api.w.org\/{rel}","templated":true}]}}