{"id":4427,"date":"2024-10-13T11:37:04","date_gmt":"2024-10-13T09:37:04","guid":{"rendered":"https:\/\/utwstarachowice.pl\/?p=4427"},"modified":"2024-10-13T11:37:04","modified_gmt":"2024-10-13T09:37:04","slug":"sekcja-przyrodnicza-komunikat","status":"publish","type":"post","link":"https:\/\/utwstarachowice.pl\/?p=4427","title":{"rendered":"Sekcja przyrodnicza &#8211; komunikat"},"content":{"rendered":"\n<p>UWAGA S\u0141UCHACZE UTW W STARACHOWICACH!<\/p>\n\n\n\n<p>Zosta\u0142 zmieniony termin zaj\u0119\u0107 sekcji przyrodniczej.<\/p>\n\n\n\n<p>Obecnie spotkania b\u0119d\u0105 si\u0119 odbywa\u0142y w ka\u017cdy 1 i 3 wtorek miesi\u0105ca o godzinie 11.00 w sali 33 siedziby UTW przy ul.Glinianej 10a.<\/p>\n\n\n\n<p>Zapraszam serdecznie na najbli\u017csze spotkanie 15.10.2024 r.<\/p>\n\n\n\n<p>Temat &#8211; bez zmian &#8222;Z\u0142oto jesieni. Rozpoznajemy gatunki drzew w jesiennej szacie.&#8221; B\u0119dzie kolorowo i naukowo i praktycznie.<\/p>\n\n\n\n<figure class=\"wp-block-gallery has-nested-images columns-default is-cropped wp-block-gallery-1 is-layout-flex wp-block-gallery-is-layout-flex\">\n<figure class=\"wp-block-image size-large\"><img loading=\"lazy\" decoding=\"async\" width=\"380\" height=\"506\" data-id=\"4428\" src=\"https:\/\/utwstarachowice.pl\/wp-content\/uploads\/2024\/10\/FB_IMG_1728409321874.jpg\" alt=\"\" class=\"wp-image-4428\" srcset=\"https:\/\/utwstarachowice.pl\/wp-content\/uploads\/2024\/10\/FB_IMG_1728409321874.jpg 380w, https:\/\/utwstarachowice.pl\/wp-content\/uploads\/2024\/10\/FB_IMG_1728409321874-225x300.jpg 225w\" sizes=\"(max-width: 380px) 100vw, 380px\" \/><\/figure>\n<\/figure>\n\n\n\n<figure class=\"wp-block-gallery has-nested-images columns-default is-cropped wp-block-gallery-2 is-layout-flex wp-block-gallery-is-layout-flex\">\n<figure class=\"wp-block-image size-large\"><img loading=\"lazy\" decoding=\"async\" width=\"675\" height=\"506\" data-id=\"4429\" src=\"https:\/\/utwstarachowice.pl\/wp-content\/uploads\/2024\/10\/FB_IMG_1728409328636.jpg\" alt=\"\" class=\"wp-image-4429\" srcset=\"https:\/\/utwstarachowice.pl\/wp-content\/uploads\/2024\/10\/FB_IMG_1728409328636.jpg 675w, https:\/\/utwstarachowice.pl\/wp-content\/uploads\/2024\/10\/FB_IMG_1728409328636-300x225.jpg 300w\" sizes=\"(max-width: 675px) 100vw, 675px\" \/><\/figure>\n<\/figure>\n","protected":false},"excerpt":{"rendered":"<p>UWAGA S\u0141UCHACZE UTW W STARACHOWICACH! Zosta\u0142 zmieniony termin zaj\u0119\u0107 sekcji przyrodniczej. Obecnie spotkania b\u0119d\u0105 si\u0119 odbywa\u0142y w ka\u017cdy 1 i &hellip;<\/p>\n","protected":false},"author":3,"featured_media":0,"comment_status":"open","ping_status":"open","sticky":true,"template":"","format":"standard","meta":{"footnotes":""},"categories":[2],"tags":[],"_links":{"self":[{"href":"https:\/\/utwstarachowice.pl\/index.php?rest_route=\/wp\/v2\/posts\/4427"}],"collection":[{"href":"https:\/\/utwstarachowice.pl\/index.php?rest_route=\/wp\/v2\/posts"}],"about":[{"href":"https:\/\/utwstarachowice.pl\/index.php?rest_route=\/wp\/v2\/types\/post"}],"author":[{"embeddable":true,"href":"https:\/\/utwstarachowice.pl\/index.php?rest_route=\/wp\/v2\/users\/3"}],"replies":[{"embeddable":true,"href":"https:\/\/utwstarachowice.pl\/index.php?rest_route=%2Fwp%2Fv2%2Fcomments&post=4427"}],"version-history":[{"count":1,"href":"https:\/\/utwstarachowice.pl\/index.php?rest_route=\/wp\/v2\/posts\/4427\/revisions"}],"predecessor-version":[{"id":4430,"href":"https:\/\/utwstarachowice.pl\/index.php?rest_route=\/wp\/v2\/posts\/4427\/revisions\/4430"}],"wp:attachment":[{"href":"https:\/\/utwstarachowice.pl\/index.php?rest_route=%2Fwp%2Fv2%2Fmedia&parent=4427"}],"wp:term":[{"taxonomy":"category","embeddable":true,"href":"https:\/\/utwstarachowice.pl\/index.php?rest_route=%2Fwp%2Fv2%2Fcategories&post=4427"},{"taxonomy":"post_tag","embeddable":true,"href":"https:\/\/utwstarachowice.pl\/index.php?rest_route=%2Fwp%2Fv2%2Ftags&post=4427"}],"curies":[{"name":"wp","href":"https:\/\/api.w.org\/{rel}","templated":true}]}}